{"id":9714,"date":"2022-05-25T09:28:38","date_gmt":"2022-05-25T07:28:38","guid":{"rendered":"https:\/\/iutdijon.u-bourgogne.fr\/www\/?p=9714"},"modified":"2022-05-25T09:30:11","modified_gmt":"2022-05-25T07:30:11","slug":"mobilites-internationales-de-futures-possibilites-en-irlande-pour-liut","status":"publish","type":"post","link":"https:\/\/iutdijon.u-bourgogne.fr\/www\/actualites\/mobilites-internationales-de-futures-possibilites-en-irlande-pour-liut.html","title":{"rendered":"Mobilit\u00e9s internationales : de futures possibilit\u00e9s en Irlande pour l&rsquo;IUT"},"content":{"rendered":"<section class=\"kc-elm kc-css-706948 kc_row\"><div class=\"kc-row-container  kc-container\"><div class=\"kc-wrap-columns\"><div class=\"kc-elm kc-css-790403 kc_col-sm-12 kc_column kc_col-sm-12\"><div class=\"kc-col-container\"><div class=\"kc-elm kc-css-983751 kc_text_block\"><\/p>\n<p><span class=\"chapo\">Ce printemps, deux enseignantes responsables des relations internationales \u00e0 l&rsquo;IUT Dijon-Auxerre, se sont rendues en Irlande pour relancer les partenariats mis \u00e0 mal par la pand\u00e9mie.<\/span><\/p>\n<p>Ce voyage les a conduites dans trois \u00e9tablissements qui ont profit\u00e9 de leur venue pour leur pr\u00e9senter leur nouvelle identit\u00e9. Ainsi GMIT est devenu Atlantic Technological University (ATU), CIT Cork est maintenant Munster Technological University (MTU) tandis que WIT devient South East Technological University (SETU).<\/p>\n<p>Les rencontres qui\u00a0 ont eu lieu lors de ce voyage sont la promesse de belles possibilit\u00e9s d&rsquo;\u00e9change pour les \u00e9tudiants et enseignants de l&rsquo;IUT.<\/p>\n<p>Si vous avez un projet de d\u00e9part, envie de d\u00e9couvrir ce qui est possible pour vous, contactez le service des relations internationales de l&rsquo;IUT : <a href=\"mailto:ri@iut-dijon.u-bourgogne.fr\" title=\"Envoyer un mail au service relations internationales\">ri@iut-dijon.u-bourgogne.fr<\/a><\/p>\n<p>\n<\/div><div class=\"kc-elm kc-css-971537\">\r\n\t<div class=\"kc-carousel_images kc-elm kc-css-971537\">\r\n\t\r\n\t\t<div class=\"kc-carousel-images owl-carousel-images kc-sync1 \" data-owl-i-options='{\"items\":\"1\",\"tablet\":\"1\",\"mobile\":\"1\",\"speed\":\"500\",\"navigation\":\"yes\",\"pagination\":\"yes\",\"autoheight\":\"yes\",\"progressbar\":\"\",\"delay\":\"8\",\"autoplay\":\"yes\",\"showthumb\":\"\",\"num_thumb\":\"5\"}'>\r\n\t\r\n\t\t\t\t\t<div class=\"item\">\r\n\t\r\n\t\t\t\t\t\t\t<img src=\"https:\/\/iutdijon.u-bourgogne.fr\/www\/wp-content\/uploads\/2022\/05\/South-East-Technological-University-scaled.jpg\"  alt=\"\"\/>\r\n\t\r\n\t\t\t\t\r\n\t\t\t<\/div>\r\n\t\r\n\t\t\t\t\t<div class=\"item\">\r\n\t\r\n\t\t\t\t\t\t\t<img src=\"https:\/\/iutdijon.u-bourgogne.fr\/www\/wp-content\/uploads\/2022\/05\/Munster-Technological-University-scaled.jpg\"  alt=\"\"\/>\r\n\t\r\n\t\t\t\t\r\n\t\t\t<\/div>\r\n\t\r\n\t\t\t\t\t<div class=\"item\">\r\n\t\r\n\t\t\t\t\t\t\t<img src=\"https:\/\/iutdijon.u-bourgogne.fr\/www\/wp-content\/uploads\/2022\/05\/Atlantic-Technological-University-scaled.jpg\"  alt=\"\"\/>\r\n\t\r\n\t\t\t\t\r\n\t\t\t<\/div>\r\n\t\r\n\t\t\t\r\n\t\t<\/div>\r\n\t\r\n\t\t\t<\/div>\r\n<\/div>\r\n<\/div><\/div><\/div><\/div><\/section>\n","protected":false},"excerpt":{"rendered":"<p>&hellip;<\/p>\n","protected":false},"author":3185,"featured_media":9716,"comment_status":"open","ping_status":"open","sticky":false,"template":"","format":"standard","meta":{"_lmt_disableupdate":"no","_lmt_disable":"no"},"categories":[458],"tags":[],"acf":[],"yoast_head":"<!-- This site is optimized with the Yoast SEO plugin v17.2 - https:\/\/yoast.com\/wordpress\/plugins\/seo\/ -->\n<meta name=\"robots\" content=\"index, follow, max-snippet:-1, max-image-preview:large, max-video-preview:-1\" \/>\n<link rel=\"canonical\" href=\"https:\/\/iutdijon.u-bourgogne.fr\/www\/actualites\/mobilites-internationales-de-futures-possibilites-en-irlande-pour-liut.html\" \/>\n<meta property=\"og:locale\" content=\"fr_FR\" \/>\n<meta property=\"og:type\" content=\"article\" \/>\n<meta property=\"og:title\" content=\"Mobilit\u00e9s internationales : de futures possibilit\u00e9s en Irlande pour l&#039;IUT &gt; IUT Dijon-Auxerre-Nevers\" \/>\n<meta property=\"og:description\" content=\"Ce printemps, deux enseignantes responsables des relations internationales \u00e0 l&rsquo;IUT Dijon-Auxerre, se sont rendues en Irlande pour relancer les partenariats mis \u00e0 mal par la pand\u00e9mie. Ce voyage les a conduites dans&hellip;\" \/>\n<meta property=\"og:url\" content=\"https:\/\/iutdijon.u-bourgogne.fr\/www\/actualites\/mobilites-internationales-de-futures-possibilites-en-irlande-pour-liut.html\" \/>\n<meta property=\"og:site_name\" content=\"IUT Dijon-Auxerre-Nevers\" \/>\n<meta property=\"article:published_time\" content=\"2022-05-25T07:28:38+00:00\" \/>\n<meta property=\"article:modified_time\" content=\"2022-05-25T07:30:11+00:00\" \/>\n<meta property=\"og:image\" content=\"https:\/\/iutdijon.u-bourgogne.fr\/www\/wp-content\/uploads\/2022\/05\/IMAG_voyage_irlande_2022.jpg\" \/>\n\t<meta property=\"og:image:width\" content=\"800\" \/>\n\t<meta property=\"og:image:height\" content=\"532\" \/>\n<meta name=\"twitter:card\" content=\"summary_large_image\" \/>\n<meta name=\"twitter:label1\" content=\"\u00c9crit par\" \/>\n\t<meta name=\"twitter:data1\" content=\"Jeanne-Marie BORDELOT\" \/>\n\t<meta name=\"twitter:label2\" content=\"Dur\u00e9e de lecture est.\" \/>\n\t<meta name=\"twitter:data2\" content=\"1 minute\" \/>\n<script type=\"application\/ld+json\" class=\"yoast-schema-graph\">{\"@context\":\"https:\/\/schema.org\",\"@graph\":[{\"@type\":\"WebSite\",\"@id\":\"https:\/\/iutdijon.u-bourgogne.fr\/www\/#website\",\"url\":\"https:\/\/iutdijon.u-bourgogne.fr\/www\/\",\"name\":\"IUT Dijon-Auxerre-Nevers\",\"description\":\"L&#039;IUT Dijon-Auxerre-Nevers propose des formations post-bac dans les secteurs Informatique, Tertiaire et Industriel. Il d\\u00e9livre des dipl\\u00f4mes \\u00e0 Bac+3 (Bachelors Universitaires de Technologie ou Licences Professionnelles).\",\"potentialAction\":[{\"@type\":\"SearchAction\",\"target\":{\"@type\":\"EntryPoint\",\"urlTemplate\":\"https:\/\/iutdijon.u-bourgogne.fr\/www\/?s={search_term_string}\"},\"query-input\":\"required name=search_term_string\"}],\"inLanguage\":\"fr-FR\"},{\"@type\":\"ImageObject\",\"@id\":\"https:\/\/iutdijon.u-bourgogne.fr\/www\/actualites\/mobilites-internationales-de-futures-possibilites-en-irlande-pour-liut.html#primaryimage\",\"inLanguage\":\"fr-FR\",\"url\":\"https:\/\/iutdijon.u-bourgogne.fr\/www\/wp-content\/uploads\/2022\/05\/IMAG_voyage_irlande_2022.jpg\",\"contentUrl\":\"https:\/\/iutdijon.u-bourgogne.fr\/www\/wp-content\/uploads\/2022\/05\/IMAG_voyage_irlande_2022.jpg\",\"width\":800,\"height\":532},{\"@type\":\"WebPage\",\"@id\":\"https:\/\/iutdijon.u-bourgogne.fr\/www\/actualites\/mobilites-internationales-de-futures-possibilites-en-irlande-pour-liut.html#webpage\",\"url\":\"https:\/\/iutdijon.u-bourgogne.fr\/www\/actualites\/mobilites-internationales-de-futures-possibilites-en-irlande-pour-liut.html\",\"name\":\"Mobilit\\u00e9s internationales : de futures possibilit\\u00e9s en Irlande pour l'IUT &gt; IUT Dijon-Auxerre-Nevers\",\"isPartOf\":{\"@id\":\"https:\/\/iutdijon.u-bourgogne.fr\/www\/#website\"},\"primaryImageOfPage\":{\"@id\":\"https:\/\/iutdijon.u-bourgogne.fr\/www\/actualites\/mobilites-internationales-de-futures-possibilites-en-irlande-pour-liut.html#primaryimage\"},\"datePublished\":\"2022-05-25T07:28:38+00:00\",\"dateModified\":\"2022-05-25T07:30:11+00:00\",\"author\":{\"@id\":\"https:\/\/iutdijon.u-bourgogne.fr\/www\/#\/schema\/person\/fc0840e606b0fe8198fbc1fc38f254b7\"},\"breadcrumb\":{\"@id\":\"https:\/\/iutdijon.u-bourgogne.fr\/www\/actualites\/mobilites-internationales-de-futures-possibilites-en-irlande-pour-liut.html#breadcrumb\"},\"inLanguage\":\"fr-FR\",\"potentialAction\":[{\"@type\":\"ReadAction\",\"target\":[\"https:\/\/iutdijon.u-bourgogne.fr\/www\/actualites\/mobilites-internationales-de-futures-possibilites-en-irlande-pour-liut.html\"]}]},{\"@type\":\"BreadcrumbList\",\"@id\":\"https:\/\/iutdijon.u-bourgogne.fr\/www\/actualites\/mobilites-internationales-de-futures-possibilites-en-irlande-pour-liut.html#breadcrumb\",\"itemListElement\":[{\"@type\":\"ListItem\",\"position\":1,\"name\":\"Accueil\",\"item\":\"https:\/\/iutdijon.u-bourgogne.fr\/www\/\"},{\"@type\":\"ListItem\",\"position\":2,\"name\":\"Actualit\\u00e9s\",\"item\":\"https:\/\/iutdijon.u-bourgogne.fr\/www\/category\/actualites\"},{\"@type\":\"ListItem\",\"position\":3,\"name\":\"Mobilit\\u00e9s internationales : de futures possibilit\\u00e9s en Irlande pour l&#8217;IUT\"}]},{\"@type\":\"Person\",\"@id\":\"https:\/\/iutdijon.u-bourgogne.fr\/www\/#\/schema\/person\/fc0840e606b0fe8198fbc1fc38f254b7\",\"name\":\"Jeanne-Marie BORDELOT\",\"image\":{\"@type\":\"ImageObject\",\"@id\":\"https:\/\/iutdijon.u-bourgogne.fr\/www\/#personlogo\",\"inLanguage\":\"fr-FR\",\"url\":\"https:\/\/secure.gravatar.com\/avatar\/aba6f04b7ddaa95d23b791bf7fe581fc?s=96&d=mm&r=g\",\"contentUrl\":\"https:\/\/secure.gravatar.com\/avatar\/aba6f04b7ddaa95d23b791bf7fe581fc?s=96&d=mm&r=g\",\"caption\":\"Jeanne-Marie BORDELOT\"},\"url\":\"https:\/\/iutdijon.u-bourgogne.fr\/www\/author\/jmbord\"}]}<\/script>\n<!-- \/ Yoast SEO plugin. -->","yoast_head_json":{"robots":{"index":"index","follow":"follow","max-snippet":"max-snippet:-1","max-image-preview":"max-image-preview:large","max-video-preview":"max-video-preview:-1"},"canonical":"https:\/\/iutdijon.u-bourgogne.fr\/www\/actualites\/mobilites-internationales-de-futures-possibilites-en-irlande-pour-liut.html","og_locale":"fr_FR","og_type":"article","og_title":"Mobilit\u00e9s internationales : de futures possibilit\u00e9s en Irlande pour l'IUT &gt; IUT Dijon-Auxerre-Nevers","og_description":"Ce printemps, deux enseignantes responsables des relations internationales \u00e0 l&rsquo;IUT Dijon-Auxerre, se sont rendues en Irlande pour relancer les partenariats mis \u00e0 mal par la pand\u00e9mie. Ce voyage les a conduites dans&hellip;","og_url":"https:\/\/iutdijon.u-bourgogne.fr\/www\/actualites\/mobilites-internationales-de-futures-possibilites-en-irlande-pour-liut.html","og_site_name":"IUT Dijon-Auxerre-Nevers","article_published_time":"2022-05-25T07:28:38+00:00","article_modified_time":"2022-05-25T07:30:11+00:00","og_image":[{"width":800,"height":532,"url":"https:\/\/iutdijon.u-bourgogne.fr\/www\/wp-content\/uploads\/2022\/05\/IMAG_voyage_irlande_2022.jpg","path":"\/var\/www\/html\/www\/wp-content\/uploads\/2022\/05\/IMAG_voyage_irlande_2022.jpg","size":"full","id":9716,"alt":"","pixels":425600,"type":"image\/jpeg"}],"twitter_card":"summary_large_image","twitter_misc":{"\u00c9crit par":"Jeanne-Marie BORDELOT","Dur\u00e9e de lecture est.":"1 minute"},"schema":{"@context":"https:\/\/schema.org","@graph":[{"@type":"WebSite","@id":"https:\/\/iutdijon.u-bourgogne.fr\/www\/#website","url":"https:\/\/iutdijon.u-bourgogne.fr\/www\/","name":"IUT Dijon-Auxerre-Nevers","description":"L&#039;IUT Dijon-Auxerre-Nevers propose des formations post-bac dans les secteurs Informatique, Tertiaire et Industriel. Il d\u00e9livre des dipl\u00f4mes \u00e0 Bac+3 (Bachelors Universitaires de Technologie ou Licences Professionnelles).","potentialAction":[{"@type":"SearchAction","target":{"@type":"EntryPoint","urlTemplate":"https:\/\/iutdijon.u-bourgogne.fr\/www\/?s={search_term_string}"},"query-input":"required name=search_term_string"}],"inLanguage":"fr-FR"},{"@type":"ImageObject","@id":"https:\/\/iutdijon.u-bourgogne.fr\/www\/actualites\/mobilites-internationales-de-futures-possibilites-en-irlande-pour-liut.html#primaryimage","inLanguage":"fr-FR","url":"https:\/\/iutdijon.u-bourgogne.fr\/www\/wp-content\/uploads\/2022\/05\/IMAG_voyage_irlande_2022.jpg","contentUrl":"https:\/\/iutdijon.u-bourgogne.fr\/www\/wp-content\/uploads\/2022\/05\/IMAG_voyage_irlande_2022.jpg","width":800,"height":532},{"@type":"WebPage","@id":"https:\/\/iutdijon.u-bourgogne.fr\/www\/actualites\/mobilites-internationales-de-futures-possibilites-en-irlande-pour-liut.html#webpage","url":"https:\/\/iutdijon.u-bourgogne.fr\/www\/actualites\/mobilites-internationales-de-futures-possibilites-en-irlande-pour-liut.html","name":"Mobilit\u00e9s internationales : de futures possibilit\u00e9s en Irlande pour l'IUT &gt; IUT Dijon-Auxerre-Nevers","isPartOf":{"@id":"https:\/\/iutdijon.u-bourgogne.fr\/www\/#website"},"primaryImageOfPage":{"@id":"https:\/\/iutdijon.u-bourgogne.fr\/www\/actualites\/mobilites-internationales-de-futures-possibilites-en-irlande-pour-liut.html#primaryimage"},"datePublished":"2022-05-25T07:28:38+00:00","dateModified":"2022-05-25T07:30:11+00:00","author":{"@id":"https:\/\/iutdijon.u-bourgogne.fr\/www\/#\/schema\/person\/fc0840e606b0fe8198fbc1fc38f254b7"},"breadcrumb":{"@id":"https:\/\/iutdijon.u-bourgogne.fr\/www\/actualites\/mobilites-internationales-de-futures-possibilites-en-irlande-pour-liut.html#breadcrumb"},"inLanguage":"fr-FR","potentialAction":[{"@type":"ReadAction","target":["https:\/\/iutdijon.u-bourgogne.fr\/www\/actualites\/mobilites-internationales-de-futures-possibilites-en-irlande-pour-liut.html"]}]},{"@type":"BreadcrumbList","@id":"https:\/\/iutdijon.u-bourgogne.fr\/www\/actualites\/mobilites-internationales-de-futures-possibilites-en-irlande-pour-liut.html#breadcrumb","itemListElement":[{"@type":"ListItem","position":1,"name":"Accueil","item":"https:\/\/iutdijon.u-bourgogne.fr\/www\/"},{"@type":"ListItem","position":2,"name":"Actualit\u00e9s","item":"https:\/\/iutdijon.u-bourgogne.fr\/www\/category\/actualites"},{"@type":"ListItem","position":3,"name":"Mobilit\u00e9s internationales : de futures possibilit\u00e9s en Irlande pour l&#8217;IUT"}]},{"@type":"Person","@id":"https:\/\/iutdijon.u-bourgogne.fr\/www\/#\/schema\/person\/fc0840e606b0fe8198fbc1fc38f254b7","name":"Jeanne-Marie BORDELOT","image":{"@type":"ImageObject","@id":"https:\/\/iutdijon.u-bourgogne.fr\/www\/#personlogo","inLanguage":"fr-FR","url":"https:\/\/secure.gravatar.com\/avatar\/aba6f04b7ddaa95d23b791bf7fe581fc?s=96&d=mm&r=g","contentUrl":"https:\/\/secure.gravatar.com\/avatar\/aba6f04b7ddaa95d23b791bf7fe581fc?s=96&d=mm&r=g","caption":"Jeanne-Marie BORDELOT"},"url":"https:\/\/iutdijon.u-bourgogne.fr\/www\/author\/jmbord"}]}},"modified_by":"Jeanne-Marie BORDELOT","_links":{"self":[{"href":"https:\/\/iutdijon.u-bourgogne.fr\/www\/wp-json\/wp\/v2\/posts\/9714"}],"collection":[{"href":"https:\/\/iutdijon.u-bourgogne.fr\/www\/wp-json\/wp\/v2\/posts"}],"about":[{"href":"https:\/\/iutdijon.u-bourgogne.fr\/www\/wp-json\/wp\/v2\/types\/post"}],"author":[{"embeddable":true,"href":"https:\/\/iutdijon.u-bourgogne.fr\/www\/wp-json\/wp\/v2\/users\/3185"}],"replies":[{"embeddable":true,"href":"https:\/\/iutdijon.u-bourgogne.fr\/www\/wp-json\/wp\/v2\/comments?post=9714"}],"version-history":[{"count":3,"href":"https:\/\/iutdijon.u-bourgogne.fr\/www\/wp-json\/wp\/v2\/posts\/9714\/revisions"}],"predecessor-version":[{"id":9723,"href":"https:\/\/iutdijon.u-bourgogne.fr\/www\/wp-json\/wp\/v2\/posts\/9714\/revisions\/9723"}],"wp:featuredmedia":[{"embeddable":true,"href":"https:\/\/iutdijon.u-bourgogne.fr\/www\/wp-json\/wp\/v2\/media\/9716"}],"wp:attachment":[{"href":"https:\/\/iutdijon.u-bourgogne.fr\/www\/wp-json\/wp\/v2\/media?parent=9714"}],"wp:term":[{"taxonomy":"category","embeddable":true,"href":"https:\/\/iutdijon.u-bourgogne.fr\/www\/wp-json\/wp\/v2\/categories?post=9714"},{"taxonomy":"post_tag","embeddable":true,"href":"https:\/\/iutdijon.u-bourgogne.fr\/www\/wp-json\/wp\/v2\/tags?post=9714"}],"curies":[{"name":"wp","href":"https:\/\/api.w.org\/{rel}","templated":true}]}}