{"id":9494,"date":"2022-03-29T10:35:01","date_gmt":"2022-03-29T08:35:01","guid":{"rendered":"https:\/\/iutdijon.u-bourgogne.fr\/www\/?p=9494"},"modified":"2022-03-23T09:48:02","modified_gmt":"2022-03-23T08:48:02","slug":"datalumni-x-iut-dijon-auxerre-cest-le-grand-jour","status":"publish","type":"post","link":"https:\/\/iutdijon.u-bourgogne.fr\/www\/actualites\/datalumni-x-iut-dijon-auxerre-cest-le-grand-jour.html","title":{"rendered":"Datalumni x IUT Dijon-Auxerre : c&rsquo;est le grand jour !"},"content":{"rendered":"<section class=\"kc-elm kc-css-895721 kc_row\"><div class=\"kc-row-container  kc-container\"><div class=\"kc-wrap-columns\"><div class=\"kc-elm kc-css-250249 kc_col-sm-12 kc_column kc_col-sm-12\"><div class=\"kc-col-container\"><div class=\"kc-elm kc-css-287477 kc_text_block\"><\/p>\n<p><span class=\"chapo\">Lancement de la plateforme Datalumni de l&rsquo;IUT Dijon-Auxerre.<\/span><\/p>\n<p>Afin de garder le lien avec ses anciens \u00e9tudiants (alumni) et de permettre \u00e0 ses \u00e9tudiants de d\u00e9buter leur r\u00e9seau professionnel, l&rsquo;IUT se dote aujourd&rsquo;hui d&rsquo;une plateforme Datalumni.<\/p>\n<p>Elle permettra de mettre en place des relations de mentorat entre les alumni et les \u00e9tudiants et elle sera aussi le lieu d&rsquo;information sur l&#8217;emploi et l&rsquo;insertion professionnelle.<\/p>\n<p>Par ailleurs, un job-board permettra \u00e0 nos entreprises partenaires de diffuser les offres d&rsquo;alternance, stage ou emploi \u00e0 nos \u00e9tudiants et nos alumni.<\/p>\n<p>\u00c9tudiant ou alumni, vous souhaitez vous inscrire ? <a href=\"https:\/\/iutdijonauxerre.datalumni.com\/login\" target=\"_blank\" title=\"Nouvelle fen\u00eatre : Plateforme Datalumni x IUT Dijon-Auxerre\" rel=\"noopener\">Cr\u00e9ez votre compte sur la plateforme.<\/a><\/p>\n<p>\n<\/div><\/div><\/div><\/div><\/div><\/section>\n","protected":false},"excerpt":{"rendered":"<p>&hellip;<\/p>\n","protected":false},"author":3185,"featured_media":9493,"comment_status":"open","ping_status":"open","sticky":false,"template":"","format":"standard","meta":{"_lmt_disableupdate":"","_lmt_disable":""},"categories":[458],"tags":[],"acf":[],"yoast_head":"<!-- This site is optimized with the Yoast SEO plugin v17.2 - https:\/\/yoast.com\/wordpress\/plugins\/seo\/ -->\n<meta name=\"robots\" content=\"index, follow, max-snippet:-1, max-image-preview:large, max-video-preview:-1\" \/>\n<link rel=\"canonical\" href=\"https:\/\/iutdijon.u-bourgogne.fr\/www\/actualites\/datalumni-x-iut-dijon-auxerre-cest-le-grand-jour.html\" \/>\n<meta property=\"og:locale\" content=\"fr_FR\" \/>\n<meta property=\"og:type\" content=\"article\" \/>\n<meta property=\"og:title\" content=\"Datalumni x IUT Dijon-Auxerre : c&#039;est le grand jour ! &gt; IUT Dijon-Auxerre-Nevers\" \/>\n<meta property=\"og:description\" content=\"Lancement de la plateforme Datalumni de l&rsquo;IUT Dijon-Auxerre. Afin de garder le lien avec ses anciens \u00e9tudiants (alumni) et de permettre \u00e0 ses \u00e9tudiants de d\u00e9buter leur r\u00e9seau professionnel, l&rsquo;IUT se dote&hellip;\" \/>\n<meta property=\"og:url\" content=\"https:\/\/iutdijon.u-bourgogne.fr\/www\/actualites\/datalumni-x-iut-dijon-auxerre-cest-le-grand-jour.html\" \/>\n<meta property=\"og:site_name\" content=\"IUT Dijon-Auxerre-Nevers\" \/>\n<meta property=\"article:published_time\" content=\"2022-03-29T08:35:01+00:00\" \/>\n<meta property=\"article:modified_time\" content=\"2022-03-23T08:48:02+00:00\" \/>\n<meta property=\"og:image\" content=\"https:\/\/iutdijon.u-bourgogne.fr\/www\/wp-content\/uploads\/2022\/03\/IMAG_datalumni.jpg\" \/>\n\t<meta property=\"og:image:width\" content=\"543\" \/>\n\t<meta property=\"og:image:height\" content=\"304\" \/>\n<meta name=\"twitter:card\" content=\"summary_large_image\" \/>\n<meta name=\"twitter:label1\" content=\"\u00c9crit par\" \/>\n\t<meta name=\"twitter:data1\" content=\"Jeanne-Marie BORDELOT\" \/>\n\t<meta name=\"twitter:label2\" content=\"Dur\u00e9e de lecture est.\" \/>\n\t<meta name=\"twitter:data2\" content=\"1 minute\" \/>\n<script type=\"application\/ld+json\" class=\"yoast-schema-graph\">{\"@context\":\"https:\/\/schema.org\",\"@graph\":[{\"@type\":\"WebSite\",\"@id\":\"https:\/\/iutdijon.u-bourgogne.fr\/www\/#website\",\"url\":\"https:\/\/iutdijon.u-bourgogne.fr\/www\/\",\"name\":\"IUT Dijon-Auxerre-Nevers\",\"description\":\"L&#039;IUT Dijon-Auxerre-Nevers propose des formations post-bac dans les secteurs Informatique, Tertiaire et Industriel. Il d\\u00e9livre des dipl\\u00f4mes \\u00e0 Bac+3 (Bachelors Universitaires de Technologie ou Licences Professionnelles).\",\"potentialAction\":[{\"@type\":\"SearchAction\",\"target\":{\"@type\":\"EntryPoint\",\"urlTemplate\":\"https:\/\/iutdijon.u-bourgogne.fr\/www\/?s={search_term_string}\"},\"query-input\":\"required name=search_term_string\"}],\"inLanguage\":\"fr-FR\"},{\"@type\":\"ImageObject\",\"@id\":\"https:\/\/iutdijon.u-bourgogne.fr\/www\/actualites\/datalumni-x-iut-dijon-auxerre-cest-le-grand-jour.html#primaryimage\",\"inLanguage\":\"fr-FR\",\"url\":\"https:\/\/iutdijon.u-bourgogne.fr\/www\/wp-content\/uploads\/2022\/03\/IMAG_datalumni.jpg\",\"contentUrl\":\"https:\/\/iutdijon.u-bourgogne.fr\/www\/wp-content\/uploads\/2022\/03\/IMAG_datalumni.jpg\",\"width\":543,\"height\":304},{\"@type\":\"WebPage\",\"@id\":\"https:\/\/iutdijon.u-bourgogne.fr\/www\/actualites\/datalumni-x-iut-dijon-auxerre-cest-le-grand-jour.html#webpage\",\"url\":\"https:\/\/iutdijon.u-bourgogne.fr\/www\/actualites\/datalumni-x-iut-dijon-auxerre-cest-le-grand-jour.html\",\"name\":\"Datalumni x IUT Dijon-Auxerre : c'est le grand jour ! &gt; IUT Dijon-Auxerre-Nevers\",\"isPartOf\":{\"@id\":\"https:\/\/iutdijon.u-bourgogne.fr\/www\/#website\"},\"primaryImageOfPage\":{\"@id\":\"https:\/\/iutdijon.u-bourgogne.fr\/www\/actualites\/datalumni-x-iut-dijon-auxerre-cest-le-grand-jour.html#primaryimage\"},\"datePublished\":\"2022-03-29T08:35:01+00:00\",\"dateModified\":\"2022-03-23T08:48:02+00:00\",\"author\":{\"@id\":\"https:\/\/iutdijon.u-bourgogne.fr\/www\/#\/schema\/person\/fc0840e606b0fe8198fbc1fc38f254b7\"},\"breadcrumb\":{\"@id\":\"https:\/\/iutdijon.u-bourgogne.fr\/www\/actualites\/datalumni-x-iut-dijon-auxerre-cest-le-grand-jour.html#breadcrumb\"},\"inLanguage\":\"fr-FR\",\"potentialAction\":[{\"@type\":\"ReadAction\",\"target\":[\"https:\/\/iutdijon.u-bourgogne.fr\/www\/actualites\/datalumni-x-iut-dijon-auxerre-cest-le-grand-jour.html\"]}]},{\"@type\":\"BreadcrumbList\",\"@id\":\"https:\/\/iutdijon.u-bourgogne.fr\/www\/actualites\/datalumni-x-iut-dijon-auxerre-cest-le-grand-jour.html#breadcrumb\",\"itemListElement\":[{\"@type\":\"ListItem\",\"position\":1,\"name\":\"Accueil\",\"item\":\"https:\/\/iutdijon.u-bourgogne.fr\/www\/\"},{\"@type\":\"ListItem\",\"position\":2,\"name\":\"Actualit\\u00e9s\",\"item\":\"https:\/\/iutdijon.u-bourgogne.fr\/www\/category\/actualites\"},{\"@type\":\"ListItem\",\"position\":3,\"name\":\"Datalumni x IUT Dijon-Auxerre : c&rsquo;est le grand jour !\"}]},{\"@type\":\"Person\",\"@id\":\"https:\/\/iutdijon.u-bourgogne.fr\/www\/#\/schema\/person\/fc0840e606b0fe8198fbc1fc38f254b7\",\"name\":\"Jeanne-Marie BORDELOT\",\"image\":{\"@type\":\"ImageObject\",\"@id\":\"https:\/\/iutdijon.u-bourgogne.fr\/www\/#personlogo\",\"inLanguage\":\"fr-FR\",\"url\":\"https:\/\/secure.gravatar.com\/avatar\/aba6f04b7ddaa95d23b791bf7fe581fc?s=96&d=mm&r=g\",\"contentUrl\":\"https:\/\/secure.gravatar.com\/avatar\/aba6f04b7ddaa95d23b791bf7fe581fc?s=96&d=mm&r=g\",\"caption\":\"Jeanne-Marie BORDELOT\"},\"url\":\"https:\/\/iutdijon.u-bourgogne.fr\/www\/author\/jmbord\"}]}<\/script>\n<!-- \/ Yoast SEO plugin. -->","yoast_head_json":{"robots":{"index":"index","follow":"follow","max-snippet":"max-snippet:-1","max-image-preview":"max-image-preview:large","max-video-preview":"max-video-preview:-1"},"canonical":"https:\/\/iutdijon.u-bourgogne.fr\/www\/actualites\/datalumni-x-iut-dijon-auxerre-cest-le-grand-jour.html","og_locale":"fr_FR","og_type":"article","og_title":"Datalumni x IUT Dijon-Auxerre : c'est le grand jour ! &gt; IUT Dijon-Auxerre-Nevers","og_description":"Lancement de la plateforme Datalumni de l&rsquo;IUT Dijon-Auxerre. Afin de garder le lien avec ses anciens \u00e9tudiants (alumni) et de permettre \u00e0 ses \u00e9tudiants de d\u00e9buter leur r\u00e9seau professionnel, l&rsquo;IUT se dote&hellip;","og_url":"https:\/\/iutdijon.u-bourgogne.fr\/www\/actualites\/datalumni-x-iut-dijon-auxerre-cest-le-grand-jour.html","og_site_name":"IUT Dijon-Auxerre-Nevers","article_published_time":"2022-03-29T08:35:01+00:00","article_modified_time":"2022-03-23T08:48:02+00:00","og_image":[{"width":543,"height":304,"url":"https:\/\/iutdijon.u-bourgogne.fr\/www\/wp-content\/uploads\/2022\/03\/IMAG_datalumni.jpg","path":"\/var\/www\/html\/www\/wp-content\/uploads\/2022\/03\/IMAG_datalumni.jpg","size":"full","id":9493,"alt":"","pixels":165072,"type":"image\/jpeg"}],"twitter_card":"summary_large_image","twitter_misc":{"\u00c9crit par":"Jeanne-Marie BORDELOT","Dur\u00e9e de lecture est.":"1 minute"},"schema":{"@context":"https:\/\/schema.org","@graph":[{"@type":"WebSite","@id":"https:\/\/iutdijon.u-bourgogne.fr\/www\/#website","url":"https:\/\/iutdijon.u-bourgogne.fr\/www\/","name":"IUT Dijon-Auxerre-Nevers","description":"L&#039;IUT Dijon-Auxerre-Nevers propose des formations post-bac dans les secteurs Informatique, Tertiaire et Industriel. Il d\u00e9livre des dipl\u00f4mes \u00e0 Bac+3 (Bachelors Universitaires de Technologie ou Licences Professionnelles).","potentialAction":[{"@type":"SearchAction","target":{"@type":"EntryPoint","urlTemplate":"https:\/\/iutdijon.u-bourgogne.fr\/www\/?s={search_term_string}"},"query-input":"required name=search_term_string"}],"inLanguage":"fr-FR"},{"@type":"ImageObject","@id":"https:\/\/iutdijon.u-bourgogne.fr\/www\/actualites\/datalumni-x-iut-dijon-auxerre-cest-le-grand-jour.html#primaryimage","inLanguage":"fr-FR","url":"https:\/\/iutdijon.u-bourgogne.fr\/www\/wp-content\/uploads\/2022\/03\/IMAG_datalumni.jpg","contentUrl":"https:\/\/iutdijon.u-bourgogne.fr\/www\/wp-content\/uploads\/2022\/03\/IMAG_datalumni.jpg","width":543,"height":304},{"@type":"WebPage","@id":"https:\/\/iutdijon.u-bourgogne.fr\/www\/actualites\/datalumni-x-iut-dijon-auxerre-cest-le-grand-jour.html#webpage","url":"https:\/\/iutdijon.u-bourgogne.fr\/www\/actualites\/datalumni-x-iut-dijon-auxerre-cest-le-grand-jour.html","name":"Datalumni x IUT Dijon-Auxerre : c'est le grand jour ! &gt; IUT Dijon-Auxerre-Nevers","isPartOf":{"@id":"https:\/\/iutdijon.u-bourgogne.fr\/www\/#website"},"primaryImageOfPage":{"@id":"https:\/\/iutdijon.u-bourgogne.fr\/www\/actualites\/datalumni-x-iut-dijon-auxerre-cest-le-grand-jour.html#primaryimage"},"datePublished":"2022-03-29T08:35:01+00:00","dateModified":"2022-03-23T08:48:02+00:00","author":{"@id":"https:\/\/iutdijon.u-bourgogne.fr\/www\/#\/schema\/person\/fc0840e606b0fe8198fbc1fc38f254b7"},"breadcrumb":{"@id":"https:\/\/iutdijon.u-bourgogne.fr\/www\/actualites\/datalumni-x-iut-dijon-auxerre-cest-le-grand-jour.html#breadcrumb"},"inLanguage":"fr-FR","potentialAction":[{"@type":"ReadAction","target":["https:\/\/iutdijon.u-bourgogne.fr\/www\/actualites\/datalumni-x-iut-dijon-auxerre-cest-le-grand-jour.html"]}]},{"@type":"BreadcrumbList","@id":"https:\/\/iutdijon.u-bourgogne.fr\/www\/actualites\/datalumni-x-iut-dijon-auxerre-cest-le-grand-jour.html#breadcrumb","itemListElement":[{"@type":"ListItem","position":1,"name":"Accueil","item":"https:\/\/iutdijon.u-bourgogne.fr\/www\/"},{"@type":"ListItem","position":2,"name":"Actualit\u00e9s","item":"https:\/\/iutdijon.u-bourgogne.fr\/www\/category\/actualites"},{"@type":"ListItem","position":3,"name":"Datalumni x IUT Dijon-Auxerre : c&rsquo;est le grand jour !"}]},{"@type":"Person","@id":"https:\/\/iutdijon.u-bourgogne.fr\/www\/#\/schema\/person\/fc0840e606b0fe8198fbc1fc38f254b7","name":"Jeanne-Marie BORDELOT","image":{"@type":"ImageObject","@id":"https:\/\/iutdijon.u-bourgogne.fr\/www\/#personlogo","inLanguage":"fr-FR","url":"https:\/\/secure.gravatar.com\/avatar\/aba6f04b7ddaa95d23b791bf7fe581fc?s=96&d=mm&r=g","contentUrl":"https:\/\/secure.gravatar.com\/avatar\/aba6f04b7ddaa95d23b791bf7fe581fc?s=96&d=mm&r=g","caption":"Jeanne-Marie BORDELOT"},"url":"https:\/\/iutdijon.u-bourgogne.fr\/www\/author\/jmbord"}]}},"modified_by":"Jeanne-Marie BORDELOT","_links":{"self":[{"href":"https:\/\/iutdijon.u-bourgogne.fr\/www\/wp-json\/wp\/v2\/posts\/9494"}],"collection":[{"href":"https:\/\/iutdijon.u-bourgogne.fr\/www\/wp-json\/wp\/v2\/posts"}],"about":[{"href":"https:\/\/iutdijon.u-bourgogne.fr\/www\/wp-json\/wp\/v2\/types\/post"}],"author":[{"embeddable":true,"href":"https:\/\/iutdijon.u-bourgogne.fr\/www\/wp-json\/wp\/v2\/users\/3185"}],"replies":[{"embeddable":true,"href":"https:\/\/iutdijon.u-bourgogne.fr\/www\/wp-json\/wp\/v2\/comments?post=9494"}],"version-history":[{"count":2,"href":"https:\/\/iutdijon.u-bourgogne.fr\/www\/wp-json\/wp\/v2\/posts\/9494\/revisions"}],"predecessor-version":[{"id":9496,"href":"https:\/\/iutdijon.u-bourgogne.fr\/www\/wp-json\/wp\/v2\/posts\/9494\/revisions\/9496"}],"wp:featuredmedia":[{"embeddable":true,"href":"https:\/\/iutdijon.u-bourgogne.fr\/www\/wp-json\/wp\/v2\/media\/9493"}],"wp:attachment":[{"href":"https:\/\/iutdijon.u-bourgogne.fr\/www\/wp-json\/wp\/v2\/media?parent=9494"}],"wp:term":[{"taxonomy":"category","embeddable":true,"href":"https:\/\/iutdijon.u-bourgogne.fr\/www\/wp-json\/wp\/v2\/categories?post=9494"},{"taxonomy":"post_tag","embeddable":true,"href":"https:\/\/iutdijon.u-bourgogne.fr\/www\/wp-json\/wp\/v2\/tags?post=9494"}],"curies":[{"name":"wp","href":"https:\/\/api.w.org\/{rel}","templated":true}]}}