{"id":9383,"date":"2022-03-01T08:39:46","date_gmt":"2022-03-01T07:39:46","guid":{"rendered":"https:\/\/iutdijon.u-bourgogne.fr\/www\/?p=9383"},"modified":"2022-03-01T08:39:46","modified_gmt":"2022-03-01T07:39:46","slug":"forum-des-metiers-des-industries-le-10-mars-2022-sur-le-campus-dijonnais","status":"publish","type":"post","link":"https:\/\/iutdijon.u-bourgogne.fr\/www\/actualites\/forum-des-metiers-des-industries-le-10-mars-2022-sur-le-campus-dijonnais.html","title":{"rendered":"Forum des m\u00e9tiers des industries le 10 mars 2022 sur le campus dijonnais"},"content":{"rendered":"<section class=\"kc-elm kc-css-894400 kc_row\"><div class=\"kc-row-container  kc-container\"><div class=\"kc-wrap-columns\"><div class=\"kc-elm kc-css-563402 kc_col-sm-12 kc_column kc_col-sm-12\"><div class=\"kc-col-container\"><div class=\"kc-elm kc-css-778282 kc_text_block\"><\/p>\n<p><span class=\"chapo\">Le jeudi 10 mars 2022, de 14h \u00e0 17h30 dans le b\u00e2timent Sciences Mirande, rencontrez une trentaine d&rsquo;entreprises du secteur industriel pour affiner votre projet professionnel et pr\u00e9parer vos candidatures au sein de ces entreprises.<\/span><\/p>\n<p>Organis\u00e9 par le P\u00f4le Formation et Vie Universitaire, ce forum r\u00e9unira des entreprises aussi diverses que Framatome, Bigard, Kelly services industries, Suez, Engie, Constellum extrusions&#8230;<\/p>\n<p><a href=\"https:\/\/ub-link.u-bourgogne.fr\/jobs-stages-emplois\/forums-du-pfvu\/participer-aux-forums-metiers-du-printemps.html\" target=\"_blank\" title=\"Nouvelle fen\u00eatre : Forum M\u00e9tiers du PFVU - uB-link\" rel=\"noopener\">Consultez le programme, la liste d\u00e9taill\u00e9e des entreprises et inscrivez-vous sur uB-link<\/a>.<\/p>\n<p>\n<\/div><\/div><\/div><\/div><\/div><\/section>\n","protected":false},"excerpt":{"rendered":"<p>&hellip;<\/p>\n","protected":false},"author":3185,"featured_media":9386,"comment_status":"open","ping_status":"open","sticky":false,"template":"","format":"standard","meta":{"_lmt_disableupdate":"no","_lmt_disable":"no"},"categories":[458],"tags":[],"acf":[],"yoast_head":"<!-- This site is optimized with the Yoast SEO plugin v17.2 - https:\/\/yoast.com\/wordpress\/plugins\/seo\/ -->\n<meta name=\"robots\" content=\"index, follow, max-snippet:-1, max-image-preview:large, max-video-preview:-1\" \/>\n<link rel=\"canonical\" href=\"https:\/\/iutdijon.u-bourgogne.fr\/www\/actualites\/forum-des-metiers-des-industries-le-10-mars-2022-sur-le-campus-dijonnais.html\" \/>\n<meta property=\"og:locale\" content=\"fr_FR\" \/>\n<meta property=\"og:type\" content=\"article\" \/>\n<meta property=\"og:title\" content=\"Forum des m\u00e9tiers des industries le 10 mars 2022 sur le campus dijonnais &gt; IUT Dijon-Auxerre-Nevers\" \/>\n<meta property=\"og:description\" content=\"Le jeudi 10 mars 2022, de 14h \u00e0 17h30 dans le b\u00e2timent Sciences Mirande, rencontrez une trentaine d&rsquo;entreprises du secteur industriel pour affiner votre projet professionnel et pr\u00e9parer vos candidatures au sein&hellip;\" \/>\n<meta property=\"og:url\" content=\"https:\/\/iutdijon.u-bourgogne.fr\/www\/actualites\/forum-des-metiers-des-industries-le-10-mars-2022-sur-le-campus-dijonnais.html\" \/>\n<meta property=\"og:site_name\" content=\"IUT Dijon-Auxerre-Nevers\" \/>\n<meta property=\"article:published_time\" content=\"2022-03-01T07:39:46+00:00\" \/>\n<meta property=\"og:image\" content=\"https:\/\/iutdijon.u-bourgogne.fr\/www\/wp-content\/uploads\/2022\/02\/IMAG_forum_metiers_iindustries_pfvu_2022.jpg\" \/>\n\t<meta property=\"og:image:width\" content=\"543\" \/>\n\t<meta property=\"og:image:height\" content=\"304\" \/>\n<meta name=\"twitter:card\" content=\"summary_large_image\" \/>\n<meta name=\"twitter:label1\" content=\"\u00c9crit par\" \/>\n\t<meta name=\"twitter:data1\" content=\"Jeanne-Marie BORDELOT\" \/>\n<script type=\"application\/ld+json\" class=\"yoast-schema-graph\">{\"@context\":\"https:\/\/schema.org\",\"@graph\":[{\"@type\":\"WebSite\",\"@id\":\"https:\/\/iutdijon.u-bourgogne.fr\/www\/#website\",\"url\":\"https:\/\/iutdijon.u-bourgogne.fr\/www\/\",\"name\":\"IUT Dijon-Auxerre-Nevers\",\"description\":\"L&#039;IUT Dijon-Auxerre-Nevers propose des formations post-bac dans les secteurs Informatique, Tertiaire et Industriel. Il d\\u00e9livre des dipl\\u00f4mes \\u00e0 Bac+3 (Bachelors Universitaires de Technologie ou Licences Professionnelles).\",\"potentialAction\":[{\"@type\":\"SearchAction\",\"target\":{\"@type\":\"EntryPoint\",\"urlTemplate\":\"https:\/\/iutdijon.u-bourgogne.fr\/www\/?s={search_term_string}\"},\"query-input\":\"required name=search_term_string\"}],\"inLanguage\":\"fr-FR\"},{\"@type\":\"ImageObject\",\"@id\":\"https:\/\/iutdijon.u-bourgogne.fr\/www\/actualites\/forum-des-metiers-des-industries-le-10-mars-2022-sur-le-campus-dijonnais.html#primaryimage\",\"inLanguage\":\"fr-FR\",\"url\":\"https:\/\/iutdijon.u-bourgogne.fr\/www\/wp-content\/uploads\/2022\/02\/IMAG_forum_metiers_iindustries_pfvu_2022.jpg\",\"contentUrl\":\"https:\/\/iutdijon.u-bourgogne.fr\/www\/wp-content\/uploads\/2022\/02\/IMAG_forum_metiers_iindustries_pfvu_2022.jpg\",\"width\":543,\"height\":304},{\"@type\":\"WebPage\",\"@id\":\"https:\/\/iutdijon.u-bourgogne.fr\/www\/actualites\/forum-des-metiers-des-industries-le-10-mars-2022-sur-le-campus-dijonnais.html#webpage\",\"url\":\"https:\/\/iutdijon.u-bourgogne.fr\/www\/actualites\/forum-des-metiers-des-industries-le-10-mars-2022-sur-le-campus-dijonnais.html\",\"name\":\"Forum des m\\u00e9tiers des industries le 10 mars 2022 sur le campus dijonnais &gt; IUT Dijon-Auxerre-Nevers\",\"isPartOf\":{\"@id\":\"https:\/\/iutdijon.u-bourgogne.fr\/www\/#website\"},\"primaryImageOfPage\":{\"@id\":\"https:\/\/iutdijon.u-bourgogne.fr\/www\/actualites\/forum-des-metiers-des-industries-le-10-mars-2022-sur-le-campus-dijonnais.html#primaryimage\"},\"datePublished\":\"2022-03-01T07:39:46+00:00\",\"dateModified\":\"2022-03-01T07:39:46+00:00\",\"author\":{\"@id\":\"https:\/\/iutdijon.u-bourgogne.fr\/www\/#\/schema\/person\/fc0840e606b0fe8198fbc1fc38f254b7\"},\"breadcrumb\":{\"@id\":\"https:\/\/iutdijon.u-bourgogne.fr\/www\/actualites\/forum-des-metiers-des-industries-le-10-mars-2022-sur-le-campus-dijonnais.html#breadcrumb\"},\"inLanguage\":\"fr-FR\",\"potentialAction\":[{\"@type\":\"ReadAction\",\"target\":[\"https:\/\/iutdijon.u-bourgogne.fr\/www\/actualites\/forum-des-metiers-des-industries-le-10-mars-2022-sur-le-campus-dijonnais.html\"]}]},{\"@type\":\"BreadcrumbList\",\"@id\":\"https:\/\/iutdijon.u-bourgogne.fr\/www\/actualites\/forum-des-metiers-des-industries-le-10-mars-2022-sur-le-campus-dijonnais.html#breadcrumb\",\"itemListElement\":[{\"@type\":\"ListItem\",\"position\":1,\"name\":\"Accueil\",\"item\":\"https:\/\/iutdijon.u-bourgogne.fr\/www\/\"},{\"@type\":\"ListItem\",\"position\":2,\"name\":\"Actualit\\u00e9s\",\"item\":\"https:\/\/iutdijon.u-bourgogne.fr\/www\/category\/actualites\"},{\"@type\":\"ListItem\",\"position\":3,\"name\":\"Forum des m\\u00e9tiers des industries le 10 mars 2022 sur le campus dijonnais\"}]},{\"@type\":\"Person\",\"@id\":\"https:\/\/iutdijon.u-bourgogne.fr\/www\/#\/schema\/person\/fc0840e606b0fe8198fbc1fc38f254b7\",\"name\":\"Jeanne-Marie BORDELOT\",\"image\":{\"@type\":\"ImageObject\",\"@id\":\"https:\/\/iutdijon.u-bourgogne.fr\/www\/#personlogo\",\"inLanguage\":\"fr-FR\",\"url\":\"https:\/\/secure.gravatar.com\/avatar\/aba6f04b7ddaa95d23b791bf7fe581fc?s=96&d=mm&r=g\",\"contentUrl\":\"https:\/\/secure.gravatar.com\/avatar\/aba6f04b7ddaa95d23b791bf7fe581fc?s=96&d=mm&r=g\",\"caption\":\"Jeanne-Marie BORDELOT\"},\"url\":\"https:\/\/iutdijon.u-bourgogne.fr\/www\/author\/jmbord\"}]}<\/script>\n<!-- \/ Yoast SEO plugin. -->","yoast_head_json":{"robots":{"index":"index","follow":"follow","max-snippet":"max-snippet:-1","max-image-preview":"max-image-preview:large","max-video-preview":"max-video-preview:-1"},"canonical":"https:\/\/iutdijon.u-bourgogne.fr\/www\/actualites\/forum-des-metiers-des-industries-le-10-mars-2022-sur-le-campus-dijonnais.html","og_locale":"fr_FR","og_type":"article","og_title":"Forum des m\u00e9tiers des industries le 10 mars 2022 sur le campus dijonnais &gt; IUT Dijon-Auxerre-Nevers","og_description":"Le jeudi 10 mars 2022, de 14h \u00e0 17h30 dans le b\u00e2timent Sciences Mirande, rencontrez une trentaine d&rsquo;entreprises du secteur industriel pour affiner votre projet professionnel et pr\u00e9parer vos candidatures au sein&hellip;","og_url":"https:\/\/iutdijon.u-bourgogne.fr\/www\/actualites\/forum-des-metiers-des-industries-le-10-mars-2022-sur-le-campus-dijonnais.html","og_site_name":"IUT Dijon-Auxerre-Nevers","article_published_time":"2022-03-01T07:39:46+00:00","og_image":[{"width":543,"height":304,"url":"https:\/\/iutdijon.u-bourgogne.fr\/www\/wp-content\/uploads\/2022\/02\/IMAG_forum_metiers_iindustries_pfvu_2022.jpg","path":"\/var\/www\/html\/www\/wp-content\/uploads\/2022\/02\/IMAG_forum_metiers_iindustries_pfvu_2022.jpg","size":"full","id":9386,"alt":"","pixels":165072,"type":"image\/jpeg"}],"twitter_card":"summary_large_image","twitter_misc":{"\u00c9crit par":"Jeanne-Marie BORDELOT"},"schema":{"@context":"https:\/\/schema.org","@graph":[{"@type":"WebSite","@id":"https:\/\/iutdijon.u-bourgogne.fr\/www\/#website","url":"https:\/\/iutdijon.u-bourgogne.fr\/www\/","name":"IUT Dijon-Auxerre-Nevers","description":"L&#039;IUT Dijon-Auxerre-Nevers propose des formations post-bac dans les secteurs Informatique, Tertiaire et Industriel. Il d\u00e9livre des dipl\u00f4mes \u00e0 Bac+3 (Bachelors Universitaires de Technologie ou Licences Professionnelles).","potentialAction":[{"@type":"SearchAction","target":{"@type":"EntryPoint","urlTemplate":"https:\/\/iutdijon.u-bourgogne.fr\/www\/?s={search_term_string}"},"query-input":"required name=search_term_string"}],"inLanguage":"fr-FR"},{"@type":"ImageObject","@id":"https:\/\/iutdijon.u-bourgogne.fr\/www\/actualites\/forum-des-metiers-des-industries-le-10-mars-2022-sur-le-campus-dijonnais.html#primaryimage","inLanguage":"fr-FR","url":"https:\/\/iutdijon.u-bourgogne.fr\/www\/wp-content\/uploads\/2022\/02\/IMAG_forum_metiers_iindustries_pfvu_2022.jpg","contentUrl":"https:\/\/iutdijon.u-bourgogne.fr\/www\/wp-content\/uploads\/2022\/02\/IMAG_forum_metiers_iindustries_pfvu_2022.jpg","width":543,"height":304},{"@type":"WebPage","@id":"https:\/\/iutdijon.u-bourgogne.fr\/www\/actualites\/forum-des-metiers-des-industries-le-10-mars-2022-sur-le-campus-dijonnais.html#webpage","url":"https:\/\/iutdijon.u-bourgogne.fr\/www\/actualites\/forum-des-metiers-des-industries-le-10-mars-2022-sur-le-campus-dijonnais.html","name":"Forum des m\u00e9tiers des industries le 10 mars 2022 sur le campus dijonnais &gt; IUT Dijon-Auxerre-Nevers","isPartOf":{"@id":"https:\/\/iutdijon.u-bourgogne.fr\/www\/#website"},"primaryImageOfPage":{"@id":"https:\/\/iutdijon.u-bourgogne.fr\/www\/actualites\/forum-des-metiers-des-industries-le-10-mars-2022-sur-le-campus-dijonnais.html#primaryimage"},"datePublished":"2022-03-01T07:39:46+00:00","dateModified":"2022-03-01T07:39:46+00:00","author":{"@id":"https:\/\/iutdijon.u-bourgogne.fr\/www\/#\/schema\/person\/fc0840e606b0fe8198fbc1fc38f254b7"},"breadcrumb":{"@id":"https:\/\/iutdijon.u-bourgogne.fr\/www\/actualites\/forum-des-metiers-des-industries-le-10-mars-2022-sur-le-campus-dijonnais.html#breadcrumb"},"inLanguage":"fr-FR","potentialAction":[{"@type":"ReadAction","target":["https:\/\/iutdijon.u-bourgogne.fr\/www\/actualites\/forum-des-metiers-des-industries-le-10-mars-2022-sur-le-campus-dijonnais.html"]}]},{"@type":"BreadcrumbList","@id":"https:\/\/iutdijon.u-bourgogne.fr\/www\/actualites\/forum-des-metiers-des-industries-le-10-mars-2022-sur-le-campus-dijonnais.html#breadcrumb","itemListElement":[{"@type":"ListItem","position":1,"name":"Accueil","item":"https:\/\/iutdijon.u-bourgogne.fr\/www\/"},{"@type":"ListItem","position":2,"name":"Actualit\u00e9s","item":"https:\/\/iutdijon.u-bourgogne.fr\/www\/category\/actualites"},{"@type":"ListItem","position":3,"name":"Forum des m\u00e9tiers des industries le 10 mars 2022 sur le campus dijonnais"}]},{"@type":"Person","@id":"https:\/\/iutdijon.u-bourgogne.fr\/www\/#\/schema\/person\/fc0840e606b0fe8198fbc1fc38f254b7","name":"Jeanne-Marie BORDELOT","image":{"@type":"ImageObject","@id":"https:\/\/iutdijon.u-bourgogne.fr\/www\/#personlogo","inLanguage":"fr-FR","url":"https:\/\/secure.gravatar.com\/avatar\/aba6f04b7ddaa95d23b791bf7fe581fc?s=96&d=mm&r=g","contentUrl":"https:\/\/secure.gravatar.com\/avatar\/aba6f04b7ddaa95d23b791bf7fe581fc?s=96&d=mm&r=g","caption":"Jeanne-Marie BORDELOT"},"url":"https:\/\/iutdijon.u-bourgogne.fr\/www\/author\/jmbord"}]}},"modified_by":"Jeanne-Marie BORDELOT","_links":{"self":[{"href":"https:\/\/iutdijon.u-bourgogne.fr\/www\/wp-json\/wp\/v2\/posts\/9383"}],"collection":[{"href":"https:\/\/iutdijon.u-bourgogne.fr\/www\/wp-json\/wp\/v2\/posts"}],"about":[{"href":"https:\/\/iutdijon.u-bourgogne.fr\/www\/wp-json\/wp\/v2\/types\/post"}],"author":[{"embeddable":true,"href":"https:\/\/iutdijon.u-bourgogne.fr\/www\/wp-json\/wp\/v2\/users\/3185"}],"replies":[{"embeddable":true,"href":"https:\/\/iutdijon.u-bourgogne.fr\/www\/wp-json\/wp\/v2\/comments?post=9383"}],"version-history":[{"count":2,"href":"https:\/\/iutdijon.u-bourgogne.fr\/www\/wp-json\/wp\/v2\/posts\/9383\/revisions"}],"predecessor-version":[{"id":9387,"href":"https:\/\/iutdijon.u-bourgogne.fr\/www\/wp-json\/wp\/v2\/posts\/9383\/revisions\/9387"}],"wp:featuredmedia":[{"embeddable":true,"href":"https:\/\/iutdijon.u-bourgogne.fr\/www\/wp-json\/wp\/v2\/media\/9386"}],"wp:attachment":[{"href":"https:\/\/iutdijon.u-bourgogne.fr\/www\/wp-json\/wp\/v2\/media?parent=9383"}],"wp:term":[{"taxonomy":"category","embeddable":true,"href":"https:\/\/iutdijon.u-bourgogne.fr\/www\/wp-json\/wp\/v2\/categories?post=9383"},{"taxonomy":"post_tag","embeddable":true,"href":"https:\/\/iutdijon.u-bourgogne.fr\/www\/wp-json\/wp\/v2\/tags?post=9383"}],"curies":[{"name":"wp","href":"https:\/\/api.w.org\/{rel}","templated":true}]}}