{"id":9344,"date":"2022-02-14T14:19:45","date_gmt":"2022-02-14T13:19:45","guid":{"rendered":"https:\/\/iutdijon.u-bourgogne.fr\/www\/?p=9344"},"modified":"2022-02-14T14:19:45","modified_gmt":"2022-02-14T13:19:45","slug":"tous-en-tandem-pour-un-job-riche-de-sens","status":"publish","type":"post","link":"https:\/\/iutdijon.u-bourgogne.fr\/www\/actualites\/tous-en-tandem-pour-un-job-riche-de-sens.html","title":{"rendered":"Tous en Tandem pour un job riche de sens !"},"content":{"rendered":"<section class=\"kc-elm kc-css-820411 kc_row\"><div class=\"kc-row-container  kc-container\"><div class=\"kc-wrap-columns\"><div class=\"kc-elm kc-css-55072 kc_col-sm-12 kc_column kc_col-sm-12\"><div class=\"kc-col-container\"><div class=\"kc-elm kc-css-934685 kc_text_block\"><\/p>\n<p style=\"text-align: left;\"><span class=\"chapo\">Envie d&rsquo;am\u00e9liorer vos comp\u00e9tences sociales et civiques, en prise de parole, en adaptabilit\u00e9, en animation ou encore en entreprenariat ?<\/span><\/p>\n<p style=\"text-align: left;\">C&rsquo;est possible gr\u00e2ce \u00e0 <a href=\"https:\/\/tousentandem.com\/\" target=\"_blank\" rel=\"noopener\" title=\"nouvelle fen\u00eatre : tous en tandem\">Tous en Tandem<\/a>, une entreprise de l&rsquo;\u00e9conomie sociale et solidaire \u00e0 la recherche d&rsquo;\u00e9tudiant(e)s dynamiques, curieux et bienveillant(e)s pour animer\u00a0des\u00a0ateliers culturels\u00a0aupr\u00e8s\u00a0de\u00a0seniors\u00a0en structure (EHPAD\/R\u00e9sidence autonomie, R\u00e9sidence services\u00a0seniors, etc.).<\/p>\n<p style=\"text-align: left;\">Alors si vous \u00eates \u00e9tudiant et que vous cherchez un job flexible selon vos disponibilit\u00e9s, vous pouvez participer aux missions ponctuelles de <a href=\"https:\/\/tousentandem.com\/\" target=\"_blank\" rel=\"noopener\" title=\"nouvelle fen\u00eatre : tous en tandem\">Tous en Tandem<\/a> : des ateliers d&rsquo;une dur\u00e9e de 1h30 ont lieu tous les 15 jours ou toutes les semaines. Vous serez accompagn\u00e9 et form\u00e9 \u00e0 l&rsquo;animation aupr\u00e8s des seniors par <a href=\"https:\/\/tousentandem.com\/\" target=\"_blank\" rel=\"noopener\" title=\"nouvelle fen\u00eatre : tous en tandem\">Tous en Tandem<\/a> et un kit d&rsquo;animations culturelles intuitif vous sera fourni.\u00a0<\/p>\n<p style=\"text-align: left;\">Ces missions n\u00e9cessitent le statut d\u2019auto-entrepreneur. Vous serez accompagn\u00e9 dans vos d\u00e9marches pour obtenir ce statut.\u00a0<\/p>\n<p style=\"text-align: left;\">Pour en savoir plus et candidater, rendez-vous sur le <a href=\"https:\/\/tousentandem.com\/\" target=\"_blank\" rel=\"noopener\" title=\"nouvelle fen\u00eatre : tous en tandem\">site Tous en Tandem<\/a>.\u00a0<\/p>\n<p>\n<\/div><\/div><\/div><\/div><\/div><\/section>\n","protected":false},"excerpt":{"rendered":"<p>&hellip;<\/p>\n","protected":false},"author":3185,"featured_media":9346,"comment_status":"open","ping_status":"open","sticky":false,"template":"","format":"standard","meta":{"_lmt_disableupdate":"no","_lmt_disable":"no"},"categories":[458],"tags":[],"acf":[],"yoast_head":"<!-- This site is optimized with the Yoast SEO plugin v17.2 - https:\/\/yoast.com\/wordpress\/plugins\/seo\/ -->\n<meta name=\"robots\" content=\"index, follow, max-snippet:-1, max-image-preview:large, max-video-preview:-1\" \/>\n<link rel=\"canonical\" href=\"https:\/\/iutdijon.u-bourgogne.fr\/www\/actualites\/tous-en-tandem-pour-un-job-riche-de-sens.html\" \/>\n<meta property=\"og:locale\" content=\"fr_FR\" \/>\n<meta property=\"og:type\" content=\"article\" \/>\n<meta property=\"og:title\" content=\"Tous en Tandem pour un job riche de sens ! &gt; IUT Dijon-Auxerre-Nevers\" \/>\n<meta property=\"og:description\" content=\"Envie d&rsquo;am\u00e9liorer vos comp\u00e9tences sociales et civiques, en prise de parole, en adaptabilit\u00e9, en animation ou encore en entreprenariat ? C&rsquo;est possible gr\u00e2ce \u00e0 Tous en Tandem, une entreprise de l&rsquo;\u00e9conomie sociale&hellip;\" \/>\n<meta property=\"og:url\" content=\"https:\/\/iutdijon.u-bourgogne.fr\/www\/actualites\/tous-en-tandem-pour-un-job-riche-de-sens.html\" \/>\n<meta property=\"og:site_name\" content=\"IUT Dijon-Auxerre-Nevers\" \/>\n<meta property=\"article:published_time\" content=\"2022-02-14T13:19:45+00:00\" \/>\n<meta property=\"og:image\" content=\"https:\/\/iutdijon.u-bourgogne.fr\/www\/wp-content\/uploads\/2022\/02\/Tous-en-tandem.png\" \/>\n\t<meta property=\"og:image:width\" content=\"351\" \/>\n\t<meta property=\"og:image:height\" content=\"197\" \/>\n<meta name=\"twitter:card\" content=\"summary_large_image\" \/>\n<meta name=\"twitter:label1\" content=\"\u00c9crit par\" \/>\n\t<meta name=\"twitter:data1\" content=\"Jeanne-Marie BORDELOT\" \/>\n\t<meta name=\"twitter:label2\" content=\"Dur\u00e9e de lecture est.\" \/>\n\t<meta name=\"twitter:data2\" content=\"1 minute\" \/>\n<script type=\"application\/ld+json\" class=\"yoast-schema-graph\">{\"@context\":\"https:\/\/schema.org\",\"@graph\":[{\"@type\":\"WebSite\",\"@id\":\"https:\/\/iutdijon.u-bourgogne.fr\/www\/#website\",\"url\":\"https:\/\/iutdijon.u-bourgogne.fr\/www\/\",\"name\":\"IUT Dijon-Auxerre-Nevers\",\"description\":\"L&#039;IUT Dijon-Auxerre-Nevers propose des formations post-bac dans les secteurs Informatique, Tertiaire et Industriel. Il d\\u00e9livre des dipl\\u00f4mes \\u00e0 Bac+3 (Bachelors Universitaires de Technologie ou Licences Professionnelles).\",\"potentialAction\":[{\"@type\":\"SearchAction\",\"target\":{\"@type\":\"EntryPoint\",\"urlTemplate\":\"https:\/\/iutdijon.u-bourgogne.fr\/www\/?s={search_term_string}\"},\"query-input\":\"required name=search_term_string\"}],\"inLanguage\":\"fr-FR\"},{\"@type\":\"ImageObject\",\"@id\":\"https:\/\/iutdijon.u-bourgogne.fr\/www\/actualites\/tous-en-tandem-pour-un-job-riche-de-sens.html#primaryimage\",\"inLanguage\":\"fr-FR\",\"url\":\"https:\/\/iutdijon.u-bourgogne.fr\/www\/wp-content\/uploads\/2022\/02\/Tous-en-tandem.png\",\"contentUrl\":\"https:\/\/iutdijon.u-bourgogne.fr\/www\/wp-content\/uploads\/2022\/02\/Tous-en-tandem.png\",\"width\":351,\"height\":197},{\"@type\":\"WebPage\",\"@id\":\"https:\/\/iutdijon.u-bourgogne.fr\/www\/actualites\/tous-en-tandem-pour-un-job-riche-de-sens.html#webpage\",\"url\":\"https:\/\/iutdijon.u-bourgogne.fr\/www\/actualites\/tous-en-tandem-pour-un-job-riche-de-sens.html\",\"name\":\"Tous en Tandem pour un job riche de sens ! &gt; IUT Dijon-Auxerre-Nevers\",\"isPartOf\":{\"@id\":\"https:\/\/iutdijon.u-bourgogne.fr\/www\/#website\"},\"primaryImageOfPage\":{\"@id\":\"https:\/\/iutdijon.u-bourgogne.fr\/www\/actualites\/tous-en-tandem-pour-un-job-riche-de-sens.html#primaryimage\"},\"datePublished\":\"2022-02-14T13:19:45+00:00\",\"dateModified\":\"2022-02-14T13:19:45+00:00\",\"author\":{\"@id\":\"https:\/\/iutdijon.u-bourgogne.fr\/www\/#\/schema\/person\/fc0840e606b0fe8198fbc1fc38f254b7\"},\"breadcrumb\":{\"@id\":\"https:\/\/iutdijon.u-bourgogne.fr\/www\/actualites\/tous-en-tandem-pour-un-job-riche-de-sens.html#breadcrumb\"},\"inLanguage\":\"fr-FR\",\"potentialAction\":[{\"@type\":\"ReadAction\",\"target\":[\"https:\/\/iutdijon.u-bourgogne.fr\/www\/actualites\/tous-en-tandem-pour-un-job-riche-de-sens.html\"]}]},{\"@type\":\"BreadcrumbList\",\"@id\":\"https:\/\/iutdijon.u-bourgogne.fr\/www\/actualites\/tous-en-tandem-pour-un-job-riche-de-sens.html#breadcrumb\",\"itemListElement\":[{\"@type\":\"ListItem\",\"position\":1,\"name\":\"Accueil\",\"item\":\"https:\/\/iutdijon.u-bourgogne.fr\/www\/\"},{\"@type\":\"ListItem\",\"position\":2,\"name\":\"Actualit\\u00e9s\",\"item\":\"https:\/\/iutdijon.u-bourgogne.fr\/www\/category\/actualites\"},{\"@type\":\"ListItem\",\"position\":3,\"name\":\"Tous en Tandem pour un job riche de sens !\"}]},{\"@type\":\"Person\",\"@id\":\"https:\/\/iutdijon.u-bourgogne.fr\/www\/#\/schema\/person\/fc0840e606b0fe8198fbc1fc38f254b7\",\"name\":\"Jeanne-Marie BORDELOT\",\"image\":{\"@type\":\"ImageObject\",\"@id\":\"https:\/\/iutdijon.u-bourgogne.fr\/www\/#personlogo\",\"inLanguage\":\"fr-FR\",\"url\":\"https:\/\/secure.gravatar.com\/avatar\/aba6f04b7ddaa95d23b791bf7fe581fc?s=96&d=mm&r=g\",\"contentUrl\":\"https:\/\/secure.gravatar.com\/avatar\/aba6f04b7ddaa95d23b791bf7fe581fc?s=96&d=mm&r=g\",\"caption\":\"Jeanne-Marie BORDELOT\"},\"url\":\"https:\/\/iutdijon.u-bourgogne.fr\/www\/author\/jmbord\"}]}<\/script>\n<!-- \/ Yoast SEO plugin. -->","yoast_head_json":{"robots":{"index":"index","follow":"follow","max-snippet":"max-snippet:-1","max-image-preview":"max-image-preview:large","max-video-preview":"max-video-preview:-1"},"canonical":"https:\/\/iutdijon.u-bourgogne.fr\/www\/actualites\/tous-en-tandem-pour-un-job-riche-de-sens.html","og_locale":"fr_FR","og_type":"article","og_title":"Tous en Tandem pour un job riche de sens ! &gt; IUT Dijon-Auxerre-Nevers","og_description":"Envie d&rsquo;am\u00e9liorer vos comp\u00e9tences sociales et civiques, en prise de parole, en adaptabilit\u00e9, en animation ou encore en entreprenariat ? C&rsquo;est possible gr\u00e2ce \u00e0 Tous en Tandem, une entreprise de l&rsquo;\u00e9conomie sociale&hellip;","og_url":"https:\/\/iutdijon.u-bourgogne.fr\/www\/actualites\/tous-en-tandem-pour-un-job-riche-de-sens.html","og_site_name":"IUT Dijon-Auxerre-Nevers","article_published_time":"2022-02-14T13:19:45+00:00","og_image":[{"width":351,"height":197,"url":"https:\/\/iutdijon.u-bourgogne.fr\/www\/wp-content\/uploads\/2022\/02\/Tous-en-tandem.png","path":"\/var\/www\/html\/www\/wp-content\/uploads\/2022\/02\/Tous-en-tandem.png","size":"full","id":9346,"alt":"","pixels":69147,"type":"image\/png"}],"twitter_card":"summary_large_image","twitter_misc":{"\u00c9crit par":"Jeanne-Marie BORDELOT","Dur\u00e9e de lecture est.":"1 minute"},"schema":{"@context":"https:\/\/schema.org","@graph":[{"@type":"WebSite","@id":"https:\/\/iutdijon.u-bourgogne.fr\/www\/#website","url":"https:\/\/iutdijon.u-bourgogne.fr\/www\/","name":"IUT Dijon-Auxerre-Nevers","description":"L&#039;IUT Dijon-Auxerre-Nevers propose des formations post-bac dans les secteurs Informatique, Tertiaire et Industriel. Il d\u00e9livre des dipl\u00f4mes \u00e0 Bac+3 (Bachelors Universitaires de Technologie ou Licences Professionnelles).","potentialAction":[{"@type":"SearchAction","target":{"@type":"EntryPoint","urlTemplate":"https:\/\/iutdijon.u-bourgogne.fr\/www\/?s={search_term_string}"},"query-input":"required name=search_term_string"}],"inLanguage":"fr-FR"},{"@type":"ImageObject","@id":"https:\/\/iutdijon.u-bourgogne.fr\/www\/actualites\/tous-en-tandem-pour-un-job-riche-de-sens.html#primaryimage","inLanguage":"fr-FR","url":"https:\/\/iutdijon.u-bourgogne.fr\/www\/wp-content\/uploads\/2022\/02\/Tous-en-tandem.png","contentUrl":"https:\/\/iutdijon.u-bourgogne.fr\/www\/wp-content\/uploads\/2022\/02\/Tous-en-tandem.png","width":351,"height":197},{"@type":"WebPage","@id":"https:\/\/iutdijon.u-bourgogne.fr\/www\/actualites\/tous-en-tandem-pour-un-job-riche-de-sens.html#webpage","url":"https:\/\/iutdijon.u-bourgogne.fr\/www\/actualites\/tous-en-tandem-pour-un-job-riche-de-sens.html","name":"Tous en Tandem pour un job riche de sens ! &gt; IUT Dijon-Auxerre-Nevers","isPartOf":{"@id":"https:\/\/iutdijon.u-bourgogne.fr\/www\/#website"},"primaryImageOfPage":{"@id":"https:\/\/iutdijon.u-bourgogne.fr\/www\/actualites\/tous-en-tandem-pour-un-job-riche-de-sens.html#primaryimage"},"datePublished":"2022-02-14T13:19:45+00:00","dateModified":"2022-02-14T13:19:45+00:00","author":{"@id":"https:\/\/iutdijon.u-bourgogne.fr\/www\/#\/schema\/person\/fc0840e606b0fe8198fbc1fc38f254b7"},"breadcrumb":{"@id":"https:\/\/iutdijon.u-bourgogne.fr\/www\/actualites\/tous-en-tandem-pour-un-job-riche-de-sens.html#breadcrumb"},"inLanguage":"fr-FR","potentialAction":[{"@type":"ReadAction","target":["https:\/\/iutdijon.u-bourgogne.fr\/www\/actualites\/tous-en-tandem-pour-un-job-riche-de-sens.html"]}]},{"@type":"BreadcrumbList","@id":"https:\/\/iutdijon.u-bourgogne.fr\/www\/actualites\/tous-en-tandem-pour-un-job-riche-de-sens.html#breadcrumb","itemListElement":[{"@type":"ListItem","position":1,"name":"Accueil","item":"https:\/\/iutdijon.u-bourgogne.fr\/www\/"},{"@type":"ListItem","position":2,"name":"Actualit\u00e9s","item":"https:\/\/iutdijon.u-bourgogne.fr\/www\/category\/actualites"},{"@type":"ListItem","position":3,"name":"Tous en Tandem pour un job riche de sens !"}]},{"@type":"Person","@id":"https:\/\/iutdijon.u-bourgogne.fr\/www\/#\/schema\/person\/fc0840e606b0fe8198fbc1fc38f254b7","name":"Jeanne-Marie BORDELOT","image":{"@type":"ImageObject","@id":"https:\/\/iutdijon.u-bourgogne.fr\/www\/#personlogo","inLanguage":"fr-FR","url":"https:\/\/secure.gravatar.com\/avatar\/aba6f04b7ddaa95d23b791bf7fe581fc?s=96&d=mm&r=g","contentUrl":"https:\/\/secure.gravatar.com\/avatar\/aba6f04b7ddaa95d23b791bf7fe581fc?s=96&d=mm&r=g","caption":"Jeanne-Marie BORDELOT"},"url":"https:\/\/iutdijon.u-bourgogne.fr\/www\/author\/jmbord"}]}},"modified_by":null,"_links":{"self":[{"href":"https:\/\/iutdijon.u-bourgogne.fr\/www\/wp-json\/wp\/v2\/posts\/9344"}],"collection":[{"href":"https:\/\/iutdijon.u-bourgogne.fr\/www\/wp-json\/wp\/v2\/posts"}],"about":[{"href":"https:\/\/iutdijon.u-bourgogne.fr\/www\/wp-json\/wp\/v2\/types\/post"}],"author":[{"embeddable":true,"href":"https:\/\/iutdijon.u-bourgogne.fr\/www\/wp-json\/wp\/v2\/users\/3185"}],"replies":[{"embeddable":true,"href":"https:\/\/iutdijon.u-bourgogne.fr\/www\/wp-json\/wp\/v2\/comments?post=9344"}],"version-history":[{"count":4,"href":"https:\/\/iutdijon.u-bourgogne.fr\/www\/wp-json\/wp\/v2\/posts\/9344\/revisions"}],"predecessor-version":[{"id":9352,"href":"https:\/\/iutdijon.u-bourgogne.fr\/www\/wp-json\/wp\/v2\/posts\/9344\/revisions\/9352"}],"wp:featuredmedia":[{"embeddable":true,"href":"https:\/\/iutdijon.u-bourgogne.fr\/www\/wp-json\/wp\/v2\/media\/9346"}],"wp:attachment":[{"href":"https:\/\/iutdijon.u-bourgogne.fr\/www\/wp-json\/wp\/v2\/media?parent=9344"}],"wp:term":[{"taxonomy":"category","embeddable":true,"href":"https:\/\/iutdijon.u-bourgogne.fr\/www\/wp-json\/wp\/v2\/categories?post=9344"},{"taxonomy":"post_tag","embeddable":true,"href":"https:\/\/iutdijon.u-bourgogne.fr\/www\/wp-json\/wp\/v2\/tags?post=9344"}],"curies":[{"name":"wp","href":"https:\/\/api.w.org\/{rel}","templated":true}]}}