{"id":7952,"date":"2021-09-23T11:24:40","date_gmt":"2021-09-23T09:24:40","guid":{"rendered":"https:\/\/iutdijon.u-bourgogne.fr\/www\/?p=7952"},"modified":"2022-01-31T11:20:34","modified_gmt":"2022-01-31T10:20:34","slug":"la-fresque-du-climat-des-gaco1","status":"publish","type":"post","link":"https:\/\/iutdijon.u-bourgogne.fr\/www\/actualites\/la-fresque-du-climat-des-gaco1.html","title":{"rendered":"La fresque du Climat des GACO1"},"content":{"rendered":"<p><section class=\"kc-elm kc-css-909599 kc_row\"><div class=\"kc-row-container  kc-container\"><div class=\"kc-wrap-columns\"><div class=\"kc-elm kc-css-781046 kc_col-sm-12 kc_column kc_col-sm-12\"><div class=\"kc-col-container\"><div class=\"kc-elm kc-css-60612 kc_text_block\"><\/p>\n<p>Dans le cadre du Festival des solutions \u00e9cologiques qui s&rsquo;est d\u00e9roul\u00e9 du 6 au 12 septembre 2021, les \u00e9tudiants de premi\u00e8re ann\u00e9e du B.U.T. GACO de l&rsquo;IUT Dijon-Auxerre ont r\u00e9alis\u00e9 une fresque du Climat.<\/p>\n<p>\n<\/div><\/div><\/div><\/div><\/div><\/section><section class=\"kc-elm kc-css-121104 kc_row\"><div class=\"kc-row-container  kc-container\"><div class=\"kc-wrap-columns\"><div class=\"kc-elm kc-css-52425 kc_col-sm-4 kc_column kc_col-sm-4\"><div class=\"kc-col-container\"><div class=\"kc-elm kc-css-904500\" style=\"height: 50px; clear: both; width:100%;\"><\/div><div class=\"kc-elm kc-css-397557 kc_shortcode kc_single_image\">\r\n\r\n        <img src=\"https:\/\/iutdijon.u-bourgogne.fr\/www\/wp-content\/uploads\/2021\/09\/DSC_0008.jpg\" class=\"\" alt=\"\" \/>    <\/div>\r\n<\/div><\/div><div id=\"gk-sidebar\" class=\"kc-elm kc-css-928307 kc_col-sm-8 kc_column kc_col-sm-8\"><div class=\"kc-col-container\"><div class=\"kc-elm kc-css-429553 kc_text_block\"><\/p>\n<p>La fresque du Climat est une animation qui permet de prendre conscience des enjeux du changement climatique actuel.<br \/>\nLes \u00e9tudiants on r\u00e9alis\u00e9 par groupe deux fresques en pla\u00e7ant des cartes \u00e9voquant chacune un \u00e9l\u00e9ment du climat en les ordonnant selon leur impact sur le climat pour faire ressortir un syst\u00e8me de cause \u00e0 effet.<\/p>\n<p>\n<\/div>\n<div class=\"kc-elm kc-css-82283 kc-testimo kc-testi-layout-2\">\n\n\t<div class=\"content-title\">Margaux nous raconte sa fresque du Climat<\/div><div class=\"content-desc\">\"Ce fut tr\u00e8s int\u00e9ressant car nous avons pu voir comment l'Homme participe \u00e0 sa destruction. Cela nous a fait r\u00e9aliser que le climat se d\u00e9grade tr\u00e8s vite et qu'il faut r\u00e9agir !\"<\/div>\n<\/div>\n<div class=\"kc-elm kc-css-64571\" style=\"height: 20px; clear: both; width:100%;\"><\/div><div class=\"kc-elm kc-css-115819 kc_text_block\"><\/p>\n<p>Ensuite, les \u00e9tudiants ont discut\u00e9 pour trouver les actes que chacun peut accomplir pour participer \u00e0 la lutte contre le r\u00e9chauffement climatique, comme par exemple le fait d&rsquo;acheter de seconde main ou encore changer son mode de d\u00e9placement pour un moyen de transport plus respectueux de l&rsquo;environnement.<\/p>\n<p>\n<\/div><\/div><\/div><\/div><\/div><\/section><section class=\"kc-elm kc-css-952595 kc_row\"><div class=\"kc-row-container  kc-container\"><div class=\"kc-wrap-columns\"><div class=\"kc-elm kc-css-82345 kc_col-sm-12 kc_column kc_col-sm-12\"><div class=\"kc-col-container\">\n<div class=\"kc-elm kc-css-239368 kc-testimo kc-testi-layout-2\">\n\n\t<div class=\"content-title\">T\u00e9moignage d:apos:Alice<\/div><div class=\"content-desc\">\" J'ai trouv\u00e9 cette activit\u00e9 tr\u00e8s int\u00e9ressante puisque celle-ci nous permet de nous rendre compte de la r\u00e9alit\u00e9 des choses et des \u00e9v\u00e8nements. Je trouve \u00e9galement que la forme de l'activit\u00e9 est un tr\u00e8s bon choix. En effet on ne se rend pas compte tout de suite que ce que l'on fait a autant d'impact sur notre plan\u00e8te.\"<\/div>\n<\/div>\n<\/div><\/div><\/div><\/div><\/section><\/p>\n","protected":false},"excerpt":{"rendered":"<p>&hellip;<\/p>\n","protected":false},"author":3185,"featured_media":7961,"comment_status":"open","ping_status":"open","sticky":false,"template":"","format":"standard","meta":{"_lmt_disableupdate":"no","_lmt_disable":"no"},"categories":[458],"tags":[],"acf":[],"yoast_head":"<!-- This site is optimized with the Yoast SEO plugin v17.2 - https:\/\/yoast.com\/wordpress\/plugins\/seo\/ -->\n<meta name=\"robots\" content=\"index, follow, max-snippet:-1, max-image-preview:large, max-video-preview:-1\" \/>\n<link rel=\"canonical\" href=\"https:\/\/iutdijon.u-bourgogne.fr\/www\/actualites\/la-fresque-du-climat-des-gaco1.html\" \/>\n<meta property=\"og:locale\" content=\"fr_FR\" \/>\n<meta property=\"og:type\" content=\"article\" \/>\n<meta property=\"og:title\" content=\"La fresque du Climat des GACO1 &gt; IUT Dijon-Auxerre-Nevers\" \/>\n<meta property=\"og:description\" content=\"Dans le cadre du Festival des solutions \u00e9cologiques qui s&rsquo;est d\u00e9roul\u00e9 du 6 au 12 septembre 2021, les \u00e9tudiants de premi\u00e8re ann\u00e9e du B.U.T. GACO de l&rsquo;IUT Dijon-Auxerre ont r\u00e9alis\u00e9 une fresque&hellip;\" \/>\n<meta property=\"og:url\" content=\"https:\/\/iutdijon.u-bourgogne.fr\/www\/actualites\/la-fresque-du-climat-des-gaco1.html\" \/>\n<meta property=\"og:site_name\" content=\"IUT Dijon-Auxerre-Nevers\" \/>\n<meta property=\"article:published_time\" content=\"2021-09-23T09:24:40+00:00\" \/>\n<meta property=\"article:modified_time\" content=\"2022-01-31T10:20:34+00:00\" \/>\n<meta property=\"og:image\" content=\"https:\/\/iutdijon.u-bourgogne.fr\/www\/wp-content\/uploads\/2021\/09\/IMAG_actu_fresque_climat_2021_09_24.jpg\" \/>\n\t<meta property=\"og:image:width\" content=\"543\" \/>\n\t<meta property=\"og:image:height\" content=\"304\" \/>\n<meta name=\"twitter:card\" content=\"summary_large_image\" \/>\n<meta name=\"twitter:label1\" content=\"\u00c9crit par\" \/>\n\t<meta name=\"twitter:data1\" content=\"Jeanne-Marie BORDELOT\" \/>\n\t<meta name=\"twitter:label2\" content=\"Dur\u00e9e de lecture est.\" \/>\n\t<meta name=\"twitter:data2\" content=\"1 minute\" \/>\n<script type=\"application\/ld+json\" class=\"yoast-schema-graph\">{\"@context\":\"https:\/\/schema.org\",\"@graph\":[{\"@type\":\"WebSite\",\"@id\":\"https:\/\/iutdijon.u-bourgogne.fr\/www\/#website\",\"url\":\"https:\/\/iutdijon.u-bourgogne.fr\/www\/\",\"name\":\"IUT Dijon-Auxerre-Nevers\",\"description\":\"L&#039;IUT Dijon-Auxerre-Nevers propose des formations post-bac dans les secteurs Informatique, Tertiaire et Industriel. Il d\\u00e9livre des dipl\\u00f4mes \\u00e0 Bac+3 (Bachelors Universitaires de Technologie ou Licences Professionnelles).\",\"potentialAction\":[{\"@type\":\"SearchAction\",\"target\":{\"@type\":\"EntryPoint\",\"urlTemplate\":\"https:\/\/iutdijon.u-bourgogne.fr\/www\/?s={search_term_string}\"},\"query-input\":\"required name=search_term_string\"}],\"inLanguage\":\"fr-FR\"},{\"@type\":\"ImageObject\",\"@id\":\"https:\/\/iutdijon.u-bourgogne.fr\/www\/actualites\/la-fresque-du-climat-des-gaco1.html#primaryimage\",\"inLanguage\":\"fr-FR\",\"url\":\"https:\/\/iutdijon.u-bourgogne.fr\/www\/wp-content\/uploads\/2021\/09\/IMAG_actu_fresque_climat_2021_09_24.jpg\",\"contentUrl\":\"https:\/\/iutdijon.u-bourgogne.fr\/www\/wp-content\/uploads\/2021\/09\/IMAG_actu_fresque_climat_2021_09_24.jpg\",\"width\":543,\"height\":304},{\"@type\":\"WebPage\",\"@id\":\"https:\/\/iutdijon.u-bourgogne.fr\/www\/actualites\/la-fresque-du-climat-des-gaco1.html#webpage\",\"url\":\"https:\/\/iutdijon.u-bourgogne.fr\/www\/actualites\/la-fresque-du-climat-des-gaco1.html\",\"name\":\"La fresque du Climat des GACO1 &gt; IUT Dijon-Auxerre-Nevers\",\"isPartOf\":{\"@id\":\"https:\/\/iutdijon.u-bourgogne.fr\/www\/#website\"},\"primaryImageOfPage\":{\"@id\":\"https:\/\/iutdijon.u-bourgogne.fr\/www\/actualites\/la-fresque-du-climat-des-gaco1.html#primaryimage\"},\"datePublished\":\"2021-09-23T09:24:40+00:00\",\"dateModified\":\"2022-01-31T10:20:34+00:00\",\"author\":{\"@id\":\"https:\/\/iutdijon.u-bourgogne.fr\/www\/#\/schema\/person\/fc0840e606b0fe8198fbc1fc38f254b7\"},\"breadcrumb\":{\"@id\":\"https:\/\/iutdijon.u-bourgogne.fr\/www\/actualites\/la-fresque-du-climat-des-gaco1.html#breadcrumb\"},\"inLanguage\":\"fr-FR\",\"potentialAction\":[{\"@type\":\"ReadAction\",\"target\":[\"https:\/\/iutdijon.u-bourgogne.fr\/www\/actualites\/la-fresque-du-climat-des-gaco1.html\"]}]},{\"@type\":\"BreadcrumbList\",\"@id\":\"https:\/\/iutdijon.u-bourgogne.fr\/www\/actualites\/la-fresque-du-climat-des-gaco1.html#breadcrumb\",\"itemListElement\":[{\"@type\":\"ListItem\",\"position\":1,\"name\":\"Accueil\",\"item\":\"https:\/\/iutdijon.u-bourgogne.fr\/www\/\"},{\"@type\":\"ListItem\",\"position\":2,\"name\":\"Actualit\\u00e9s\",\"item\":\"https:\/\/iutdijon.u-bourgogne.fr\/www\/category\/actualites\"},{\"@type\":\"ListItem\",\"position\":3,\"name\":\"La fresque du Climat des GACO1\"}]},{\"@type\":\"Person\",\"@id\":\"https:\/\/iutdijon.u-bourgogne.fr\/www\/#\/schema\/person\/fc0840e606b0fe8198fbc1fc38f254b7\",\"name\":\"Jeanne-Marie BORDELOT\",\"image\":{\"@type\":\"ImageObject\",\"@id\":\"https:\/\/iutdijon.u-bourgogne.fr\/www\/#personlogo\",\"inLanguage\":\"fr-FR\",\"url\":\"https:\/\/secure.gravatar.com\/avatar\/aba6f04b7ddaa95d23b791bf7fe581fc?s=96&d=mm&r=g\",\"contentUrl\":\"https:\/\/secure.gravatar.com\/avatar\/aba6f04b7ddaa95d23b791bf7fe581fc?s=96&d=mm&r=g\",\"caption\":\"Jeanne-Marie BORDELOT\"},\"url\":\"https:\/\/iutdijon.u-bourgogne.fr\/www\/author\/jmbord\"}]}<\/script>\n<!-- \/ Yoast SEO plugin. -->","yoast_head_json":{"robots":{"index":"index","follow":"follow","max-snippet":"max-snippet:-1","max-image-preview":"max-image-preview:large","max-video-preview":"max-video-preview:-1"},"canonical":"https:\/\/iutdijon.u-bourgogne.fr\/www\/actualites\/la-fresque-du-climat-des-gaco1.html","og_locale":"fr_FR","og_type":"article","og_title":"La fresque du Climat des GACO1 &gt; IUT Dijon-Auxerre-Nevers","og_description":"Dans le cadre du Festival des solutions \u00e9cologiques qui s&rsquo;est d\u00e9roul\u00e9 du 6 au 12 septembre 2021, les \u00e9tudiants de premi\u00e8re ann\u00e9e du B.U.T. GACO de l&rsquo;IUT Dijon-Auxerre ont r\u00e9alis\u00e9 une fresque&hellip;","og_url":"https:\/\/iutdijon.u-bourgogne.fr\/www\/actualites\/la-fresque-du-climat-des-gaco1.html","og_site_name":"IUT Dijon-Auxerre-Nevers","article_published_time":"2021-09-23T09:24:40+00:00","article_modified_time":"2022-01-31T10:20:34+00:00","og_image":[{"width":543,"height":304,"url":"https:\/\/iutdijon.u-bourgogne.fr\/www\/wp-content\/uploads\/2021\/09\/IMAG_actu_fresque_climat_2021_09_24.jpg","path":"\/var\/www\/html\/www\/wp-content\/uploads\/2021\/09\/IMAG_actu_fresque_climat_2021_09_24.jpg","size":"full","id":7961,"alt":"","pixels":165072,"type":"image\/jpeg"}],"twitter_card":"summary_large_image","twitter_misc":{"\u00c9crit par":"Jeanne-Marie BORDELOT","Dur\u00e9e de lecture est.":"1 minute"},"schema":{"@context":"https:\/\/schema.org","@graph":[{"@type":"WebSite","@id":"https:\/\/iutdijon.u-bourgogne.fr\/www\/#website","url":"https:\/\/iutdijon.u-bourgogne.fr\/www\/","name":"IUT Dijon-Auxerre-Nevers","description":"L&#039;IUT Dijon-Auxerre-Nevers propose des formations post-bac dans les secteurs Informatique, Tertiaire et Industriel. Il d\u00e9livre des dipl\u00f4mes \u00e0 Bac+3 (Bachelors Universitaires de Technologie ou Licences Professionnelles).","potentialAction":[{"@type":"SearchAction","target":{"@type":"EntryPoint","urlTemplate":"https:\/\/iutdijon.u-bourgogne.fr\/www\/?s={search_term_string}"},"query-input":"required name=search_term_string"}],"inLanguage":"fr-FR"},{"@type":"ImageObject","@id":"https:\/\/iutdijon.u-bourgogne.fr\/www\/actualites\/la-fresque-du-climat-des-gaco1.html#primaryimage","inLanguage":"fr-FR","url":"https:\/\/iutdijon.u-bourgogne.fr\/www\/wp-content\/uploads\/2021\/09\/IMAG_actu_fresque_climat_2021_09_24.jpg","contentUrl":"https:\/\/iutdijon.u-bourgogne.fr\/www\/wp-content\/uploads\/2021\/09\/IMAG_actu_fresque_climat_2021_09_24.jpg","width":543,"height":304},{"@type":"WebPage","@id":"https:\/\/iutdijon.u-bourgogne.fr\/www\/actualites\/la-fresque-du-climat-des-gaco1.html#webpage","url":"https:\/\/iutdijon.u-bourgogne.fr\/www\/actualites\/la-fresque-du-climat-des-gaco1.html","name":"La fresque du Climat des GACO1 &gt; IUT Dijon-Auxerre-Nevers","isPartOf":{"@id":"https:\/\/iutdijon.u-bourgogne.fr\/www\/#website"},"primaryImageOfPage":{"@id":"https:\/\/iutdijon.u-bourgogne.fr\/www\/actualites\/la-fresque-du-climat-des-gaco1.html#primaryimage"},"datePublished":"2021-09-23T09:24:40+00:00","dateModified":"2022-01-31T10:20:34+00:00","author":{"@id":"https:\/\/iutdijon.u-bourgogne.fr\/www\/#\/schema\/person\/fc0840e606b0fe8198fbc1fc38f254b7"},"breadcrumb":{"@id":"https:\/\/iutdijon.u-bourgogne.fr\/www\/actualites\/la-fresque-du-climat-des-gaco1.html#breadcrumb"},"inLanguage":"fr-FR","potentialAction":[{"@type":"ReadAction","target":["https:\/\/iutdijon.u-bourgogne.fr\/www\/actualites\/la-fresque-du-climat-des-gaco1.html"]}]},{"@type":"BreadcrumbList","@id":"https:\/\/iutdijon.u-bourgogne.fr\/www\/actualites\/la-fresque-du-climat-des-gaco1.html#breadcrumb","itemListElement":[{"@type":"ListItem","position":1,"name":"Accueil","item":"https:\/\/iutdijon.u-bourgogne.fr\/www\/"},{"@type":"ListItem","position":2,"name":"Actualit\u00e9s","item":"https:\/\/iutdijon.u-bourgogne.fr\/www\/category\/actualites"},{"@type":"ListItem","position":3,"name":"La fresque du Climat des GACO1"}]},{"@type":"Person","@id":"https:\/\/iutdijon.u-bourgogne.fr\/www\/#\/schema\/person\/fc0840e606b0fe8198fbc1fc38f254b7","name":"Jeanne-Marie BORDELOT","image":{"@type":"ImageObject","@id":"https:\/\/iutdijon.u-bourgogne.fr\/www\/#personlogo","inLanguage":"fr-FR","url":"https:\/\/secure.gravatar.com\/avatar\/aba6f04b7ddaa95d23b791bf7fe581fc?s=96&d=mm&r=g","contentUrl":"https:\/\/secure.gravatar.com\/avatar\/aba6f04b7ddaa95d23b791bf7fe581fc?s=96&d=mm&r=g","caption":"Jeanne-Marie BORDELOT"},"url":"https:\/\/iutdijon.u-bourgogne.fr\/www\/author\/jmbord"}]}},"modified_by":"Jeanne-Marie BORDELOT","_links":{"self":[{"href":"https:\/\/iutdijon.u-bourgogne.fr\/www\/wp-json\/wp\/v2\/posts\/7952"}],"collection":[{"href":"https:\/\/iutdijon.u-bourgogne.fr\/www\/wp-json\/wp\/v2\/posts"}],"about":[{"href":"https:\/\/iutdijon.u-bourgogne.fr\/www\/wp-json\/wp\/v2\/types\/post"}],"author":[{"embeddable":true,"href":"https:\/\/iutdijon.u-bourgogne.fr\/www\/wp-json\/wp\/v2\/users\/3185"}],"replies":[{"embeddable":true,"href":"https:\/\/iutdijon.u-bourgogne.fr\/www\/wp-json\/wp\/v2\/comments?post=7952"}],"version-history":[{"count":14,"href":"https:\/\/iutdijon.u-bourgogne.fr\/www\/wp-json\/wp\/v2\/posts\/7952\/revisions"}],"predecessor-version":[{"id":9139,"href":"https:\/\/iutdijon.u-bourgogne.fr\/www\/wp-json\/wp\/v2\/posts\/7952\/revisions\/9139"}],"wp:featuredmedia":[{"embeddable":true,"href":"https:\/\/iutdijon.u-bourgogne.fr\/www\/wp-json\/wp\/v2\/media\/7961"}],"wp:attachment":[{"href":"https:\/\/iutdijon.u-bourgogne.fr\/www\/wp-json\/wp\/v2\/media?parent=7952"}],"wp:term":[{"taxonomy":"category","embeddable":true,"href":"https:\/\/iutdijon.u-bourgogne.fr\/www\/wp-json\/wp\/v2\/categories?post=7952"},{"taxonomy":"post_tag","embeddable":true,"href":"https:\/\/iutdijon.u-bourgogne.fr\/www\/wp-json\/wp\/v2\/tags?post=7952"}],"curies":[{"name":"wp","href":"https:\/\/api.w.org\/{rel}","templated":true}]}}