{"id":7599,"date":"2021-05-20T10:58:06","date_gmt":"2021-05-20T08:58:06","guid":{"rendered":"https:\/\/iutdijon.u-bourgogne.fr\/www\/?p=7599"},"modified":"2022-01-31T11:26:01","modified_gmt":"2022-01-31T10:26:01","slug":"french-regional-conference-on-complex-systems-26-27-et-28-mai-2021","status":"publish","type":"post","link":"https:\/\/iutdijon.u-bourgogne.fr\/www\/actualites\/french-regional-conference-on-complex-systems-26-27-et-28-mai-2021.html","title":{"rendered":"French Regional Conference on Complex Systems : 26, 27 et 28 mai 2021"},"content":{"rendered":"<section class=\"kc-elm kc-css-815892 kc_row\"><div class=\"kc-row-container  kc-container\"><div class=\"kc-wrap-columns\"><div class=\"kc-elm kc-css-370138 kc_column kc_col-sm-12\"><div class=\"kc-col-container\"><div class=\"kc-elm kc-css-146912 kc_text_block\"><\/p>\n<p style=\"text-align: justify;\">Le Laboratoire d\u2019Informatique de Bourgogne (LIB), organise les 26, 27 et 28 mai 2021 la premi\u00e8re conf\u00e9rence FRCCS.<\/p>\n<p style=\"text-align: justify;\">Cette conf\u00e9rence permet aux chercheurs de diff\u00e9rentes disciplines de travailler sur des th\u00e9matiques communes et des enjeux soci\u00e9taux en encourageant les partenariats entre industriels, acteurs \u00e9conomiques et institutionnels. L\u2019objectif est d\u2019encourager et de favoriser l\u2019interdisciplinarit\u00e9 en recherche appliqu\u00e9e.<\/p>\n<p>\n<\/div><div class=\"kc-elm kc-css-703289\" style=\"height: 20px; clear: both; width:100%;\"><\/div>\n<div class=\"kc-elm kc-css-586446 kc-pro-button kc-button-1\">\n\t<a href=\"https:\/\/iutdijon.u-bourgogne.fr\/ccs-france\/presentation\/\">\n\t\t<span class=\"creative_title\">Acc\u00e9der au site de la conf\u00e9rence<\/span>\t<\/a>\n<\/div>\n<div class=\"kc-elm kc-css-548827\" style=\"height: 20px; clear: both; width:100%;\"><\/div><\/div><\/div><\/div><\/div><\/section>\n","protected":false},"excerpt":{"rendered":"<p>&hellip;<\/p>\n","protected":false},"author":3185,"featured_media":7602,"comment_status":"open","ping_status":"open","sticky":false,"template":"","format":"standard","meta":{"_lmt_disableupdate":"no","_lmt_disable":"no"},"categories":[458],"tags":[],"acf":[],"yoast_head":"<!-- This site is optimized with the Yoast SEO plugin v17.2 - https:\/\/yoast.com\/wordpress\/plugins\/seo\/ -->\n<meta name=\"robots\" content=\"index, follow, max-snippet:-1, max-image-preview:large, max-video-preview:-1\" \/>\n<link rel=\"canonical\" href=\"https:\/\/iutdijon.u-bourgogne.fr\/www\/actualites\/french-regional-conference-on-complex-systems-26-27-et-28-mai-2021.html\" \/>\n<meta property=\"og:locale\" content=\"fr_FR\" \/>\n<meta property=\"og:type\" content=\"article\" \/>\n<meta property=\"og:title\" content=\"French Regional Conference on Complex Systems : 26, 27 et 28 mai 2021 &gt; IUT Dijon-Auxerre-Nevers\" \/>\n<meta property=\"og:description\" content=\"Le Laboratoire d\u2019Informatique de Bourgogne (LIB), organise les 26, 27 et 28 mai 2021 la premi\u00e8re conf\u00e9rence FRCCS. Cette conf\u00e9rence permet aux chercheurs de diff\u00e9rentes disciplines de travailler sur des th\u00e9matiques communes&hellip;\" \/>\n<meta property=\"og:url\" content=\"https:\/\/iutdijon.u-bourgogne.fr\/www\/actualites\/french-regional-conference-on-complex-systems-26-27-et-28-mai-2021.html\" \/>\n<meta property=\"og:site_name\" content=\"IUT Dijon-Auxerre-Nevers\" \/>\n<meta property=\"article:published_time\" content=\"2021-05-20T08:58:06+00:00\" \/>\n<meta property=\"article:modified_time\" content=\"2022-01-31T10:26:01+00:00\" \/>\n<meta property=\"og:image\" content=\"https:\/\/iutdijon.u-bourgogne.fr\/www\/wp-content\/uploads\/2021\/05\/actu_French-Regional-Conference-on-Complex-Systems.png\" \/>\n\t<meta property=\"og:image:width\" content=\"543\" \/>\n\t<meta property=\"og:image:height\" content=\"304\" \/>\n<meta name=\"twitter:card\" content=\"summary_large_image\" \/>\n<meta name=\"twitter:label1\" content=\"\u00c9crit par\" \/>\n\t<meta name=\"twitter:data1\" content=\"Jeanne-Marie BORDELOT\" \/>\n<script type=\"application\/ld+json\" class=\"yoast-schema-graph\">{\"@context\":\"https:\/\/schema.org\",\"@graph\":[{\"@type\":\"WebSite\",\"@id\":\"https:\/\/iutdijon.u-bourgogne.fr\/www\/#website\",\"url\":\"https:\/\/iutdijon.u-bourgogne.fr\/www\/\",\"name\":\"IUT Dijon-Auxerre-Nevers\",\"description\":\"L&#039;IUT Dijon-Auxerre-Nevers propose des formations post-bac dans les secteurs Informatique, Tertiaire et Industriel. Il d\\u00e9livre des dipl\\u00f4mes \\u00e0 Bac+3 (Bachelors Universitaires de Technologie ou Licences Professionnelles).\",\"potentialAction\":[{\"@type\":\"SearchAction\",\"target\":{\"@type\":\"EntryPoint\",\"urlTemplate\":\"https:\/\/iutdijon.u-bourgogne.fr\/www\/?s={search_term_string}\"},\"query-input\":\"required name=search_term_string\"}],\"inLanguage\":\"fr-FR\"},{\"@type\":\"ImageObject\",\"@id\":\"https:\/\/iutdijon.u-bourgogne.fr\/www\/actualites\/french-regional-conference-on-complex-systems-26-27-et-28-mai-2021.html#primaryimage\",\"inLanguage\":\"fr-FR\",\"url\":\"https:\/\/iutdijon.u-bourgogne.fr\/www\/wp-content\/uploads\/2021\/05\/actu_French-Regional-Conference-on-Complex-Systems.png\",\"contentUrl\":\"https:\/\/iutdijon.u-bourgogne.fr\/www\/wp-content\/uploads\/2021\/05\/actu_French-Regional-Conference-on-Complex-Systems.png\",\"width\":543,\"height\":304},{\"@type\":\"WebPage\",\"@id\":\"https:\/\/iutdijon.u-bourgogne.fr\/www\/actualites\/french-regional-conference-on-complex-systems-26-27-et-28-mai-2021.html#webpage\",\"url\":\"https:\/\/iutdijon.u-bourgogne.fr\/www\/actualites\/french-regional-conference-on-complex-systems-26-27-et-28-mai-2021.html\",\"name\":\"French Regional Conference on Complex Systems : 26, 27 et 28 mai 2021 &gt; IUT Dijon-Auxerre-Nevers\",\"isPartOf\":{\"@id\":\"https:\/\/iutdijon.u-bourgogne.fr\/www\/#website\"},\"primaryImageOfPage\":{\"@id\":\"https:\/\/iutdijon.u-bourgogne.fr\/www\/actualites\/french-regional-conference-on-complex-systems-26-27-et-28-mai-2021.html#primaryimage\"},\"datePublished\":\"2021-05-20T08:58:06+00:00\",\"dateModified\":\"2022-01-31T10:26:01+00:00\",\"author\":{\"@id\":\"https:\/\/iutdijon.u-bourgogne.fr\/www\/#\/schema\/person\/fc0840e606b0fe8198fbc1fc38f254b7\"},\"breadcrumb\":{\"@id\":\"https:\/\/iutdijon.u-bourgogne.fr\/www\/actualites\/french-regional-conference-on-complex-systems-26-27-et-28-mai-2021.html#breadcrumb\"},\"inLanguage\":\"fr-FR\",\"potentialAction\":[{\"@type\":\"ReadAction\",\"target\":[\"https:\/\/iutdijon.u-bourgogne.fr\/www\/actualites\/french-regional-conference-on-complex-systems-26-27-et-28-mai-2021.html\"]}]},{\"@type\":\"BreadcrumbList\",\"@id\":\"https:\/\/iutdijon.u-bourgogne.fr\/www\/actualites\/french-regional-conference-on-complex-systems-26-27-et-28-mai-2021.html#breadcrumb\",\"itemListElement\":[{\"@type\":\"ListItem\",\"position\":1,\"name\":\"Accueil\",\"item\":\"https:\/\/iutdijon.u-bourgogne.fr\/www\/\"},{\"@type\":\"ListItem\",\"position\":2,\"name\":\"Actualit\\u00e9s\",\"item\":\"https:\/\/iutdijon.u-bourgogne.fr\/www\/category\/actualites\"},{\"@type\":\"ListItem\",\"position\":3,\"name\":\"French Regional Conference on Complex Systems : 26, 27 et 28 mai 2021\"}]},{\"@type\":\"Person\",\"@id\":\"https:\/\/iutdijon.u-bourgogne.fr\/www\/#\/schema\/person\/fc0840e606b0fe8198fbc1fc38f254b7\",\"name\":\"Jeanne-Marie BORDELOT\",\"image\":{\"@type\":\"ImageObject\",\"@id\":\"https:\/\/iutdijon.u-bourgogne.fr\/www\/#personlogo\",\"inLanguage\":\"fr-FR\",\"url\":\"https:\/\/secure.gravatar.com\/avatar\/aba6f04b7ddaa95d23b791bf7fe581fc?s=96&d=mm&r=g\",\"contentUrl\":\"https:\/\/secure.gravatar.com\/avatar\/aba6f04b7ddaa95d23b791bf7fe581fc?s=96&d=mm&r=g\",\"caption\":\"Jeanne-Marie BORDELOT\"},\"url\":\"https:\/\/iutdijon.u-bourgogne.fr\/www\/author\/jmbord\"}]}<\/script>\n<!-- \/ Yoast SEO plugin. -->","yoast_head_json":{"robots":{"index":"index","follow":"follow","max-snippet":"max-snippet:-1","max-image-preview":"max-image-preview:large","max-video-preview":"max-video-preview:-1"},"canonical":"https:\/\/iutdijon.u-bourgogne.fr\/www\/actualites\/french-regional-conference-on-complex-systems-26-27-et-28-mai-2021.html","og_locale":"fr_FR","og_type":"article","og_title":"French Regional Conference on Complex Systems : 26, 27 et 28 mai 2021 &gt; IUT Dijon-Auxerre-Nevers","og_description":"Le Laboratoire d\u2019Informatique de Bourgogne (LIB), organise les 26, 27 et 28 mai 2021 la premi\u00e8re conf\u00e9rence FRCCS. Cette conf\u00e9rence permet aux chercheurs de diff\u00e9rentes disciplines de travailler sur des th\u00e9matiques communes&hellip;","og_url":"https:\/\/iutdijon.u-bourgogne.fr\/www\/actualites\/french-regional-conference-on-complex-systems-26-27-et-28-mai-2021.html","og_site_name":"IUT Dijon-Auxerre-Nevers","article_published_time":"2021-05-20T08:58:06+00:00","article_modified_time":"2022-01-31T10:26:01+00:00","og_image":[{"width":543,"height":304,"url":"https:\/\/iutdijon.u-bourgogne.fr\/www\/wp-content\/uploads\/2021\/05\/actu_French-Regional-Conference-on-Complex-Systems.png","path":"\/var\/www\/html\/www\/wp-content\/uploads\/2021\/05\/actu_French-Regional-Conference-on-Complex-Systems.png","size":"full","id":7602,"alt":"","pixels":165072,"type":"image\/png"}],"twitter_card":"summary_large_image","twitter_misc":{"\u00c9crit par":"Jeanne-Marie BORDELOT"},"schema":{"@context":"https:\/\/schema.org","@graph":[{"@type":"WebSite","@id":"https:\/\/iutdijon.u-bourgogne.fr\/www\/#website","url":"https:\/\/iutdijon.u-bourgogne.fr\/www\/","name":"IUT Dijon-Auxerre-Nevers","description":"L&#039;IUT Dijon-Auxerre-Nevers propose des formations post-bac dans les secteurs Informatique, Tertiaire et Industriel. Il d\u00e9livre des dipl\u00f4mes \u00e0 Bac+3 (Bachelors Universitaires de Technologie ou Licences Professionnelles).","potentialAction":[{"@type":"SearchAction","target":{"@type":"EntryPoint","urlTemplate":"https:\/\/iutdijon.u-bourgogne.fr\/www\/?s={search_term_string}"},"query-input":"required name=search_term_string"}],"inLanguage":"fr-FR"},{"@type":"ImageObject","@id":"https:\/\/iutdijon.u-bourgogne.fr\/www\/actualites\/french-regional-conference-on-complex-systems-26-27-et-28-mai-2021.html#primaryimage","inLanguage":"fr-FR","url":"https:\/\/iutdijon.u-bourgogne.fr\/www\/wp-content\/uploads\/2021\/05\/actu_French-Regional-Conference-on-Complex-Systems.png","contentUrl":"https:\/\/iutdijon.u-bourgogne.fr\/www\/wp-content\/uploads\/2021\/05\/actu_French-Regional-Conference-on-Complex-Systems.png","width":543,"height":304},{"@type":"WebPage","@id":"https:\/\/iutdijon.u-bourgogne.fr\/www\/actualites\/french-regional-conference-on-complex-systems-26-27-et-28-mai-2021.html#webpage","url":"https:\/\/iutdijon.u-bourgogne.fr\/www\/actualites\/french-regional-conference-on-complex-systems-26-27-et-28-mai-2021.html","name":"French Regional Conference on Complex Systems : 26, 27 et 28 mai 2021 &gt; IUT Dijon-Auxerre-Nevers","isPartOf":{"@id":"https:\/\/iutdijon.u-bourgogne.fr\/www\/#website"},"primaryImageOfPage":{"@id":"https:\/\/iutdijon.u-bourgogne.fr\/www\/actualites\/french-regional-conference-on-complex-systems-26-27-et-28-mai-2021.html#primaryimage"},"datePublished":"2021-05-20T08:58:06+00:00","dateModified":"2022-01-31T10:26:01+00:00","author":{"@id":"https:\/\/iutdijon.u-bourgogne.fr\/www\/#\/schema\/person\/fc0840e606b0fe8198fbc1fc38f254b7"},"breadcrumb":{"@id":"https:\/\/iutdijon.u-bourgogne.fr\/www\/actualites\/french-regional-conference-on-complex-systems-26-27-et-28-mai-2021.html#breadcrumb"},"inLanguage":"fr-FR","potentialAction":[{"@type":"ReadAction","target":["https:\/\/iutdijon.u-bourgogne.fr\/www\/actualites\/french-regional-conference-on-complex-systems-26-27-et-28-mai-2021.html"]}]},{"@type":"BreadcrumbList","@id":"https:\/\/iutdijon.u-bourgogne.fr\/www\/actualites\/french-regional-conference-on-complex-systems-26-27-et-28-mai-2021.html#breadcrumb","itemListElement":[{"@type":"ListItem","position":1,"name":"Accueil","item":"https:\/\/iutdijon.u-bourgogne.fr\/www\/"},{"@type":"ListItem","position":2,"name":"Actualit\u00e9s","item":"https:\/\/iutdijon.u-bourgogne.fr\/www\/category\/actualites"},{"@type":"ListItem","position":3,"name":"French Regional Conference on Complex Systems : 26, 27 et 28 mai 2021"}]},{"@type":"Person","@id":"https:\/\/iutdijon.u-bourgogne.fr\/www\/#\/schema\/person\/fc0840e606b0fe8198fbc1fc38f254b7","name":"Jeanne-Marie BORDELOT","image":{"@type":"ImageObject","@id":"https:\/\/iutdijon.u-bourgogne.fr\/www\/#personlogo","inLanguage":"fr-FR","url":"https:\/\/secure.gravatar.com\/avatar\/aba6f04b7ddaa95d23b791bf7fe581fc?s=96&d=mm&r=g","contentUrl":"https:\/\/secure.gravatar.com\/avatar\/aba6f04b7ddaa95d23b791bf7fe581fc?s=96&d=mm&r=g","caption":"Jeanne-Marie BORDELOT"},"url":"https:\/\/iutdijon.u-bourgogne.fr\/www\/author\/jmbord"}]}},"modified_by":"Jeanne-Marie BORDELOT","_links":{"self":[{"href":"https:\/\/iutdijon.u-bourgogne.fr\/www\/wp-json\/wp\/v2\/posts\/7599"}],"collection":[{"href":"https:\/\/iutdijon.u-bourgogne.fr\/www\/wp-json\/wp\/v2\/posts"}],"about":[{"href":"https:\/\/iutdijon.u-bourgogne.fr\/www\/wp-json\/wp\/v2\/types\/post"}],"author":[{"embeddable":true,"href":"https:\/\/iutdijon.u-bourgogne.fr\/www\/wp-json\/wp\/v2\/users\/3185"}],"replies":[{"embeddable":true,"href":"https:\/\/iutdijon.u-bourgogne.fr\/www\/wp-json\/wp\/v2\/comments?post=7599"}],"version-history":[{"count":8,"href":"https:\/\/iutdijon.u-bourgogne.fr\/www\/wp-json\/wp\/v2\/posts\/7599\/revisions"}],"predecessor-version":[{"id":9159,"href":"https:\/\/iutdijon.u-bourgogne.fr\/www\/wp-json\/wp\/v2\/posts\/7599\/revisions\/9159"}],"wp:featuredmedia":[{"embeddable":true,"href":"https:\/\/iutdijon.u-bourgogne.fr\/www\/wp-json\/wp\/v2\/media\/7602"}],"wp:attachment":[{"href":"https:\/\/iutdijon.u-bourgogne.fr\/www\/wp-json\/wp\/v2\/media?parent=7599"}],"wp:term":[{"taxonomy":"category","embeddable":true,"href":"https:\/\/iutdijon.u-bourgogne.fr\/www\/wp-json\/wp\/v2\/categories?post=7599"},{"taxonomy":"post_tag","embeddable":true,"href":"https:\/\/iutdijon.u-bourgogne.fr\/www\/wp-json\/wp\/v2\/tags?post=7599"}],"curies":[{"name":"wp","href":"https:\/\/api.w.org\/{rel}","templated":true}]}}