{"id":5658,"date":"2021-02-15T11:48:46","date_gmt":"2021-02-15T10:48:46","guid":{"rendered":"https:\/\/iutdijon.u-bourgogne.fr\/www\/?p=5658"},"modified":"2021-03-02T15:15:58","modified_gmt":"2021-03-02T14:15:58","slug":"ouverture-but-informatique-nevers","status":"publish","type":"post","link":"https:\/\/iutdijon.u-bourgogne.fr\/www\/actualites\/ouverture-but-informatique-nevers.html","title":{"rendered":"Rentr\u00e9e 2021 : ouverture d&rsquo;un B.U.T. Informatique \u00e0 Nevers"},"content":{"rendered":"<section class=\"kc-elm kc-css-361928 kc_row\"><div class=\"kc-row-container  kc-container\"><div class=\"kc-wrap-columns\"><div class=\"kc-elm kc-css-433498 kc_column kc_col-sm-12\"><div class=\"kc-col-container\"><div class=\"kc-elm kc-css-131492 kc_text_block\"><\/p>\n<p>\u00c0 la rentr\u00e9e 2021, un <a href=\"https:\/\/iutdijon.u-bourgogne.fr\/www\/formations\/buts\/but-info.html\" title=\"Bachelor Universitaire De Technologie Informatique (B.U.T. INFO)\">Bachelor Universitaire de Technologie Informatique (B.U.T. INFO)<\/a> ouvrira ses portes \u00e0 Nevers en parall\u00e8le de celui d\u00e9j\u00e0 pr\u00e9sent sur le site de Dijon. Cette nouvelle formation, port\u00e9e par l&rsquo;IUT de Dijon-Auxerre, accueillera un groupe de 28 \u00e9tudiants dans des locaux \u00e0 proximit\u00e9 de l&rsquo;ISAT sur le <a href=\"https:\/\/www.u-bourgogne.fr\/vie-des-campus\/campus-de-nevers\" title=\"Campus De Nevers\">campus de Nevers<\/a>. Les candidatures pour cette formation s&rsquo;effectuent via la plateforme <a href=\"https:\/\/www.parcoursup.fr\/\" title=\"Parcoursup.\u00a0\">Parcoursup.\u00a0<\/a><o:p><\/o:p><\/p>\n<p>Pour rappel, le Bachelor Universitaire de Technologie (B.U.T.), dont la premi\u00e8re promotion d\u00e9butera les cours en septembre 2021, est le nouveau dipl\u00f4me de r\u00e9f\u00e9rence des IUT qui se d\u00e9roulera en 3 ans (grade licence), contre 2 pour le DUT actuel.\u00a0<o:p><\/o:p><\/p>\n<p>Les \u00e9tudiants du groupe de Nevers se sp\u00e9cialiseront pendant leur cursus en d\u00e9veloppement d&rsquo;applications. En effet, sur les 4 parcours de B.U.T. Informatique propos\u00e9s au niveau national, le parcours \u00ab\u00a0r\u00e9alisation d\u2019applications : conception, d\u00e9veloppement, validation (CDV)\u00a0\u00bb a \u00e9t\u00e9 choisi pour le site de Nevers. Ce parcours fera l\u2019objet d\u2019une adaptation locale en lien avec les besoins du monde \u00e9conomique neversois, les formations de l\u2019<a href=\"https:\/\/www.isat.fr\/\" title=\"ISAT\">ISAT<\/a> et les th\u00e9matiques de recherche du laboratoire <a href=\"https:\/\/www.u-bourgogne.fr\/organisation\/laboratoires-et-entites-de-recherche\/departement-de-recherche-en-ingenierie-des-vehicules-pour-l-environnement.html\" title=\"DRIVE\">DRIVE<\/a>.<o:p><\/o:p><\/p>\n<p>L&rsquo;<a href=\"https:\/\/iutdijon.u-bourgogne.fr\/www\/formations\/se-former-en-alternance.html\" title=\"Alternance\">alternance<\/a> sera \u00e9galement accessible aux \u00e9tudiants d\u00e8s la deuxi\u00e8me ann\u00e9e du B.U.T. facilitant l\u2019insertion professionnelle. Apr\u00e8s la formation, les \u00e9tudiants pourront directement rejoindre la vie active ou poursuivre leurs \u00e9tudes, par exemple en int\u00e9grant un master ou une \u00e9cole d&rsquo;ing\u00e9nieurs.<o:p><\/o:p><\/p>\n<p>L&rsquo;implantation de cette nouvelle formation \u00e0 Nevers est la preuve de l&rsquo;engagement de l&rsquo;IUT de Dijon-Auxerre en tant qu&rsquo;acteur du d\u00e9veloppement de l&rsquo;Enseignement du Sup\u00e9rieur dans les territoires hors des grands p\u00f4les universitaires en Bourgogne-Franche-Comt\u00e9. L&rsquo;\u00e9tablissement a \u00e9galement ouvert \u00e0 la rentr\u00e9e 2019 une autre formation\u00a0<span style=\"color: #333333; font-style: normal; font-weight: 300;\">r\u00e9pondant aux attentes du tissu industriel local<\/span><span style=\"font-weight: 300;\"> : la <\/span><a href=\"https:\/\/iutdijon.u-bourgogne.fr\/www\/formations\/lps\/lp-oppsa.html\" title=\"Licence Professionnelle OPPSA\" style=\"font-weight: 300;\">Licence Professionnelle OPPSA<\/a><span style=\"font-weight: 300;\"> en partenariat avec le lyc\u00e9e Jules Renard de Nevers.\u00a0<\/span><\/p>\n<p><o:p><\/o:p><\/p>\n<p><span>\u00a9\u00a0Ville de Nevers<\/span><\/p>\n<p>\n<\/div><div class=\"kc-elm kc-css-3123\" style=\"height: 20px; clear: both; width:100%;\"><\/div>\n<div class=\"kc-elm kc-css-641107 kc-pro-button kc-button-1\">\n\t<a href=\"https:\/\/iutdijon.u-bourgogne.fr\/www\/formations\/buts\/but-info.html\" title=\"B.U.T. Informatique (INFO)\">\n\t\t<span class=\"creative_title\">D\u00e9couvrir le B.U.T. Informatique<\/span>\t<\/a>\n<\/div>\n<div class=\"kc-elm kc-css-978435\" style=\"height: 20px; clear: both; width:100%;\"><\/div><\/div><\/div><\/div><\/div><\/section>\n","protected":false},"excerpt":{"rendered":"<p>&hellip;<\/p>\n","protected":false},"author":3185,"featured_media":6116,"comment_status":"open","ping_status":"open","sticky":false,"template":"","format":"standard","meta":{"_lmt_disableupdate":"no","_lmt_disable":"no"},"categories":[458],"tags":[],"acf":[],"yoast_head":"<!-- This site is optimized with the Yoast SEO plugin v17.2 - https:\/\/yoast.com\/wordpress\/plugins\/seo\/ -->\n<meta name=\"robots\" content=\"index, follow, max-snippet:-1, max-image-preview:large, max-video-preview:-1\" \/>\n<link rel=\"canonical\" href=\"https:\/\/iutdijon.u-bourgogne.fr\/www\/actualites\/ouverture-but-informatique-nevers.html\" \/>\n<meta property=\"og:locale\" content=\"fr_FR\" \/>\n<meta property=\"og:type\" content=\"article\" \/>\n<meta property=\"og:title\" content=\"Rentr\u00e9e 2021 : ouverture d&#039;un B.U.T. Informatique \u00e0 Nevers &gt; IUT Dijon-Auxerre-Nevers\" \/>\n<meta property=\"og:description\" content=\"\u00c0 la rentr\u00e9e 2021, un Bachelor Universitaire de Technologie Informatique (B.U.T. INFO) ouvrira ses portes \u00e0 Nevers en parall\u00e8le de celui d\u00e9j\u00e0 pr\u00e9sent sur le site de Dijon. Cette nouvelle formation, port\u00e9e&hellip;\" \/>\n<meta property=\"og:url\" content=\"https:\/\/iutdijon.u-bourgogne.fr\/www\/actualites\/ouverture-but-informatique-nevers.html\" \/>\n<meta property=\"og:site_name\" content=\"IUT Dijon-Auxerre-Nevers\" \/>\n<meta property=\"article:published_time\" content=\"2021-02-15T10:48:46+00:00\" \/>\n<meta property=\"article:modified_time\" content=\"2021-03-02T14:15:58+00:00\" \/>\n<meta property=\"og:image\" content=\"https:\/\/iutdijon.u-bourgogne.fr\/www\/wp-content\/uploads\/2021\/01\/actu_ouverture_b.u.t._informatique_nevers.jpg\" \/>\n\t<meta property=\"og:image:width\" content=\"543\" \/>\n\t<meta property=\"og:image:height\" content=\"302\" \/>\n<meta name=\"twitter:card\" content=\"summary_large_image\" \/>\n<meta name=\"twitter:label1\" content=\"\u00c9crit par\" \/>\n\t<meta name=\"twitter:data1\" content=\"Jeanne-Marie BORDELOT\" \/>\n\t<meta name=\"twitter:label2\" content=\"Dur\u00e9e de lecture est.\" \/>\n\t<meta name=\"twitter:data2\" content=\"2 minutes\" \/>\n<script type=\"application\/ld+json\" class=\"yoast-schema-graph\">{\"@context\":\"https:\/\/schema.org\",\"@graph\":[{\"@type\":\"WebSite\",\"@id\":\"https:\/\/iutdijon.u-bourgogne.fr\/www\/#website\",\"url\":\"https:\/\/iutdijon.u-bourgogne.fr\/www\/\",\"name\":\"IUT Dijon-Auxerre-Nevers\",\"description\":\"L&#039;IUT Dijon-Auxerre-Nevers propose des formations post-bac dans les secteurs Informatique, Tertiaire et Industriel. Il d\\u00e9livre des dipl\\u00f4mes \\u00e0 Bac+3 (Bachelors Universitaires de Technologie ou Licences Professionnelles).\",\"potentialAction\":[{\"@type\":\"SearchAction\",\"target\":{\"@type\":\"EntryPoint\",\"urlTemplate\":\"https:\/\/iutdijon.u-bourgogne.fr\/www\/?s={search_term_string}\"},\"query-input\":\"required name=search_term_string\"}],\"inLanguage\":\"fr-FR\"},{\"@type\":\"ImageObject\",\"@id\":\"https:\/\/iutdijon.u-bourgogne.fr\/www\/actualites\/ouverture-but-informatique-nevers.html#primaryimage\",\"inLanguage\":\"fr-FR\",\"url\":\"https:\/\/iutdijon.u-bourgogne.fr\/www\/wp-content\/uploads\/2021\/01\/actu_ouverture_b.u.t._informatique_nevers.jpg\",\"contentUrl\":\"https:\/\/iutdijon.u-bourgogne.fr\/www\/wp-content\/uploads\/2021\/01\/actu_ouverture_b.u.t._informatique_nevers.jpg\",\"width\":543,\"height\":302,\"caption\":\"ouverture B.U.T. Nevers\"},{\"@type\":\"WebPage\",\"@id\":\"https:\/\/iutdijon.u-bourgogne.fr\/www\/actualites\/ouverture-but-informatique-nevers.html#webpage\",\"url\":\"https:\/\/iutdijon.u-bourgogne.fr\/www\/actualites\/ouverture-but-informatique-nevers.html\",\"name\":\"Rentr\\u00e9e 2021 : ouverture d'un B.U.T. Informatique \\u00e0 Nevers &gt; IUT Dijon-Auxerre-Nevers\",\"isPartOf\":{\"@id\":\"https:\/\/iutdijon.u-bourgogne.fr\/www\/#website\"},\"primaryImageOfPage\":{\"@id\":\"https:\/\/iutdijon.u-bourgogne.fr\/www\/actualites\/ouverture-but-informatique-nevers.html#primaryimage\"},\"datePublished\":\"2021-02-15T10:48:46+00:00\",\"dateModified\":\"2021-03-02T14:15:58+00:00\",\"author\":{\"@id\":\"https:\/\/iutdijon.u-bourgogne.fr\/www\/#\/schema\/person\/fc0840e606b0fe8198fbc1fc38f254b7\"},\"breadcrumb\":{\"@id\":\"https:\/\/iutdijon.u-bourgogne.fr\/www\/actualites\/ouverture-but-informatique-nevers.html#breadcrumb\"},\"inLanguage\":\"fr-FR\",\"potentialAction\":[{\"@type\":\"ReadAction\",\"target\":[\"https:\/\/iutdijon.u-bourgogne.fr\/www\/actualites\/ouverture-but-informatique-nevers.html\"]}]},{\"@type\":\"BreadcrumbList\",\"@id\":\"https:\/\/iutdijon.u-bourgogne.fr\/www\/actualites\/ouverture-but-informatique-nevers.html#breadcrumb\",\"itemListElement\":[{\"@type\":\"ListItem\",\"position\":1,\"name\":\"Accueil\",\"item\":\"https:\/\/iutdijon.u-bourgogne.fr\/www\/\"},{\"@type\":\"ListItem\",\"position\":2,\"name\":\"Actualit\\u00e9s\",\"item\":\"https:\/\/iutdijon.u-bourgogne.fr\/www\/category\/actualites\"},{\"@type\":\"ListItem\",\"position\":3,\"name\":\"Rentr\\u00e9e 2021 : ouverture d&#8217;un B.U.T. Informatique \\u00e0 Nevers\"}]},{\"@type\":\"Person\",\"@id\":\"https:\/\/iutdijon.u-bourgogne.fr\/www\/#\/schema\/person\/fc0840e606b0fe8198fbc1fc38f254b7\",\"name\":\"Jeanne-Marie BORDELOT\",\"image\":{\"@type\":\"ImageObject\",\"@id\":\"https:\/\/iutdijon.u-bourgogne.fr\/www\/#personlogo\",\"inLanguage\":\"fr-FR\",\"url\":\"https:\/\/secure.gravatar.com\/avatar\/aba6f04b7ddaa95d23b791bf7fe581fc?s=96&d=mm&r=g\",\"contentUrl\":\"https:\/\/secure.gravatar.com\/avatar\/aba6f04b7ddaa95d23b791bf7fe581fc?s=96&d=mm&r=g\",\"caption\":\"Jeanne-Marie BORDELOT\"},\"url\":\"https:\/\/iutdijon.u-bourgogne.fr\/www\/author\/jmbord\"}]}<\/script>\n<!-- \/ Yoast SEO plugin. -->","yoast_head_json":{"robots":{"index":"index","follow":"follow","max-snippet":"max-snippet:-1","max-image-preview":"max-image-preview:large","max-video-preview":"max-video-preview:-1"},"canonical":"https:\/\/iutdijon.u-bourgogne.fr\/www\/actualites\/ouverture-but-informatique-nevers.html","og_locale":"fr_FR","og_type":"article","og_title":"Rentr\u00e9e 2021 : ouverture d'un B.U.T. Informatique \u00e0 Nevers &gt; IUT Dijon-Auxerre-Nevers","og_description":"\u00c0 la rentr\u00e9e 2021, un Bachelor Universitaire de Technologie Informatique (B.U.T. INFO) ouvrira ses portes \u00e0 Nevers en parall\u00e8le de celui d\u00e9j\u00e0 pr\u00e9sent sur le site de Dijon. Cette nouvelle formation, port\u00e9e&hellip;","og_url":"https:\/\/iutdijon.u-bourgogne.fr\/www\/actualites\/ouverture-but-informatique-nevers.html","og_site_name":"IUT Dijon-Auxerre-Nevers","article_published_time":"2021-02-15T10:48:46+00:00","article_modified_time":"2021-03-02T14:15:58+00:00","og_image":[{"width":543,"height":302,"url":"https:\/\/iutdijon.u-bourgogne.fr\/www\/wp-content\/uploads\/2021\/01\/actu_ouverture_b.u.t._informatique_nevers.jpg","path":"\/var\/www\/html\/www\/wp-content\/uploads\/2021\/01\/actu_ouverture_b.u.t._informatique_nevers.jpg","size":"full","id":6116,"alt":"ouverture B.U.T. Nevers","pixels":163986,"type":"image\/jpeg"}],"twitter_card":"summary_large_image","twitter_misc":{"\u00c9crit par":"Jeanne-Marie BORDELOT","Dur\u00e9e de lecture est.":"2 minutes"},"schema":{"@context":"https:\/\/schema.org","@graph":[{"@type":"WebSite","@id":"https:\/\/iutdijon.u-bourgogne.fr\/www\/#website","url":"https:\/\/iutdijon.u-bourgogne.fr\/www\/","name":"IUT Dijon-Auxerre-Nevers","description":"L&#039;IUT Dijon-Auxerre-Nevers propose des formations post-bac dans les secteurs Informatique, Tertiaire et Industriel. Il d\u00e9livre des dipl\u00f4mes \u00e0 Bac+3 (Bachelors Universitaires de Technologie ou Licences Professionnelles).","potentialAction":[{"@type":"SearchAction","target":{"@type":"EntryPoint","urlTemplate":"https:\/\/iutdijon.u-bourgogne.fr\/www\/?s={search_term_string}"},"query-input":"required name=search_term_string"}],"inLanguage":"fr-FR"},{"@type":"ImageObject","@id":"https:\/\/iutdijon.u-bourgogne.fr\/www\/actualites\/ouverture-but-informatique-nevers.html#primaryimage","inLanguage":"fr-FR","url":"https:\/\/iutdijon.u-bourgogne.fr\/www\/wp-content\/uploads\/2021\/01\/actu_ouverture_b.u.t._informatique_nevers.jpg","contentUrl":"https:\/\/iutdijon.u-bourgogne.fr\/www\/wp-content\/uploads\/2021\/01\/actu_ouverture_b.u.t._informatique_nevers.jpg","width":543,"height":302,"caption":"ouverture B.U.T. Nevers"},{"@type":"WebPage","@id":"https:\/\/iutdijon.u-bourgogne.fr\/www\/actualites\/ouverture-but-informatique-nevers.html#webpage","url":"https:\/\/iutdijon.u-bourgogne.fr\/www\/actualites\/ouverture-but-informatique-nevers.html","name":"Rentr\u00e9e 2021 : ouverture d'un B.U.T. Informatique \u00e0 Nevers &gt; IUT Dijon-Auxerre-Nevers","isPartOf":{"@id":"https:\/\/iutdijon.u-bourgogne.fr\/www\/#website"},"primaryImageOfPage":{"@id":"https:\/\/iutdijon.u-bourgogne.fr\/www\/actualites\/ouverture-but-informatique-nevers.html#primaryimage"},"datePublished":"2021-02-15T10:48:46+00:00","dateModified":"2021-03-02T14:15:58+00:00","author":{"@id":"https:\/\/iutdijon.u-bourgogne.fr\/www\/#\/schema\/person\/fc0840e606b0fe8198fbc1fc38f254b7"},"breadcrumb":{"@id":"https:\/\/iutdijon.u-bourgogne.fr\/www\/actualites\/ouverture-but-informatique-nevers.html#breadcrumb"},"inLanguage":"fr-FR","potentialAction":[{"@type":"ReadAction","target":["https:\/\/iutdijon.u-bourgogne.fr\/www\/actualites\/ouverture-but-informatique-nevers.html"]}]},{"@type":"BreadcrumbList","@id":"https:\/\/iutdijon.u-bourgogne.fr\/www\/actualites\/ouverture-but-informatique-nevers.html#breadcrumb","itemListElement":[{"@type":"ListItem","position":1,"name":"Accueil","item":"https:\/\/iutdijon.u-bourgogne.fr\/www\/"},{"@type":"ListItem","position":2,"name":"Actualit\u00e9s","item":"https:\/\/iutdijon.u-bourgogne.fr\/www\/category\/actualites"},{"@type":"ListItem","position":3,"name":"Rentr\u00e9e 2021 : ouverture d&#8217;un B.U.T. Informatique \u00e0 Nevers"}]},{"@type":"Person","@id":"https:\/\/iutdijon.u-bourgogne.fr\/www\/#\/schema\/person\/fc0840e606b0fe8198fbc1fc38f254b7","name":"Jeanne-Marie BORDELOT","image":{"@type":"ImageObject","@id":"https:\/\/iutdijon.u-bourgogne.fr\/www\/#personlogo","inLanguage":"fr-FR","url":"https:\/\/secure.gravatar.com\/avatar\/aba6f04b7ddaa95d23b791bf7fe581fc?s=96&d=mm&r=g","contentUrl":"https:\/\/secure.gravatar.com\/avatar\/aba6f04b7ddaa95d23b791bf7fe581fc?s=96&d=mm&r=g","caption":"Jeanne-Marie BORDELOT"},"url":"https:\/\/iutdijon.u-bourgogne.fr\/www\/author\/jmbord"}]}},"modified_by":null,"_links":{"self":[{"href":"https:\/\/iutdijon.u-bourgogne.fr\/www\/wp-json\/wp\/v2\/posts\/5658"}],"collection":[{"href":"https:\/\/iutdijon.u-bourgogne.fr\/www\/wp-json\/wp\/v2\/posts"}],"about":[{"href":"https:\/\/iutdijon.u-bourgogne.fr\/www\/wp-json\/wp\/v2\/types\/post"}],"author":[{"embeddable":true,"href":"https:\/\/iutdijon.u-bourgogne.fr\/www\/wp-json\/wp\/v2\/users\/3185"}],"replies":[{"embeddable":true,"href":"https:\/\/iutdijon.u-bourgogne.fr\/www\/wp-json\/wp\/v2\/comments?post=5658"}],"version-history":[{"count":31,"href":"https:\/\/iutdijon.u-bourgogne.fr\/www\/wp-json\/wp\/v2\/posts\/5658\/revisions"}],"predecessor-version":[{"id":6094,"href":"https:\/\/iutdijon.u-bourgogne.fr\/www\/wp-json\/wp\/v2\/posts\/5658\/revisions\/6094"}],"wp:featuredmedia":[{"embeddable":true,"href":"https:\/\/iutdijon.u-bourgogne.fr\/www\/wp-json\/wp\/v2\/media\/6116"}],"wp:attachment":[{"href":"https:\/\/iutdijon.u-bourgogne.fr\/www\/wp-json\/wp\/v2\/media?parent=5658"}],"wp:term":[{"taxonomy":"category","embeddable":true,"href":"https:\/\/iutdijon.u-bourgogne.fr\/www\/wp-json\/wp\/v2\/categories?post=5658"},{"taxonomy":"post_tag","embeddable":true,"href":"https:\/\/iutdijon.u-bourgogne.fr\/www\/wp-json\/wp\/v2\/tags?post=5658"}],"curies":[{"name":"wp","href":"https:\/\/api.w.org\/{rel}","templated":true}]}}