{"id":5377,"date":"2020-12-09T17:00:28","date_gmt":"2020-12-09T16:00:28","guid":{"rendered":"https:\/\/iutdijon.u-bourgogne.fr\/www\/?p=5377"},"modified":"2020-12-10T14:54:07","modified_gmt":"2020-12-10T13:54:07","slug":"lancement-des-etats-generaux-de-la-formation","status":"publish","type":"post","link":"https:\/\/iutdijon.u-bourgogne.fr\/www\/actualites\/lancement-des-etats-generaux-de-la-formation.html","title":{"rendered":"Lancement des Etats G\u00e9n\u00e9raux de la formation"},"content":{"rendered":"<section class=\"kc-elm kc-css-285255 kc_row\"><div class=\"kc-row-container  kc-container\"><div class=\"kc-wrap-columns\"><div class=\"kc-elm kc-css-399095 kc_column kc_col-sm-12\"><div class=\"kc-col-container\"><div class=\"kc-elm kc-css-369219 kc_text_block\"><\/p>\n<p><strong>Les Etats G\u00e9n\u00e9raux (EG) sont la premi\u00e8re pierre, collective et participative, d\u2019un Projet d\u2019\u00c9tablissement ambitieux et r\u00e9aliste pour la formation \u00e0 l\u2019uB.<\/strong><\/p>\n<p>Durant deux mois, du 04\/12\/2020 au 05\/02\/2021, nous pouvons d\u00e9poser nos avis ou points de vue, nos questions, nos remarques ou suggestions sur la formation dans notre \u00e9tablissement, pour d\u00e9finir notre politique de formation, mais aussi nos r\u00e9alisations et exp\u00e9rimentations p\u00e9dagogiques afin de r\u00e9v\u00e9ler ce que nous faisons. Sentons-nous libres de partager ce que nous souhaitons.<\/p>\n<p>\n<\/div><div class=\"kc-elm kc-css-41954\" style=\"height: 20px; clear: both; width:100%;\"><\/div>\n<div class=\"kc-elm kc-css-628177 kc-pro-button kc-button-1\">\n\t<a href=\"https:\/\/www.u-bourgogne.fr\/actualites\/lancement-des-etats-generaux-de-la-formation.html\">\n\t\t<span class=\"creative_title\">Consulter l:apos:actualit\u00e9 sur le site de l:apos:uB<\/span>\t<\/a>\n<\/div>\n<div class=\"kc-elm kc-css-362498\" style=\"height: 20px; clear: both; width:100%;\"><\/div><\/div><\/div><\/div><\/div><\/section>\n","protected":false},"excerpt":{"rendered":"<p>&hellip;<\/p>\n","protected":false},"author":3185,"featured_media":5376,"comment_status":"open","ping_status":"open","sticky":false,"template":"","format":"standard","meta":{"_lmt_disableupdate":"","_lmt_disable":""},"categories":[458],"tags":[],"acf":[],"yoast_head":"<!-- This site is optimized with the Yoast SEO plugin v17.2 - https:\/\/yoast.com\/wordpress\/plugins\/seo\/ -->\n<meta name=\"robots\" content=\"index, follow, max-snippet:-1, max-image-preview:large, max-video-preview:-1\" \/>\n<link rel=\"canonical\" href=\"https:\/\/iutdijon.u-bourgogne.fr\/www\/actualites\/lancement-des-etats-generaux-de-la-formation.html\" \/>\n<meta property=\"og:locale\" content=\"fr_FR\" \/>\n<meta property=\"og:type\" content=\"article\" \/>\n<meta property=\"og:title\" content=\"Lancement des Etats G\u00e9n\u00e9raux de la formation &gt; IUT Dijon-Auxerre-Nevers\" \/>\n<meta property=\"og:description\" content=\"Les Etats G\u00e9n\u00e9raux (EG) sont la premi\u00e8re pierre, collective et participative, d\u2019un Projet d\u2019\u00c9tablissement ambitieux et r\u00e9aliste pour la formation \u00e0 l\u2019uB. Durant deux mois, du 04\/12\/2020 au 05\/02\/2021, nous pouvons d\u00e9poser&hellip;\" \/>\n<meta property=\"og:url\" content=\"https:\/\/iutdijon.u-bourgogne.fr\/www\/actualites\/lancement-des-etats-generaux-de-la-formation.html\" \/>\n<meta property=\"og:site_name\" content=\"IUT Dijon-Auxerre-Nevers\" \/>\n<meta property=\"article:published_time\" content=\"2020-12-09T16:00:28+00:00\" \/>\n<meta property=\"article:modified_time\" content=\"2020-12-10T13:54:07+00:00\" \/>\n<meta property=\"og:image\" content=\"https:\/\/iutdijon.u-bourgogne.fr\/www\/wp-content\/uploads\/2020\/12\/actu_etats_generaux_formation.jpg\" \/>\n\t<meta property=\"og:image:width\" content=\"671\" \/>\n\t<meta property=\"og:image:height\" content=\"447\" \/>\n<meta name=\"twitter:card\" content=\"summary_large_image\" \/>\n<meta name=\"twitter:label1\" content=\"\u00c9crit par\" \/>\n\t<meta name=\"twitter:data1\" content=\"Jeanne-Marie BORDELOT\" \/>\n<script type=\"application\/ld+json\" class=\"yoast-schema-graph\">{\"@context\":\"https:\/\/schema.org\",\"@graph\":[{\"@type\":\"WebSite\",\"@id\":\"https:\/\/iutdijon.u-bourgogne.fr\/www\/#website\",\"url\":\"https:\/\/iutdijon.u-bourgogne.fr\/www\/\",\"name\":\"IUT Dijon-Auxerre-Nevers\",\"description\":\"L&#039;IUT Dijon-Auxerre-Nevers propose des formations post-bac dans les secteurs Informatique, Tertiaire et Industriel. Il d\\u00e9livre des dipl\\u00f4mes \\u00e0 Bac+3 (Bachelors Universitaires de Technologie ou Licences Professionnelles).\",\"potentialAction\":[{\"@type\":\"SearchAction\",\"target\":{\"@type\":\"EntryPoint\",\"urlTemplate\":\"https:\/\/iutdijon.u-bourgogne.fr\/www\/?s={search_term_string}\"},\"query-input\":\"required name=search_term_string\"}],\"inLanguage\":\"fr-FR\"},{\"@type\":\"ImageObject\",\"@id\":\"https:\/\/iutdijon.u-bourgogne.fr\/www\/actualites\/lancement-des-etats-generaux-de-la-formation.html#primaryimage\",\"inLanguage\":\"fr-FR\",\"url\":\"https:\/\/iutdijon.u-bourgogne.fr\/www\/wp-content\/uploads\/2020\/12\/actu_etats_generaux_formation.jpg\",\"contentUrl\":\"https:\/\/iutdijon.u-bourgogne.fr\/www\/wp-content\/uploads\/2020\/12\/actu_etats_generaux_formation.jpg\",\"width\":671,\"height\":447,\"caption\":\"Visuel de communication des Etats Generaux de la formation\"},{\"@type\":\"WebPage\",\"@id\":\"https:\/\/iutdijon.u-bourgogne.fr\/www\/actualites\/lancement-des-etats-generaux-de-la-formation.html#webpage\",\"url\":\"https:\/\/iutdijon.u-bourgogne.fr\/www\/actualites\/lancement-des-etats-generaux-de-la-formation.html\",\"name\":\"Lancement des Etats G\\u00e9n\\u00e9raux de la formation &gt; IUT Dijon-Auxerre-Nevers\",\"isPartOf\":{\"@id\":\"https:\/\/iutdijon.u-bourgogne.fr\/www\/#website\"},\"primaryImageOfPage\":{\"@id\":\"https:\/\/iutdijon.u-bourgogne.fr\/www\/actualites\/lancement-des-etats-generaux-de-la-formation.html#primaryimage\"},\"datePublished\":\"2020-12-09T16:00:28+00:00\",\"dateModified\":\"2020-12-10T13:54:07+00:00\",\"author\":{\"@id\":\"https:\/\/iutdijon.u-bourgogne.fr\/www\/#\/schema\/person\/fc0840e606b0fe8198fbc1fc38f254b7\"},\"breadcrumb\":{\"@id\":\"https:\/\/iutdijon.u-bourgogne.fr\/www\/actualites\/lancement-des-etats-generaux-de-la-formation.html#breadcrumb\"},\"inLanguage\":\"fr-FR\",\"potentialAction\":[{\"@type\":\"ReadAction\",\"target\":[\"https:\/\/iutdijon.u-bourgogne.fr\/www\/actualites\/lancement-des-etats-generaux-de-la-formation.html\"]}]},{\"@type\":\"BreadcrumbList\",\"@id\":\"https:\/\/iutdijon.u-bourgogne.fr\/www\/actualites\/lancement-des-etats-generaux-de-la-formation.html#breadcrumb\",\"itemListElement\":[{\"@type\":\"ListItem\",\"position\":1,\"name\":\"Accueil\",\"item\":\"https:\/\/iutdijon.u-bourgogne.fr\/www\/\"},{\"@type\":\"ListItem\",\"position\":2,\"name\":\"Actualit\\u00e9s\",\"item\":\"https:\/\/iutdijon.u-bourgogne.fr\/www\/category\/actualites\"},{\"@type\":\"ListItem\",\"position\":3,\"name\":\"Lancement des Etats G\\u00e9n\\u00e9raux de la formation\"}]},{\"@type\":\"Person\",\"@id\":\"https:\/\/iutdijon.u-bourgogne.fr\/www\/#\/schema\/person\/fc0840e606b0fe8198fbc1fc38f254b7\",\"name\":\"Jeanne-Marie BORDELOT\",\"image\":{\"@type\":\"ImageObject\",\"@id\":\"https:\/\/iutdijon.u-bourgogne.fr\/www\/#personlogo\",\"inLanguage\":\"fr-FR\",\"url\":\"https:\/\/secure.gravatar.com\/avatar\/aba6f04b7ddaa95d23b791bf7fe581fc?s=96&d=mm&r=g\",\"contentUrl\":\"https:\/\/secure.gravatar.com\/avatar\/aba6f04b7ddaa95d23b791bf7fe581fc?s=96&d=mm&r=g\",\"caption\":\"Jeanne-Marie BORDELOT\"},\"url\":\"https:\/\/iutdijon.u-bourgogne.fr\/www\/author\/jmbord\"}]}<\/script>\n<!-- \/ Yoast SEO plugin. -->","yoast_head_json":{"robots":{"index":"index","follow":"follow","max-snippet":"max-snippet:-1","max-image-preview":"max-image-preview:large","max-video-preview":"max-video-preview:-1"},"canonical":"https:\/\/iutdijon.u-bourgogne.fr\/www\/actualites\/lancement-des-etats-generaux-de-la-formation.html","og_locale":"fr_FR","og_type":"article","og_title":"Lancement des Etats G\u00e9n\u00e9raux de la formation &gt; IUT Dijon-Auxerre-Nevers","og_description":"Les Etats G\u00e9n\u00e9raux (EG) sont la premi\u00e8re pierre, collective et participative, d\u2019un Projet d\u2019\u00c9tablissement ambitieux et r\u00e9aliste pour la formation \u00e0 l\u2019uB. Durant deux mois, du 04\/12\/2020 au 05\/02\/2021, nous pouvons d\u00e9poser&hellip;","og_url":"https:\/\/iutdijon.u-bourgogne.fr\/www\/actualites\/lancement-des-etats-generaux-de-la-formation.html","og_site_name":"IUT Dijon-Auxerre-Nevers","article_published_time":"2020-12-09T16:00:28+00:00","article_modified_time":"2020-12-10T13:54:07+00:00","og_image":[{"width":671,"height":447,"url":"https:\/\/iutdijon.u-bourgogne.fr\/www\/wp-content\/uploads\/2020\/12\/actu_etats_generaux_formation.jpg","path":"\/var\/www\/html\/www\/wp-content\/uploads\/2020\/12\/actu_etats_generaux_formation.jpg","size":"full","id":5376,"alt":"","pixels":299937,"type":"image\/jpeg"}],"twitter_card":"summary_large_image","twitter_misc":{"\u00c9crit par":"Jeanne-Marie BORDELOT"},"schema":{"@context":"https:\/\/schema.org","@graph":[{"@type":"WebSite","@id":"https:\/\/iutdijon.u-bourgogne.fr\/www\/#website","url":"https:\/\/iutdijon.u-bourgogne.fr\/www\/","name":"IUT Dijon-Auxerre-Nevers","description":"L&#039;IUT Dijon-Auxerre-Nevers propose des formations post-bac dans les secteurs Informatique, Tertiaire et Industriel. Il d\u00e9livre des dipl\u00f4mes \u00e0 Bac+3 (Bachelors Universitaires de Technologie ou Licences Professionnelles).","potentialAction":[{"@type":"SearchAction","target":{"@type":"EntryPoint","urlTemplate":"https:\/\/iutdijon.u-bourgogne.fr\/www\/?s={search_term_string}"},"query-input":"required name=search_term_string"}],"inLanguage":"fr-FR"},{"@type":"ImageObject","@id":"https:\/\/iutdijon.u-bourgogne.fr\/www\/actualites\/lancement-des-etats-generaux-de-la-formation.html#primaryimage","inLanguage":"fr-FR","url":"https:\/\/iutdijon.u-bourgogne.fr\/www\/wp-content\/uploads\/2020\/12\/actu_etats_generaux_formation.jpg","contentUrl":"https:\/\/iutdijon.u-bourgogne.fr\/www\/wp-content\/uploads\/2020\/12\/actu_etats_generaux_formation.jpg","width":671,"height":447,"caption":"Visuel de communication des Etats Generaux de la formation"},{"@type":"WebPage","@id":"https:\/\/iutdijon.u-bourgogne.fr\/www\/actualites\/lancement-des-etats-generaux-de-la-formation.html#webpage","url":"https:\/\/iutdijon.u-bourgogne.fr\/www\/actualites\/lancement-des-etats-generaux-de-la-formation.html","name":"Lancement des Etats G\u00e9n\u00e9raux de la formation &gt; IUT Dijon-Auxerre-Nevers","isPartOf":{"@id":"https:\/\/iutdijon.u-bourgogne.fr\/www\/#website"},"primaryImageOfPage":{"@id":"https:\/\/iutdijon.u-bourgogne.fr\/www\/actualites\/lancement-des-etats-generaux-de-la-formation.html#primaryimage"},"datePublished":"2020-12-09T16:00:28+00:00","dateModified":"2020-12-10T13:54:07+00:00","author":{"@id":"https:\/\/iutdijon.u-bourgogne.fr\/www\/#\/schema\/person\/fc0840e606b0fe8198fbc1fc38f254b7"},"breadcrumb":{"@id":"https:\/\/iutdijon.u-bourgogne.fr\/www\/actualites\/lancement-des-etats-generaux-de-la-formation.html#breadcrumb"},"inLanguage":"fr-FR","potentialAction":[{"@type":"ReadAction","target":["https:\/\/iutdijon.u-bourgogne.fr\/www\/actualites\/lancement-des-etats-generaux-de-la-formation.html"]}]},{"@type":"BreadcrumbList","@id":"https:\/\/iutdijon.u-bourgogne.fr\/www\/actualites\/lancement-des-etats-generaux-de-la-formation.html#breadcrumb","itemListElement":[{"@type":"ListItem","position":1,"name":"Accueil","item":"https:\/\/iutdijon.u-bourgogne.fr\/www\/"},{"@type":"ListItem","position":2,"name":"Actualit\u00e9s","item":"https:\/\/iutdijon.u-bourgogne.fr\/www\/category\/actualites"},{"@type":"ListItem","position":3,"name":"Lancement des Etats G\u00e9n\u00e9raux de la formation"}]},{"@type":"Person","@id":"https:\/\/iutdijon.u-bourgogne.fr\/www\/#\/schema\/person\/fc0840e606b0fe8198fbc1fc38f254b7","name":"Jeanne-Marie BORDELOT","image":{"@type":"ImageObject","@id":"https:\/\/iutdijon.u-bourgogne.fr\/www\/#personlogo","inLanguage":"fr-FR","url":"https:\/\/secure.gravatar.com\/avatar\/aba6f04b7ddaa95d23b791bf7fe581fc?s=96&d=mm&r=g","contentUrl":"https:\/\/secure.gravatar.com\/avatar\/aba6f04b7ddaa95d23b791bf7fe581fc?s=96&d=mm&r=g","caption":"Jeanne-Marie BORDELOT"},"url":"https:\/\/iutdijon.u-bourgogne.fr\/www\/author\/jmbord"}]}},"modified_by":"Franck DEHER","_links":{"self":[{"href":"https:\/\/iutdijon.u-bourgogne.fr\/www\/wp-json\/wp\/v2\/posts\/5377"}],"collection":[{"href":"https:\/\/iutdijon.u-bourgogne.fr\/www\/wp-json\/wp\/v2\/posts"}],"about":[{"href":"https:\/\/iutdijon.u-bourgogne.fr\/www\/wp-json\/wp\/v2\/types\/post"}],"author":[{"embeddable":true,"href":"https:\/\/iutdijon.u-bourgogne.fr\/www\/wp-json\/wp\/v2\/users\/3185"}],"replies":[{"embeddable":true,"href":"https:\/\/iutdijon.u-bourgogne.fr\/www\/wp-json\/wp\/v2\/comments?post=5377"}],"version-history":[{"count":6,"href":"https:\/\/iutdijon.u-bourgogne.fr\/www\/wp-json\/wp\/v2\/posts\/5377\/revisions"}],"predecessor-version":[{"id":5409,"href":"https:\/\/iutdijon.u-bourgogne.fr\/www\/wp-json\/wp\/v2\/posts\/5377\/revisions\/5409"}],"wp:featuredmedia":[{"embeddable":true,"href":"https:\/\/iutdijon.u-bourgogne.fr\/www\/wp-json\/wp\/v2\/media\/5376"}],"wp:attachment":[{"href":"https:\/\/iutdijon.u-bourgogne.fr\/www\/wp-json\/wp\/v2\/media?parent=5377"}],"wp:term":[{"taxonomy":"category","embeddable":true,"href":"https:\/\/iutdijon.u-bourgogne.fr\/www\/wp-json\/wp\/v2\/categories?post=5377"},{"taxonomy":"post_tag","embeddable":true,"href":"https:\/\/iutdijon.u-bourgogne.fr\/www\/wp-json\/wp\/v2\/tags?post=5377"}],"curies":[{"name":"wp","href":"https:\/\/api.w.org\/{rel}","templated":true}]}}