{"id":2791,"date":"2020-07-10T15:30:16","date_gmt":"2020-07-10T13:30:16","guid":{"rendered":"https:\/\/iutdijon.u-bourgogne.fr\/www\/?p=2791"},"modified":"2025-11-17T10:37:30","modified_gmt":"2025-11-17T09:37:30","slug":"collecte-cufpa","status":"publish","type":"post","link":"https:\/\/iutdijon.u-bourgogne.fr\/www\/relations-entreprises\/collecte-cufpa.html","title":{"rendered":"La collecte de la CUFPA \u00e0 l&rsquo;IUT"},"content":{"rendered":"<section class=\"kc-elm kc-css-628190 kc_row\"><div class=\"kc-row-container  kc-container\"><div class=\"kc-wrap-columns\"><div id=\"gk-sidebar\" class=\"kc-elm kc-css-113716 kc_col-sm-8 kc_column kc_col-sm-8\"><div class=\"kc-col-container\"><div class=\"kc-elm kc-css-907983\" style=\"height: 20px; clear: both; width:100%;\"><\/div><div class=\"kc-elm kc-css-715260 kc_text_block\"><\/p>\n<h4>POUR LA R\u00c9USSITE DES TALENTS DE DEMAIN !<\/h4>\n<p>Financement indispensable pour le d\u00e9veloppement de l&rsquo;enseignement de nos formations, la <strong>CUFPA<\/strong> permet l&rsquo;am\u00e9lioration de nos \u00e9quipements p\u00e9dagogiques, assurant ainsi \u00e0 nos \u00e9tudiants une formation de qualit\u00e9 leur permettant d&rsquo;acqu\u00e9rir les comp\u00e9tences n\u00e9cessaires \u00e0 vos besoins.<\/p>\n<p><span>En 2025, soutenez activement la strat\u00e9gie d\u2019innovation p\u00e9dagogique de notre \u00e9tablissement et participez \u00e0 la formation de vos futurs salari\u00e9s en nous versant votre <\/span><strong>CUFPA<\/strong><span>\u00a0(Contribution unique des entreprises \u00e0 la formation professionnelle et \u00e0 l\u2019alternance).<\/span><\/p>\n<p>Pour cela, apr\u00e8s la d\u00e9claration de votre solde de la taxe d&rsquo;apprentissage via votre <a href=\"https:\/\/www.net-entreprises.fr\/\" target=\"_blank\" title=\"Nouvelle fen\u00eatre : Net entreprises - DSN\" rel=\"noopener\">d\u00e9claration sociale nominative<\/a> d&rsquo;avril 2025, il conviendra que vous<strong> fl\u00e9chiez ce solde vers l&rsquo;IUT Dijon-Auxerre-Nevers sur la <a href=\"https:\/\/www.soltea.education.gouv.fr\/espace-public\/\" target=\"_blank\" title=\"Nouvelle fen\u00eatre : Plateforme SOLT\u00e9A - CDC\" rel=\"noopener\">plateforme SOLT\u00e9A<\/a><\/strong> de la Caisse des D\u00e9p\u00f4ts et Consignations (CDC).<\/p>\n<p>Cette op\u00e9ration de fl\u00e9chage est \u00e0 effectuer entre le 26 mai et le 24 octobre 2025.<\/p>\n<p>Pour trouver l&rsquo;IUT Dijon-Auxerre-Nevers sur la plateforme, voici nos codes UAI<\/p>\n<ul>\n<li><strong>site de Dijon : 0211139Z<\/strong><\/li>\n<li><strong>site d&rsquo;Auxerre : 0891222V<\/strong><\/li>\n<li><strong>site de Nevers : 0580779G<\/strong><\/li>\n<\/ul>\n<p>\n<\/div><div class=\"kc-elm kc-css-372599 kc_text_block sombre\"><\/p>\n<p>Gr\u00e2ce \u00e0 votre contribution, de nombreux projets ont d\u00e9j\u00e0 pu \u00eatre r\u00e9alis\u00e9s :<\/p>\n<ul>\n<li>2 Postes de S\u00e9curit\u00e9 Microbiologiques (PSM) (Biologie)<\/li>\n<li>Une imprimante 3D (M\u00e9canique)<\/li>\n<li>31 stations de travail pour salles informatiques (Tertiaire et G\u00e9nie Civil)<\/li>\n<li>8 analyseurs de spectre (R\u00e9seaux et T\u00e9l\u00e9communications)<\/li>\n<li>du mat\u00e9riel pour la performance d&rsquo;un syst\u00e8me de virtualisation pour serveur (Informatique).<\/li>\n<\/ul>\n<div class=\"kc-elm kc-css-866771 kc_col-sm-8 kc_column kc_col-sm-8\">\n<div class=\"kc-col-container\">\n<div class=\"kc-elm kc-css-589137 kc_text_block\">\n<p><strong>Les projets \u00e0 accomplir sont nombreux : devenez notre partenaire privil\u00e9gi\u00e9 en choisissant l&rsquo;IUT !\u00a0<br \/>\n<\/strong><\/p>\n<\/div>\n<\/div>\n<\/div>\n<p>\n<\/div><\/div><\/div><div id=\"gk-sidebar\" class=\"kc-elm kc-css-496058 kc_col-sm-5 kc_column kc_col-sm-5\"><div class=\"kc-col-container\"><div class=\"kc-elm kc-css-179471 kc_text_block contacts\"><\/p>\n<h2>Contact Relations Entreprises<\/h2>\n<ul>\n<li><strong>Responsable Relations Entreprises<br \/>\nManitra RAKOTOARISON<\/strong><br \/>\nT\u00e9l. : 03.80.39.64.33<br \/>\nE-mail : <a href=\"mailto:entreprises@iut-dijon.u-bourgogne.fr\" title=\"Entreprises@iut-dijon.u-bourgogne.fr\">entreprises@iut-dijon.u-bourgogne.fr<\/a><\/li>\n<\/ul>\n<p>\n<\/div>\n\t<div class=\"kc-elm kc-css-275648 kc_shortcode kc_video_play kc_video_wrapper\">\n\t\t\t\t\t\t\t\t<video width=\"600\" height=\"338.98305084746\" controls autoplay>\n\t\t\t\t<source src=\"https:\/\/iutdijon.u-bourgogne.fr\/www\/wp-content\/uploads\/2022\/03\/IUT-DIJON-INVESTISSEZ.mp4\" type=\"video\/mp4\">\n\t\t\t\tYour browser does not support the video tag.\t\t\t<\/video>\n\n\t\t\t<\/div>\n\n<div class=\"kc-elm kc-css-925375 kc_text_block techargements box\"><\/p>\n<h3>T\u00e9l\u00e9chargements<\/h3>\n<ul>\n<li><a href=\"https:\/\/iutdijon.u-bourgogne.fr\/www\/wp-content\/uploads\/2025\/10\/FLYER-SOLTEA-2025.pdf\" title=\"Employeurs : R\u00e9partissez Le Solde De Votre Taxe D\u2019apprentissage\u00a0\">Employeurs : r\u00e9partissez le solde de votre taxe d&rsquo;apprentissage\u00a0<\/a><\/li>\n<\/ul>\n<p>\n<\/div><\/div><\/div><\/div><\/div><\/section>\n","protected":false},"excerpt":{"rendered":"<p>&hellip;<\/p>\n","protected":false},"author":3185,"featured_media":0,"comment_status":"open","ping_status":"open","sticky":false,"template":"","format":"standard","meta":{"_lmt_disableupdate":"no","_lmt_disable":"no"},"categories":[614],"tags":[],"acf":[],"yoast_head":"<!-- This site is optimized with the Yoast SEO plugin v17.2 - https:\/\/yoast.com\/wordpress\/plugins\/seo\/ -->\n<meta name=\"robots\" content=\"index, follow, max-snippet:-1, max-image-preview:large, max-video-preview:-1\" \/>\n<link rel=\"canonical\" href=\"https:\/\/iutdijon.u-bourgogne.fr\/www\/relations-entreprises\/collecte-cufpa.html\" \/>\n<meta property=\"og:locale\" content=\"fr_FR\" \/>\n<meta property=\"og:type\" content=\"article\" \/>\n<meta property=\"og:title\" content=\"La collecte de la CUFPA \u00e0 l&#039;IUT &gt; IUT Dijon-Auxerre-Nevers\" \/>\n<meta property=\"og:description\" content=\"POUR LA R\u00c9USSITE DES TALENTS DE DEMAIN ! Financement indispensable pour le d\u00e9veloppement de l&rsquo;enseignement de nos formations, la CUFPA permet l&rsquo;am\u00e9lioration de nos \u00e9quipements p\u00e9dagogiques, assurant ainsi \u00e0 nos \u00e9tudiants une&hellip;\" \/>\n<meta property=\"og:url\" content=\"https:\/\/iutdijon.u-bourgogne.fr\/www\/relations-entreprises\/collecte-cufpa.html\" \/>\n<meta property=\"og:site_name\" content=\"IUT Dijon-Auxerre-Nevers\" \/>\n<meta property=\"article:published_time\" content=\"2020-07-10T13:30:16+00:00\" \/>\n<meta property=\"article:modified_time\" content=\"2025-11-17T09:37:30+00:00\" \/>\n<meta name=\"twitter:card\" content=\"summary_large_image\" \/>\n<meta name=\"twitter:label1\" content=\"\u00c9crit par\" \/>\n\t<meta name=\"twitter:data1\" content=\"Jeanne-Marie BORDELOT\" \/>\n\t<meta name=\"twitter:label2\" content=\"Dur\u00e9e de lecture est.\" \/>\n\t<meta name=\"twitter:data2\" content=\"1 minute\" \/>\n<script type=\"application\/ld+json\" class=\"yoast-schema-graph\">{\"@context\":\"https:\/\/schema.org\",\"@graph\":[{\"@type\":\"WebSite\",\"@id\":\"https:\/\/iutdijon.u-bourgogne.fr\/www\/#website\",\"url\":\"https:\/\/iutdijon.u-bourgogne.fr\/www\/\",\"name\":\"IUT Dijon-Auxerre-Nevers\",\"description\":\"L&#039;IUT Dijon-Auxerre-Nevers propose des formations post-bac dans les secteurs Informatique, Tertiaire et Industriel. Il d\\u00e9livre des dipl\\u00f4mes \\u00e0 Bac+3 (Bachelors Universitaires de Technologie ou Licences Professionnelles).\",\"potentialAction\":[{\"@type\":\"SearchAction\",\"target\":{\"@type\":\"EntryPoint\",\"urlTemplate\":\"https:\/\/iutdijon.u-bourgogne.fr\/www\/?s={search_term_string}\"},\"query-input\":\"required name=search_term_string\"}],\"inLanguage\":\"fr-FR\"},{\"@type\":\"WebPage\",\"@id\":\"https:\/\/iutdijon.u-bourgogne.fr\/www\/relations-entreprises\/collecte-cufpa.html#webpage\",\"url\":\"https:\/\/iutdijon.u-bourgogne.fr\/www\/relations-entreprises\/collecte-cufpa.html\",\"name\":\"La collecte de la CUFPA \\u00e0 l'IUT &gt; IUT Dijon-Auxerre-Nevers\",\"isPartOf\":{\"@id\":\"https:\/\/iutdijon.u-bourgogne.fr\/www\/#website\"},\"datePublished\":\"2020-07-10T13:30:16+00:00\",\"dateModified\":\"2025-11-17T09:37:30+00:00\",\"author\":{\"@id\":\"https:\/\/iutdijon.u-bourgogne.fr\/www\/#\/schema\/person\/fc0840e606b0fe8198fbc1fc38f254b7\"},\"breadcrumb\":{\"@id\":\"https:\/\/iutdijon.u-bourgogne.fr\/www\/relations-entreprises\/collecte-cufpa.html#breadcrumb\"},\"inLanguage\":\"fr-FR\",\"potentialAction\":[{\"@type\":\"ReadAction\",\"target\":[\"https:\/\/iutdijon.u-bourgogne.fr\/www\/relations-entreprises\/collecte-cufpa.html\"]}]},{\"@type\":\"BreadcrumbList\",\"@id\":\"https:\/\/iutdijon.u-bourgogne.fr\/www\/relations-entreprises\/collecte-cufpa.html#breadcrumb\",\"itemListElement\":[{\"@type\":\"ListItem\",\"position\":1,\"name\":\"Accueil\",\"item\":\"https:\/\/iutdijon.u-bourgogne.fr\/www\/\"},{\"@type\":\"ListItem\",\"position\":2,\"name\":\"Relations Entreprises\",\"item\":\"https:\/\/iutdijon.u-bourgogne.fr\/www\/category\/relations-entreprises\"},{\"@type\":\"ListItem\",\"position\":3,\"name\":\"La collecte de la CUFPA \\u00e0 l&#8217;IUT\"}]},{\"@type\":\"Person\",\"@id\":\"https:\/\/iutdijon.u-bourgogne.fr\/www\/#\/schema\/person\/fc0840e606b0fe8198fbc1fc38f254b7\",\"name\":\"Jeanne-Marie BORDELOT\",\"image\":{\"@type\":\"ImageObject\",\"@id\":\"https:\/\/iutdijon.u-bourgogne.fr\/www\/#personlogo\",\"inLanguage\":\"fr-FR\",\"url\":\"https:\/\/secure.gravatar.com\/avatar\/aba6f04b7ddaa95d23b791bf7fe581fc?s=96&d=mm&r=g\",\"contentUrl\":\"https:\/\/secure.gravatar.com\/avatar\/aba6f04b7ddaa95d23b791bf7fe581fc?s=96&d=mm&r=g\",\"caption\":\"Jeanne-Marie BORDELOT\"},\"url\":\"https:\/\/iutdijon.u-bourgogne.fr\/www\/author\/jmbord\"}]}<\/script>\n<!-- \/ Yoast SEO plugin. -->","yoast_head_json":{"robots":{"index":"index","follow":"follow","max-snippet":"max-snippet:-1","max-image-preview":"max-image-preview:large","max-video-preview":"max-video-preview:-1"},"canonical":"https:\/\/iutdijon.u-bourgogne.fr\/www\/relations-entreprises\/collecte-cufpa.html","og_locale":"fr_FR","og_type":"article","og_title":"La collecte de la CUFPA \u00e0 l'IUT &gt; IUT Dijon-Auxerre-Nevers","og_description":"POUR LA R\u00c9USSITE DES TALENTS DE DEMAIN ! Financement indispensable pour le d\u00e9veloppement de l&rsquo;enseignement de nos formations, la CUFPA permet l&rsquo;am\u00e9lioration de nos \u00e9quipements p\u00e9dagogiques, assurant ainsi \u00e0 nos \u00e9tudiants une&hellip;","og_url":"https:\/\/iutdijon.u-bourgogne.fr\/www\/relations-entreprises\/collecte-cufpa.html","og_site_name":"IUT Dijon-Auxerre-Nevers","article_published_time":"2020-07-10T13:30:16+00:00","article_modified_time":"2025-11-17T09:37:30+00:00","twitter_card":"summary_large_image","twitter_misc":{"\u00c9crit par":"Jeanne-Marie BORDELOT","Dur\u00e9e de lecture est.":"1 minute"},"schema":{"@context":"https:\/\/schema.org","@graph":[{"@type":"WebSite","@id":"https:\/\/iutdijon.u-bourgogne.fr\/www\/#website","url":"https:\/\/iutdijon.u-bourgogne.fr\/www\/","name":"IUT Dijon-Auxerre-Nevers","description":"L&#039;IUT Dijon-Auxerre-Nevers propose des formations post-bac dans les secteurs Informatique, Tertiaire et Industriel. Il d\u00e9livre des dipl\u00f4mes \u00e0 Bac+3 (Bachelors Universitaires de Technologie ou Licences Professionnelles).","potentialAction":[{"@type":"SearchAction","target":{"@type":"EntryPoint","urlTemplate":"https:\/\/iutdijon.u-bourgogne.fr\/www\/?s={search_term_string}"},"query-input":"required name=search_term_string"}],"inLanguage":"fr-FR"},{"@type":"WebPage","@id":"https:\/\/iutdijon.u-bourgogne.fr\/www\/relations-entreprises\/collecte-cufpa.html#webpage","url":"https:\/\/iutdijon.u-bourgogne.fr\/www\/relations-entreprises\/collecte-cufpa.html","name":"La collecte de la CUFPA \u00e0 l'IUT &gt; IUT Dijon-Auxerre-Nevers","isPartOf":{"@id":"https:\/\/iutdijon.u-bourgogne.fr\/www\/#website"},"datePublished":"2020-07-10T13:30:16+00:00","dateModified":"2025-11-17T09:37:30+00:00","author":{"@id":"https:\/\/iutdijon.u-bourgogne.fr\/www\/#\/schema\/person\/fc0840e606b0fe8198fbc1fc38f254b7"},"breadcrumb":{"@id":"https:\/\/iutdijon.u-bourgogne.fr\/www\/relations-entreprises\/collecte-cufpa.html#breadcrumb"},"inLanguage":"fr-FR","potentialAction":[{"@type":"ReadAction","target":["https:\/\/iutdijon.u-bourgogne.fr\/www\/relations-entreprises\/collecte-cufpa.html"]}]},{"@type":"BreadcrumbList","@id":"https:\/\/iutdijon.u-bourgogne.fr\/www\/relations-entreprises\/collecte-cufpa.html#breadcrumb","itemListElement":[{"@type":"ListItem","position":1,"name":"Accueil","item":"https:\/\/iutdijon.u-bourgogne.fr\/www\/"},{"@type":"ListItem","position":2,"name":"Relations Entreprises","item":"https:\/\/iutdijon.u-bourgogne.fr\/www\/category\/relations-entreprises"},{"@type":"ListItem","position":3,"name":"La collecte de la CUFPA \u00e0 l&#8217;IUT"}]},{"@type":"Person","@id":"https:\/\/iutdijon.u-bourgogne.fr\/www\/#\/schema\/person\/fc0840e606b0fe8198fbc1fc38f254b7","name":"Jeanne-Marie BORDELOT","image":{"@type":"ImageObject","@id":"https:\/\/iutdijon.u-bourgogne.fr\/www\/#personlogo","inLanguage":"fr-FR","url":"https:\/\/secure.gravatar.com\/avatar\/aba6f04b7ddaa95d23b791bf7fe581fc?s=96&d=mm&r=g","contentUrl":"https:\/\/secure.gravatar.com\/avatar\/aba6f04b7ddaa95d23b791bf7fe581fc?s=96&d=mm&r=g","caption":"Jeanne-Marie BORDELOT"},"url":"https:\/\/iutdijon.u-bourgogne.fr\/www\/author\/jmbord"}]}},"modified_by":"Coline BONNET","_links":{"self":[{"href":"https:\/\/iutdijon.u-bourgogne.fr\/www\/wp-json\/wp\/v2\/posts\/2791"}],"collection":[{"href":"https:\/\/iutdijon.u-bourgogne.fr\/www\/wp-json\/wp\/v2\/posts"}],"about":[{"href":"https:\/\/iutdijon.u-bourgogne.fr\/www\/wp-json\/wp\/v2\/types\/post"}],"author":[{"embeddable":true,"href":"https:\/\/iutdijon.u-bourgogne.fr\/www\/wp-json\/wp\/v2\/users\/3185"}],"replies":[{"embeddable":true,"href":"https:\/\/iutdijon.u-bourgogne.fr\/www\/wp-json\/wp\/v2\/comments?post=2791"}],"version-history":[{"count":50,"href":"https:\/\/iutdijon.u-bourgogne.fr\/www\/wp-json\/wp\/v2\/posts\/2791\/revisions"}],"predecessor-version":[{"id":14919,"href":"https:\/\/iutdijon.u-bourgogne.fr\/www\/wp-json\/wp\/v2\/posts\/2791\/revisions\/14919"}],"wp:attachment":[{"href":"https:\/\/iutdijon.u-bourgogne.fr\/www\/wp-json\/wp\/v2\/media?parent=2791"}],"wp:term":[{"taxonomy":"category","embeddable":true,"href":"https:\/\/iutdijon.u-bourgogne.fr\/www\/wp-json\/wp\/v2\/categories?post=2791"},{"taxonomy":"post_tag","embeddable":true,"href":"https:\/\/iutdijon.u-bourgogne.fr\/www\/wp-json\/wp\/v2\/tags?post=2791"}],"curies":[{"name":"wp","href":"https:\/\/api.w.org\/{rel}","templated":true}]}}