{"id":2642,"date":"2020-07-07T14:38:39","date_gmt":"2020-07-07T12:38:39","guid":{"rendered":"https:\/\/iutdijon.u-bourgogne.fr\/www\/?p=2642"},"modified":"2025-09-15T14:45:11","modified_gmt":"2025-09-15T12:45:11","slug":"transfert-inter-academique","status":"publish","type":"post","link":"https:\/\/iutdijon.u-bourgogne.fr\/www\/scolarite\/transfert-inter-academique.html","title":{"rendered":"Transfert inter-acad\u00e9mique"},"content":{"rendered":"<section class=\"kc-elm kc-css-926467 kc_row\"><div class=\"kc-row-container  kc-container\"><div class=\"kc-wrap-columns\"><div class=\"kc-elm kc-css-819123 kc_col-sm-8 kc_column kc_col-sm-8\"><div class=\"kc-col-container\">\n<div class=\"kc-elm kc-css-547655 kc-title-wrap \">\n\n\t<h1 class=\"kc_title\">Transfert inter-acad\u00e9mique<\/h1>\n<\/div>\n<div class=\"kc-elm kc-css-878376\" style=\"height: 20px; clear: both; width:100%;\"><\/div><div data-closeall=\"true\" class=\"kc-elm kc-css-812024 kc_accordion_wrapper\">\n<div class=\"kc-elm kc-css-9652 kc_accordion_section group \"><h3 class=\"kc_accordion_header ui-accordion-header\"><span class=\"ui-accordion-header-icon ui-icon\"><\/span><a href=\"#pour-un-depart-vers-une-autre-universite\" data-prevent=\"scroll\"><i class=\"\"><\/i> Pour un d\u00e9part vers une autre universit\u00e9<\/a><\/h3><div class=\"kc_accordion_content ui-accordion-content kc_clearfix\"><div class=\"kc-panel-body\"><div class=\"kc-elm kc-css-817656 kc_text_block sombre\"><\/p>\n<p>Vous quittez l&rsquo;IUT (\u00e9tablissement d&rsquo;origine) pour vous inscrire dans une autre composante (\u00e9tablissement d&rsquo;accueil), hors de l&rsquo;Universit\u00e9 Bourgogne Europe.<\/p>\n<p>\n<\/div><div class=\"kc-elm kc-css-82887 kc_text_block\"><\/p>\n<h3>1<sup>\u00e8re<\/sup> \u00e9tape : formulez votre demande<\/h3>\n<p>Vous devez compl\u00e9ter la<a class=\"lienTelecharger\" href=\"https:\/\/www.ube.fr\/wp-content\/uploads\/2025\/04\/FMUL_transfert_depart_2025_2026-UBE.doc\" title=\"PDF : T\u00e9l\u00e9charger la fiche de transfert d\u00e9part | 511 Ko\"> fiche de transfert d\u00e9part<\/a> en pr\u00e9cisant l&rsquo;adresse m\u00e9l de la scolarit\u00e9 qui proc\u00e9dera \u00e0 votre inscription dans l&rsquo;\u00e9tablissement d&rsquo;accueil.<\/p>\n<p>Une fois compl\u00e9t\u00e9e et sign\u00e9e, transmettez-la par m\u00e9l ainsi qu&rsquo;un <a href=\"https:\/\/bu.u-bourgogne.fr\/EXPLOITATION\/1-informations-pratiques.aspx#QUITUS\" target=\"_blank\" title=\"Nouvelle fen\u00eatre : B.U. uB - quitus\" rel=\"noopener\">quitus de la biblioth\u00e8que<\/a> \u00e0 la scolarit\u00e9 de l&rsquo;IUT \u00e0 Dijon :<a href=\"mailto:transfert@iut-dijon.u-bourgogne.fr\" title=\"Envoyer un mail \u00e0 la scolarit\u00e9 de l'IUT - Transfert\"> transfert@iut-dijon.u-bourgogne.fr<\/a><\/p>\n<h3>2<sup>\u00e8me<\/sup> \u00e9tape : Envoi de votre dossier de transfert \u00e0 l&rsquo;universit\u00e9 d&rsquo;accueil<\/h3>\n<p>La scolarit\u00e9 de l&rsquo;IUT valide vos r\u00e9sultats sur la fiche transfert et l&rsquo;adresse, accompagn\u00e9e de votre quitus, \u00e0 l&rsquo;universit\u00e9 d&rsquo;accueil (\u00e0 d\u00e9faut, le dossier vous est adress\u00e9).<\/p>\n<p><span class=\"notice\">Vous devrez attendre les r\u00e9sultats du Grand Jury semestriel de juillet, voire celui de septembre, pour obtenir la confirmation de votre transfert.<\/span><\/p>\n<p>\n<\/div><\/div><\/div><\/div><div class=\"kc-elm kc-css-517673 kc_accordion_section group \"><h3 class=\"kc_accordion_header ui-accordion-header\"><span class=\"ui-accordion-header-icon ui-icon\"><\/span><a href=\"#pour-une-arrivee-a-laposuniversite-bourgogne-europe\" data-prevent=\"scroll\"><i class=\"\"><\/i> Pour une arriv\u00e9e \u00e0 l:apos:Universit\u00e9 Bourgogne Europe<\/a><\/h3><div class=\"kc_accordion_content ui-accordion-content kc_clearfix\"><div class=\"kc-panel-body\"><div class=\"kc-elm kc-css-490251 kc_text_block sombre\"><\/p>\n<p>Vous quittez votre universit\u00e9 (\u00e9tablissement d&rsquo;origine) pour vous inscrire \u00e0 l&rsquo;IUT Dijon-Auxerre-Nevers (\u00e9tablissement d&rsquo;accueil).<\/p>\n<p>\n<\/div><div class=\"kc-elm kc-css-767694 kc_text_block\"><\/p>\n<h3>1<sup>\u00e8re<\/sup> \u00e9tape : formulez votre demande<\/h3>\n<p>Vous devez compl\u00e9ter la <a class=\"lienTelecharger\" href=\"https:\/\/www.ube.fr\/wp-content\/uploads\/2025\/04\/FMUL_transfert_arrivee_2025_2026-UBE.doc\" title=\"DOC : T\u00e9l\u00e9charger la fiche de transfert arriv\u00e9e | 190 Ko\" rel=\"\">fiche de transfert arriv\u00e9e<\/a> en pr\u00e9cisant l&rsquo;adresse m\u00e9l de la scolarit\u00e9 de votre composante d&rsquo;origine. L&rsquo;examen de votre demande requiert \u00e9galement de nous adresser vos r\u00e9sultats (relev\u00e9s de notes) valid\u00e9s ou en cours ainsi qu&rsquo;une lettre de motivation.<\/p>\n<p>Une fois compl\u00e9t\u00e9e, transmettez-la par m\u00e9l accompagn\u00e9e de vos documents et d&rsquo;un quitus de la biblioth\u00e8que \u00e0 la scolarit\u00e9 de l&rsquo;IUT \u00e0 Dijon :<a href=\"mailto:transfert@iut-dijon.u-bourgogne.fr\" title=\"Envoyer un mail \u00e0 la scolarit\u00e9 de l'IUT - Transfert\"> transfert@iut-dijon.u-bourgogne.fr<\/a><\/p>\n<h3>2<sup>\u00e8me<\/sup> \u00e9tape : avis de l&rsquo;IUT Dijon-Auxerre-Nevers<\/h3>\n<p>D\u00e8s que la commission p\u00e9dagogique a \u00e9mis un avis concernant votre demande, la scolarit\u00e9 de l&rsquo;IUT \u00e0 Dijon transmet votre fiche \u00e0 votre composante d&rsquo;origine.<\/p>\n<h3>3<sup>\u00e8me<\/sup> \u00e9tape : envoi du dossier de transfert<\/h3>\n<p>\u00c0 r\u00e9ception de notre avis favorable, la scolarit\u00e9 de votre composante d&rsquo;origine nous transf\u00e8re votre dossier \u00e9tudiant.<\/p>\n<p><span class=\"notice\">L&rsquo;admission en deuxi\u00e8me ann\u00e9e est conditionn\u00e9e par votre parcours ant\u00e9rieur et la capacit\u00e9 d&rsquo;accueil dans la formation demand\u00e9e.<\/span><\/p>\n<p>\n<\/div><\/div><\/div><\/div><\/div>\n<\/div><\/div><div id=\"gk-sidebar\" class=\"kc-elm kc-css-502704 kc_col-sm-4 kc_column kc_col-sm-4\"><div class=\"kc-col-container\"><div class=\"kc-elm kc-css-432299 kc_text_block contacts\"><\/p>\n<h2>Contacts<\/h2>\n<ul>\n<li><strong>Service scolarit\u00e9<\/strong><br \/>\nT\u00e9l : <a href=\"phone:0380396402\" title=\"T\u00e9l\u00e9phoner au service scolarit\u00e9 de l'IUT - Transfert\">03.80.39.64.02<\/a><br \/>\n<a href=\"mailto:transfert@iut-dijon.u-bourgogne.fr\" title=\"Envoyer un mail au service scolarit\u00e9 de l'IUT - Transfert\">transfert@iut-dijon.u-bourgogne.fr<\/a><br \/>\n<a href=\"mailto:scolarite@iut-dijon.u-bourgogne.fr\" title=\"Envoyer un mail au service scolarit\u00e9 de l'IUT\">scolarite@iut-dijon.u-bourgogne.fr<\/a><\/li>\n<\/ul>\n<p>\n<\/div><\/div><\/div><\/div><\/div><\/section>\n","protected":false},"excerpt":{"rendered":"<p>&hellip;<\/p>\n","protected":false},"author":3185,"featured_media":0,"comment_status":"open","ping_status":"open","sticky":false,"template":"","format":"standard","meta":{"_lmt_disableupdate":"no","_lmt_disable":"no"},"categories":[712],"tags":[],"acf":[],"yoast_head":"<!-- This site is optimized with the Yoast SEO plugin v17.2 - https:\/\/yoast.com\/wordpress\/plugins\/seo\/ -->\n<meta name=\"robots\" content=\"index, follow, max-snippet:-1, max-image-preview:large, max-video-preview:-1\" \/>\n<link rel=\"canonical\" href=\"https:\/\/iutdijon.u-bourgogne.fr\/www\/scolarite\/transfert-inter-academique.html\" \/>\n<meta property=\"og:locale\" content=\"fr_FR\" \/>\n<meta property=\"og:type\" content=\"article\" \/>\n<meta property=\"og:title\" content=\"Transfert inter-acad\u00e9mique &gt; IUT Dijon-Auxerre-Nevers\" \/>\n<meta property=\"og:description\" content=\"Transfert inter-acad\u00e9mique Pour un d\u00e9part vers une autre universit\u00e9 Vous quittez l&rsquo;IUT (\u00e9tablissement d&rsquo;origine) pour vous inscrire dans une autre composante (\u00e9tablissement d&rsquo;accueil), hors de l&rsquo;Universit\u00e9 Bourgogne Europe. 1\u00e8re \u00e9tape : formulez&hellip;\" \/>\n<meta property=\"og:url\" content=\"https:\/\/iutdijon.u-bourgogne.fr\/www\/scolarite\/transfert-inter-academique.html\" \/>\n<meta property=\"og:site_name\" content=\"IUT Dijon-Auxerre-Nevers\" \/>\n<meta property=\"article:published_time\" content=\"2020-07-07T12:38:39+00:00\" \/>\n<meta property=\"article:modified_time\" content=\"2025-09-15T12:45:11+00:00\" \/>\n<meta name=\"twitter:card\" content=\"summary_large_image\" \/>\n<meta name=\"twitter:label1\" content=\"\u00c9crit par\" \/>\n\t<meta name=\"twitter:data1\" content=\"Jeanne-Marie BORDELOT\" \/>\n\t<meta name=\"twitter:label2\" content=\"Dur\u00e9e de lecture est.\" \/>\n\t<meta name=\"twitter:data2\" content=\"2 minutes\" \/>\n<script type=\"application\/ld+json\" class=\"yoast-schema-graph\">{\"@context\":\"https:\/\/schema.org\",\"@graph\":[{\"@type\":\"WebSite\",\"@id\":\"https:\/\/iutdijon.u-bourgogne.fr\/www\/#website\",\"url\":\"https:\/\/iutdijon.u-bourgogne.fr\/www\/\",\"name\":\"IUT Dijon-Auxerre-Nevers\",\"description\":\"L&#039;IUT Dijon-Auxerre-Nevers propose des formations post-bac dans les secteurs Informatique, Tertiaire et Industriel. Il d\\u00e9livre des dipl\\u00f4mes \\u00e0 Bac+3 (Bachelors Universitaires de Technologie ou Licences Professionnelles).\",\"potentialAction\":[{\"@type\":\"SearchAction\",\"target\":{\"@type\":\"EntryPoint\",\"urlTemplate\":\"https:\/\/iutdijon.u-bourgogne.fr\/www\/?s={search_term_string}\"},\"query-input\":\"required name=search_term_string\"}],\"inLanguage\":\"fr-FR\"},{\"@type\":\"WebPage\",\"@id\":\"https:\/\/iutdijon.u-bourgogne.fr\/www\/scolarite\/transfert-inter-academique.html#webpage\",\"url\":\"https:\/\/iutdijon.u-bourgogne.fr\/www\/scolarite\/transfert-inter-academique.html\",\"name\":\"Transfert inter-acad\\u00e9mique &gt; IUT Dijon-Auxerre-Nevers\",\"isPartOf\":{\"@id\":\"https:\/\/iutdijon.u-bourgogne.fr\/www\/#website\"},\"datePublished\":\"2020-07-07T12:38:39+00:00\",\"dateModified\":\"2025-09-15T12:45:11+00:00\",\"author\":{\"@id\":\"https:\/\/iutdijon.u-bourgogne.fr\/www\/#\/schema\/person\/fc0840e606b0fe8198fbc1fc38f254b7\"},\"breadcrumb\":{\"@id\":\"https:\/\/iutdijon.u-bourgogne.fr\/www\/scolarite\/transfert-inter-academique.html#breadcrumb\"},\"inLanguage\":\"fr-FR\",\"potentialAction\":[{\"@type\":\"ReadAction\",\"target\":[\"https:\/\/iutdijon.u-bourgogne.fr\/www\/scolarite\/transfert-inter-academique.html\"]}]},{\"@type\":\"BreadcrumbList\",\"@id\":\"https:\/\/iutdijon.u-bourgogne.fr\/www\/scolarite\/transfert-inter-academique.html#breadcrumb\",\"itemListElement\":[{\"@type\":\"ListItem\",\"position\":1,\"name\":\"Accueil\",\"item\":\"https:\/\/iutdijon.u-bourgogne.fr\/www\/\"},{\"@type\":\"ListItem\",\"position\":2,\"name\":\"Scolarit\\u00e9\",\"item\":\"https:\/\/iutdijon.u-bourgogne.fr\/www\/category\/scolarite\"},{\"@type\":\"ListItem\",\"position\":3,\"name\":\"Transfert inter-acad\\u00e9mique\"}]},{\"@type\":\"Person\",\"@id\":\"https:\/\/iutdijon.u-bourgogne.fr\/www\/#\/schema\/person\/fc0840e606b0fe8198fbc1fc38f254b7\",\"name\":\"Jeanne-Marie BORDELOT\",\"image\":{\"@type\":\"ImageObject\",\"@id\":\"https:\/\/iutdijon.u-bourgogne.fr\/www\/#personlogo\",\"inLanguage\":\"fr-FR\",\"url\":\"https:\/\/secure.gravatar.com\/avatar\/aba6f04b7ddaa95d23b791bf7fe581fc?s=96&d=mm&r=g\",\"contentUrl\":\"https:\/\/secure.gravatar.com\/avatar\/aba6f04b7ddaa95d23b791bf7fe581fc?s=96&d=mm&r=g\",\"caption\":\"Jeanne-Marie BORDELOT\"},\"url\":\"https:\/\/iutdijon.u-bourgogne.fr\/www\/author\/jmbord\"}]}<\/script>\n<!-- \/ Yoast SEO plugin. -->","yoast_head_json":{"robots":{"index":"index","follow":"follow","max-snippet":"max-snippet:-1","max-image-preview":"max-image-preview:large","max-video-preview":"max-video-preview:-1"},"canonical":"https:\/\/iutdijon.u-bourgogne.fr\/www\/scolarite\/transfert-inter-academique.html","og_locale":"fr_FR","og_type":"article","og_title":"Transfert inter-acad\u00e9mique &gt; IUT Dijon-Auxerre-Nevers","og_description":"Transfert inter-acad\u00e9mique Pour un d\u00e9part vers une autre universit\u00e9 Vous quittez l&rsquo;IUT (\u00e9tablissement d&rsquo;origine) pour vous inscrire dans une autre composante (\u00e9tablissement d&rsquo;accueil), hors de l&rsquo;Universit\u00e9 Bourgogne Europe. 1\u00e8re \u00e9tape : formulez&hellip;","og_url":"https:\/\/iutdijon.u-bourgogne.fr\/www\/scolarite\/transfert-inter-academique.html","og_site_name":"IUT Dijon-Auxerre-Nevers","article_published_time":"2020-07-07T12:38:39+00:00","article_modified_time":"2025-09-15T12:45:11+00:00","twitter_card":"summary_large_image","twitter_misc":{"\u00c9crit par":"Jeanne-Marie BORDELOT","Dur\u00e9e de lecture est.":"2 minutes"},"schema":{"@context":"https:\/\/schema.org","@graph":[{"@type":"WebSite","@id":"https:\/\/iutdijon.u-bourgogne.fr\/www\/#website","url":"https:\/\/iutdijon.u-bourgogne.fr\/www\/","name":"IUT Dijon-Auxerre-Nevers","description":"L&#039;IUT Dijon-Auxerre-Nevers propose des formations post-bac dans les secteurs Informatique, Tertiaire et Industriel. Il d\u00e9livre des dipl\u00f4mes \u00e0 Bac+3 (Bachelors Universitaires de Technologie ou Licences Professionnelles).","potentialAction":[{"@type":"SearchAction","target":{"@type":"EntryPoint","urlTemplate":"https:\/\/iutdijon.u-bourgogne.fr\/www\/?s={search_term_string}"},"query-input":"required name=search_term_string"}],"inLanguage":"fr-FR"},{"@type":"WebPage","@id":"https:\/\/iutdijon.u-bourgogne.fr\/www\/scolarite\/transfert-inter-academique.html#webpage","url":"https:\/\/iutdijon.u-bourgogne.fr\/www\/scolarite\/transfert-inter-academique.html","name":"Transfert inter-acad\u00e9mique &gt; IUT Dijon-Auxerre-Nevers","isPartOf":{"@id":"https:\/\/iutdijon.u-bourgogne.fr\/www\/#website"},"datePublished":"2020-07-07T12:38:39+00:00","dateModified":"2025-09-15T12:45:11+00:00","author":{"@id":"https:\/\/iutdijon.u-bourgogne.fr\/www\/#\/schema\/person\/fc0840e606b0fe8198fbc1fc38f254b7"},"breadcrumb":{"@id":"https:\/\/iutdijon.u-bourgogne.fr\/www\/scolarite\/transfert-inter-academique.html#breadcrumb"},"inLanguage":"fr-FR","potentialAction":[{"@type":"ReadAction","target":["https:\/\/iutdijon.u-bourgogne.fr\/www\/scolarite\/transfert-inter-academique.html"]}]},{"@type":"BreadcrumbList","@id":"https:\/\/iutdijon.u-bourgogne.fr\/www\/scolarite\/transfert-inter-academique.html#breadcrumb","itemListElement":[{"@type":"ListItem","position":1,"name":"Accueil","item":"https:\/\/iutdijon.u-bourgogne.fr\/www\/"},{"@type":"ListItem","position":2,"name":"Scolarit\u00e9","item":"https:\/\/iutdijon.u-bourgogne.fr\/www\/category\/scolarite"},{"@type":"ListItem","position":3,"name":"Transfert inter-acad\u00e9mique"}]},{"@type":"Person","@id":"https:\/\/iutdijon.u-bourgogne.fr\/www\/#\/schema\/person\/fc0840e606b0fe8198fbc1fc38f254b7","name":"Jeanne-Marie BORDELOT","image":{"@type":"ImageObject","@id":"https:\/\/iutdijon.u-bourgogne.fr\/www\/#personlogo","inLanguage":"fr-FR","url":"https:\/\/secure.gravatar.com\/avatar\/aba6f04b7ddaa95d23b791bf7fe581fc?s=96&d=mm&r=g","contentUrl":"https:\/\/secure.gravatar.com\/avatar\/aba6f04b7ddaa95d23b791bf7fe581fc?s=96&d=mm&r=g","caption":"Jeanne-Marie BORDELOT"},"url":"https:\/\/iutdijon.u-bourgogne.fr\/www\/author\/jmbord"}]}},"modified_by":"Christine GUYON","_links":{"self":[{"href":"https:\/\/iutdijon.u-bourgogne.fr\/www\/wp-json\/wp\/v2\/posts\/2642"}],"collection":[{"href":"https:\/\/iutdijon.u-bourgogne.fr\/www\/wp-json\/wp\/v2\/posts"}],"about":[{"href":"https:\/\/iutdijon.u-bourgogne.fr\/www\/wp-json\/wp\/v2\/types\/post"}],"author":[{"embeddable":true,"href":"https:\/\/iutdijon.u-bourgogne.fr\/www\/wp-json\/wp\/v2\/users\/3185"}],"replies":[{"embeddable":true,"href":"https:\/\/iutdijon.u-bourgogne.fr\/www\/wp-json\/wp\/v2\/comments?post=2642"}],"version-history":[{"count":41,"href":"https:\/\/iutdijon.u-bourgogne.fr\/www\/wp-json\/wp\/v2\/posts\/2642\/revisions"}],"predecessor-version":[{"id":14828,"href":"https:\/\/iutdijon.u-bourgogne.fr\/www\/wp-json\/wp\/v2\/posts\/2642\/revisions\/14828"}],"wp:attachment":[{"href":"https:\/\/iutdijon.u-bourgogne.fr\/www\/wp-json\/wp\/v2\/media?parent=2642"}],"wp:term":[{"taxonomy":"category","embeddable":true,"href":"https:\/\/iutdijon.u-bourgogne.fr\/www\/wp-json\/wp\/v2\/categories?post=2642"},{"taxonomy":"post_tag","embeddable":true,"href":"https:\/\/iutdijon.u-bourgogne.fr\/www\/wp-json\/wp\/v2\/tags?post=2642"}],"curies":[{"name":"wp","href":"https:\/\/api.w.org\/{rel}","templated":true}]}}