{"id":2640,"date":"2020-12-03T14:34:07","date_gmt":"2020-12-03T13:34:07","guid":{"rendered":"https:\/\/iutdijon.u-bourgogne.fr\/www\/?p=2640"},"modified":"2026-03-04T15:36:28","modified_gmt":"2026-03-04T14:36:28","slug":"retirer-son-diplome","status":"publish","type":"post","link":"https:\/\/iutdijon.u-bourgogne.fr\/www\/scolarite\/retirer-son-diplome.html","title":{"rendered":"Retirer son dipl\u00f4me"},"content":{"rendered":"<section class=\"kc-elm kc-css-119444 kc_row\"><div class=\"kc-row-container  kc-container\"><div class=\"kc-wrap-columns\"><div class=\"kc-elm kc-css-7216 kc_col-sm-8 kc_column kc_col-sm-8\"><div class=\"kc-col-container\"><div class=\"kc-elm kc-css-129852 kc_text_block\"><\/p>\n<h3>En juillet ou septembre de l&rsquo;ann\u00e9e dipl\u00f4mante<\/h3>\n<p>En cas de r\u00e9ussite, une <strong>attestation de dipl\u00f4me<\/strong> vous est communiqu\u00e9e \u00e0 l&rsquo;issue du jury d&rsquo;attribution de votre formation.<\/p>\n<p>Informez-vous aupr\u00e8s de votre secr\u00e9tariat de d\u00e9partement des modalit\u00e9s de retrait (sur place ou par courrier).<\/p>\n<h3>\u00c0 partir de fin f\u00e9vrier de l&rsquo;ann\u00e9e N+1<\/h3>\n<p>Votre <strong>dipl\u00f4me d\u00e9finitif<\/strong> sera disponible dans un d\u00e9lai de 6 mois apr\u00e8s la tenue des jurys, soit environ<strong> fin f\u00e9vrier de l&rsquo;ann\u00e9e N+1<\/strong>.<\/p>\n<p>La proc\u00e9dure de retrait est la suivante, quelque soit l&rsquo;ann\u00e9e d&rsquo;obtention de votre dipl\u00f4me.<\/p>\n<p>\n<\/div><div class=\"kc-elm kc-css-119769\" style=\"height: 20px; clear: both; width:100%;\"><\/div><div class=\"kc-elm kc-css-301830 kc_text_block sombre\"><\/p>\n<p><strong>Le retrait des dipl\u00f4mes au service de la scolarit\u00e9 ou l&rsquo;envoi par courrier recommand\u00e9 s&rsquo;effectuent de fin septembre \u00e0 fin juin (hors p\u00e9riode d&rsquo;inscription administrative), tenez compte de cette p\u00e9riode d&rsquo;interruption pour anticiper votre d\u00e9marche ou votre demande d&rsquo;envoi postal.<\/strong><\/p>\n<p>\n<\/div><div class=\"kc-elm kc-css-23117\" style=\"height: 20px; clear: both; width:100%;\"><\/div><div data-closeall=\"true\" class=\"kc-elm kc-css-579781 kc_accordion_wrapper\">\n<div class=\"kc-elm kc-css-889086 kc_accordion_section group \"><h3 class=\"kc_accordion_header ui-accordion-header\"><span class=\"ui-accordion-header-icon ui-icon\"><\/span><a href=\"#retrait-au-service-de-la-scolarite-de-laposiut-a-dijon\" data-prevent=\"scroll\"><i class=\"\"><\/i> Retrait au service de la Scolarit\u00e9 de l:apos:IUT \u00e0 Dijon<\/a><\/h3><div class=\"kc_accordion_content ui-accordion-content kc_clearfix\"><div class=\"kc-panel-body\"><div class=\"kc-elm kc-css-656962 kc_text_block\"><\/p>\n<p><strong>Vous retirez votre dipl\u00f4me en personne<\/strong><\/p>\n<ul>\n<li>Munissez-vous d&rsquo;une <strong>pi\u00e8ce d&rsquo;identit\u00e9<\/strong>.<\/li>\n<\/ul>\n<p><strong>Le retrait est effectu\u00e9 par procuration<\/strong><\/p>\n<ul>\n<li>Le mandataire doit se munir de <strong>sa pi\u00e8ce d&rsquo;identit\u00e9<\/strong>, d&rsquo;une <strong>lettre de procuration dat\u00e9e et sign\u00e9e par vous<\/strong> ainsi que de la <strong>copie de votre pi\u00e8ce d&rsquo;identit\u00e9 en <span style=\"text-decoration: underline;\">format papier<\/span><\/strong>.<\/li>\n<\/ul>\n<div><\/div>\n<div>Horaires d&rsquo;ouverture de la scolarit\u00e9<\/div>\n<ul>\n<li>du lundi au vendredi de 8h30 \u00e0 12h15 et de 13h30 \u00e0 16h30 (fermeture le mercredi matin)<\/li>\n<\/ul>\n<p>\n<\/div><\/div><\/div><\/div><div class=\"kc-elm kc-css-299738 kc_accordion_section group \"><h3 class=\"kc_accordion_header ui-accordion-header\"><span class=\"ui-accordion-header-icon ui-icon\"><\/span><a href=\"#envoi-par-courrier-recommande\" data-prevent=\"scroll\"><i class=\"\"><\/i> Envoi par courrier recommand\u00e9<\/a><\/h3><div class=\"kc_accordion_content ui-accordion-content kc_clearfix\"><div class=\"kc-panel-body\"><div class=\"kc-elm kc-css-962153 kc_text_block\"><\/p>\n<p>Afin que nous puissions vous adresser votre dipl\u00f4me dans les meilleures conditions, transmettez-nous les pi\u00e8ces suivantes dans une enveloppe adress\u00e9e \u00e0<\/p>\n<p style=\"text-align: center;\">IUT Dijon-Auxerre-Nevers<br \/>\nService Scolarit\u00e9<br \/>\nBd Docteur Petitjean<br \/>\nBP 17867<br \/>\n21078 DIJON Cedex<\/p>\n<ul>\n<li style=\"text-align: left;\">Le formulaire de demande de dipl\u00f4me d\u00fbment rempli et sign\u00e9, accessible en suivant ce lien\u00a0 <a href=\"https:\/\/iutdijon.u-bourgogne.fr\/www\/wp-content\/uploads\/2026\/03\/FORMULAIRE-DEMANDE-DIPLOME-1.pdf\" title=\"Formulaire de demande de Dipl\u00f4me\">Formulaire de demande de Dipl\u00f4me<\/a><\/li>\n<li style=\"text-align: left;\">une <strong>enveloppe rigide format A4<\/strong>, libell\u00e9e \u00e0 votre adresse et <strong>timbr\u00e9e au tarif en vigueur au 1<sup>er<\/sup> janvier de l&rsquo;ann\u00e9e en cours pour un envoi Recommand\u00e9 avec Accus\u00e9 de R\u00e9ception<\/strong> (\u00e0 titre indicatif : 8,80\u20ac au 1<sup>er<\/sup> janvier 2025). Les tarifs de la Poste sont actualis\u00e9s chaque ann\u00e9e, assurez-vous que votre affranchissement correspond bien \u00e0 la grille tarifaire au moment de votre demande.<\/li>\n<li style=\"text-align: left;\">un<strong> imprim\u00e9 de Lettre Recommand\u00e9 avec Accus\u00e9 de R\u00e9ception<\/strong>, pr\u00e9-rempli \u00e0 votre adresse.<\/li>\n<li style=\"text-align: left;\">la <strong>copie de votre pi\u00e8ce d&rsquo;identit\u00e9.<\/strong><\/li>\n<\/ul>\n<p>\n<\/div><\/div><\/div><\/div><\/div>\n<\/div><\/div><div id=\"gk-sidebar\" class=\"kc-elm kc-css-242174 kc_col-sm-5 kc_column kc_col-sm-5\"><div class=\"kc-col-container\"><div class=\"kc-elm kc-css-1392 kc_text_block contacts\"><\/p>\n<h2>Contacts<\/h2>\n<ul>\n<li><strong>R\u00e9f\u00e9rente retrait des dipl\u00f4mes<br \/>\nRoseline FABIANO<\/strong><br \/>\nT\u00e9l : 03.80.39.65.19 <br \/>\nE-mail : <a href=\"mailto:roseline.fabiano@iut-dijon.u-bourgogne.fr\" title=\"Roseline.fabiano@iut-dijon.u-bourgogne.fr\">roseline.fabiano@iut-dijon.u-bourgogne.fr<\/a><\/li>\n<\/ul>\n<p>\n<\/div><\/div><\/div><\/div><\/div><\/section>\n","protected":false},"excerpt":{"rendered":"<p>&hellip;<\/p>\n","protected":false},"author":3185,"featured_media":6621,"comment_status":"open","ping_status":"open","sticky":false,"template":"","format":"standard","meta":{"_lmt_disableupdate":"no","_lmt_disable":"no"},"categories":[712],"tags":[],"acf":[],"yoast_head":"<!-- This site is optimized with the Yoast SEO plugin v17.2 - https:\/\/yoast.com\/wordpress\/plugins\/seo\/ -->\n<meta name=\"robots\" content=\"index, follow, max-snippet:-1, max-image-preview:large, max-video-preview:-1\" \/>\n<link rel=\"canonical\" href=\"https:\/\/iutdijon.u-bourgogne.fr\/www\/scolarite\/retirer-son-diplome.html\" \/>\n<meta property=\"og:locale\" content=\"fr_FR\" \/>\n<meta property=\"og:type\" content=\"article\" \/>\n<meta property=\"og:title\" content=\"Retirer son dipl\u00f4me &gt; IUT Dijon-Auxerre-Nevers\" \/>\n<meta property=\"og:description\" content=\"En juillet ou septembre de l&rsquo;ann\u00e9e dipl\u00f4mante En cas de r\u00e9ussite, une attestation de dipl\u00f4me vous est communiqu\u00e9e \u00e0 l&rsquo;issue du jury d&rsquo;attribution de votre formation. Informez-vous aupr\u00e8s de votre secr\u00e9tariat de&hellip;\" \/>\n<meta property=\"og:url\" content=\"https:\/\/iutdijon.u-bourgogne.fr\/www\/scolarite\/retirer-son-diplome.html\" \/>\n<meta property=\"og:site_name\" content=\"IUT Dijon-Auxerre-Nevers\" \/>\n<meta property=\"article:published_time\" content=\"2020-12-03T13:34:07+00:00\" \/>\n<meta property=\"article:modified_time\" content=\"2026-03-04T14:36:28+00:00\" \/>\n<meta property=\"og:image\" content=\"https:\/\/iutdijon.u-bourgogne.fr\/www\/wp-content\/uploads\/2021\/02\/actu_diplomes_disponibles.png\" \/>\n\t<meta property=\"og:image:width\" content=\"543\" \/>\n\t<meta property=\"og:image:height\" content=\"304\" \/>\n<meta name=\"twitter:card\" content=\"summary_large_image\" \/>\n<meta name=\"twitter:label1\" content=\"\u00c9crit par\" \/>\n\t<meta name=\"twitter:data1\" content=\"Jeanne-Marie BORDELOT\" \/>\n\t<meta name=\"twitter:label2\" content=\"Dur\u00e9e de lecture est.\" \/>\n\t<meta name=\"twitter:data2\" content=\"2 minutes\" \/>\n<script type=\"application\/ld+json\" class=\"yoast-schema-graph\">{\"@context\":\"https:\/\/schema.org\",\"@graph\":[{\"@type\":\"WebSite\",\"@id\":\"https:\/\/iutdijon.u-bourgogne.fr\/www\/#website\",\"url\":\"https:\/\/iutdijon.u-bourgogne.fr\/www\/\",\"name\":\"IUT Dijon-Auxerre-Nevers\",\"description\":\"L&#039;IUT Dijon-Auxerre-Nevers propose des formations post-bac dans les secteurs Informatique, Tertiaire et Industriel. Il d\\u00e9livre des dipl\\u00f4mes \\u00e0 Bac+3 (Bachelors Universitaires de Technologie ou Licences Professionnelles).\",\"potentialAction\":[{\"@type\":\"SearchAction\",\"target\":{\"@type\":\"EntryPoint\",\"urlTemplate\":\"https:\/\/iutdijon.u-bourgogne.fr\/www\/?s={search_term_string}\"},\"query-input\":\"required name=search_term_string\"}],\"inLanguage\":\"fr-FR\"},{\"@type\":\"ImageObject\",\"@id\":\"https:\/\/iutdijon.u-bourgogne.fr\/www\/scolarite\/retirer-son-diplome.html#primaryimage\",\"inLanguage\":\"fr-FR\",\"url\":\"https:\/\/iutdijon.u-bourgogne.fr\/www\/wp-content\/uploads\/2021\/02\/actu_diplomes_disponibles.png\",\"contentUrl\":\"https:\/\/iutdijon.u-bourgogne.fr\/www\/wp-content\/uploads\/2021\/02\/actu_diplomes_disponibles.png\",\"width\":543,\"height\":304},{\"@type\":\"WebPage\",\"@id\":\"https:\/\/iutdijon.u-bourgogne.fr\/www\/scolarite\/retirer-son-diplome.html#webpage\",\"url\":\"https:\/\/iutdijon.u-bourgogne.fr\/www\/scolarite\/retirer-son-diplome.html\",\"name\":\"Retirer son dipl\\u00f4me &gt; IUT Dijon-Auxerre-Nevers\",\"isPartOf\":{\"@id\":\"https:\/\/iutdijon.u-bourgogne.fr\/www\/#website\"},\"primaryImageOfPage\":{\"@id\":\"https:\/\/iutdijon.u-bourgogne.fr\/www\/scolarite\/retirer-son-diplome.html#primaryimage\"},\"datePublished\":\"2020-12-03T13:34:07+00:00\",\"dateModified\":\"2026-03-04T14:36:28+00:00\",\"author\":{\"@id\":\"https:\/\/iutdijon.u-bourgogne.fr\/www\/#\/schema\/person\/fc0840e606b0fe8198fbc1fc38f254b7\"},\"breadcrumb\":{\"@id\":\"https:\/\/iutdijon.u-bourgogne.fr\/www\/scolarite\/retirer-son-diplome.html#breadcrumb\"},\"inLanguage\":\"fr-FR\",\"potentialAction\":[{\"@type\":\"ReadAction\",\"target\":[\"https:\/\/iutdijon.u-bourgogne.fr\/www\/scolarite\/retirer-son-diplome.html\"]}]},{\"@type\":\"BreadcrumbList\",\"@id\":\"https:\/\/iutdijon.u-bourgogne.fr\/www\/scolarite\/retirer-son-diplome.html#breadcrumb\",\"itemListElement\":[{\"@type\":\"ListItem\",\"position\":1,\"name\":\"Accueil\",\"item\":\"https:\/\/iutdijon.u-bourgogne.fr\/www\/\"},{\"@type\":\"ListItem\",\"position\":2,\"name\":\"Scolarit\\u00e9\",\"item\":\"https:\/\/iutdijon.u-bourgogne.fr\/www\/category\/scolarite\"},{\"@type\":\"ListItem\",\"position\":3,\"name\":\"Retirer son dipl\\u00f4me\"}]},{\"@type\":\"Person\",\"@id\":\"https:\/\/iutdijon.u-bourgogne.fr\/www\/#\/schema\/person\/fc0840e606b0fe8198fbc1fc38f254b7\",\"name\":\"Jeanne-Marie BORDELOT\",\"image\":{\"@type\":\"ImageObject\",\"@id\":\"https:\/\/iutdijon.u-bourgogne.fr\/www\/#personlogo\",\"inLanguage\":\"fr-FR\",\"url\":\"https:\/\/secure.gravatar.com\/avatar\/aba6f04b7ddaa95d23b791bf7fe581fc?s=96&d=mm&r=g\",\"contentUrl\":\"https:\/\/secure.gravatar.com\/avatar\/aba6f04b7ddaa95d23b791bf7fe581fc?s=96&d=mm&r=g\",\"caption\":\"Jeanne-Marie BORDELOT\"},\"url\":\"https:\/\/iutdijon.u-bourgogne.fr\/www\/author\/jmbord\"}]}<\/script>\n<!-- \/ Yoast SEO plugin. -->","yoast_head_json":{"robots":{"index":"index","follow":"follow","max-snippet":"max-snippet:-1","max-image-preview":"max-image-preview:large","max-video-preview":"max-video-preview:-1"},"canonical":"https:\/\/iutdijon.u-bourgogne.fr\/www\/scolarite\/retirer-son-diplome.html","og_locale":"fr_FR","og_type":"article","og_title":"Retirer son dipl\u00f4me &gt; IUT Dijon-Auxerre-Nevers","og_description":"En juillet ou septembre de l&rsquo;ann\u00e9e dipl\u00f4mante En cas de r\u00e9ussite, une attestation de dipl\u00f4me vous est communiqu\u00e9e \u00e0 l&rsquo;issue du jury d&rsquo;attribution de votre formation. Informez-vous aupr\u00e8s de votre secr\u00e9tariat de&hellip;","og_url":"https:\/\/iutdijon.u-bourgogne.fr\/www\/scolarite\/retirer-son-diplome.html","og_site_name":"IUT Dijon-Auxerre-Nevers","article_published_time":"2020-12-03T13:34:07+00:00","article_modified_time":"2026-03-04T14:36:28+00:00","og_image":[{"width":543,"height":304,"url":"https:\/\/iutdijon.u-bourgogne.fr\/www\/wp-content\/uploads\/2021\/02\/actu_diplomes_disponibles.png","path":"\/var\/www\/html\/www\/wp-content\/uploads\/2021\/02\/actu_diplomes_disponibles.png","size":"full","id":6621,"alt":"","pixels":165072,"type":"image\/png"}],"twitter_card":"summary_large_image","twitter_misc":{"\u00c9crit par":"Jeanne-Marie BORDELOT","Dur\u00e9e de lecture est.":"2 minutes"},"schema":{"@context":"https:\/\/schema.org","@graph":[{"@type":"WebSite","@id":"https:\/\/iutdijon.u-bourgogne.fr\/www\/#website","url":"https:\/\/iutdijon.u-bourgogne.fr\/www\/","name":"IUT Dijon-Auxerre-Nevers","description":"L&#039;IUT Dijon-Auxerre-Nevers propose des formations post-bac dans les secteurs Informatique, Tertiaire et Industriel. Il d\u00e9livre des dipl\u00f4mes \u00e0 Bac+3 (Bachelors Universitaires de Technologie ou Licences Professionnelles).","potentialAction":[{"@type":"SearchAction","target":{"@type":"EntryPoint","urlTemplate":"https:\/\/iutdijon.u-bourgogne.fr\/www\/?s={search_term_string}"},"query-input":"required name=search_term_string"}],"inLanguage":"fr-FR"},{"@type":"ImageObject","@id":"https:\/\/iutdijon.u-bourgogne.fr\/www\/scolarite\/retirer-son-diplome.html#primaryimage","inLanguage":"fr-FR","url":"https:\/\/iutdijon.u-bourgogne.fr\/www\/wp-content\/uploads\/2021\/02\/actu_diplomes_disponibles.png","contentUrl":"https:\/\/iutdijon.u-bourgogne.fr\/www\/wp-content\/uploads\/2021\/02\/actu_diplomes_disponibles.png","width":543,"height":304},{"@type":"WebPage","@id":"https:\/\/iutdijon.u-bourgogne.fr\/www\/scolarite\/retirer-son-diplome.html#webpage","url":"https:\/\/iutdijon.u-bourgogne.fr\/www\/scolarite\/retirer-son-diplome.html","name":"Retirer son dipl\u00f4me &gt; IUT Dijon-Auxerre-Nevers","isPartOf":{"@id":"https:\/\/iutdijon.u-bourgogne.fr\/www\/#website"},"primaryImageOfPage":{"@id":"https:\/\/iutdijon.u-bourgogne.fr\/www\/scolarite\/retirer-son-diplome.html#primaryimage"},"datePublished":"2020-12-03T13:34:07+00:00","dateModified":"2026-03-04T14:36:28+00:00","author":{"@id":"https:\/\/iutdijon.u-bourgogne.fr\/www\/#\/schema\/person\/fc0840e606b0fe8198fbc1fc38f254b7"},"breadcrumb":{"@id":"https:\/\/iutdijon.u-bourgogne.fr\/www\/scolarite\/retirer-son-diplome.html#breadcrumb"},"inLanguage":"fr-FR","potentialAction":[{"@type":"ReadAction","target":["https:\/\/iutdijon.u-bourgogne.fr\/www\/scolarite\/retirer-son-diplome.html"]}]},{"@type":"BreadcrumbList","@id":"https:\/\/iutdijon.u-bourgogne.fr\/www\/scolarite\/retirer-son-diplome.html#breadcrumb","itemListElement":[{"@type":"ListItem","position":1,"name":"Accueil","item":"https:\/\/iutdijon.u-bourgogne.fr\/www\/"},{"@type":"ListItem","position":2,"name":"Scolarit\u00e9","item":"https:\/\/iutdijon.u-bourgogne.fr\/www\/category\/scolarite"},{"@type":"ListItem","position":3,"name":"Retirer son dipl\u00f4me"}]},{"@type":"Person","@id":"https:\/\/iutdijon.u-bourgogne.fr\/www\/#\/schema\/person\/fc0840e606b0fe8198fbc1fc38f254b7","name":"Jeanne-Marie BORDELOT","image":{"@type":"ImageObject","@id":"https:\/\/iutdijon.u-bourgogne.fr\/www\/#personlogo","inLanguage":"fr-FR","url":"https:\/\/secure.gravatar.com\/avatar\/aba6f04b7ddaa95d23b791bf7fe581fc?s=96&d=mm&r=g","contentUrl":"https:\/\/secure.gravatar.com\/avatar\/aba6f04b7ddaa95d23b791bf7fe581fc?s=96&d=mm&r=g","caption":"Jeanne-Marie BORDELOT"},"url":"https:\/\/iutdijon.u-bourgogne.fr\/www\/author\/jmbord"}]}},"modified_by":"Christine GUYON","_links":{"self":[{"href":"https:\/\/iutdijon.u-bourgogne.fr\/www\/wp-json\/wp\/v2\/posts\/2640"}],"collection":[{"href":"https:\/\/iutdijon.u-bourgogne.fr\/www\/wp-json\/wp\/v2\/posts"}],"about":[{"href":"https:\/\/iutdijon.u-bourgogne.fr\/www\/wp-json\/wp\/v2\/types\/post"}],"author":[{"embeddable":true,"href":"https:\/\/iutdijon.u-bourgogne.fr\/www\/wp-json\/wp\/v2\/users\/3185"}],"replies":[{"embeddable":true,"href":"https:\/\/iutdijon.u-bourgogne.fr\/www\/wp-json\/wp\/v2\/comments?post=2640"}],"version-history":[{"count":40,"href":"https:\/\/iutdijon.u-bourgogne.fr\/www\/wp-json\/wp\/v2\/posts\/2640\/revisions"}],"predecessor-version":[{"id":15195,"href":"https:\/\/iutdijon.u-bourgogne.fr\/www\/wp-json\/wp\/v2\/posts\/2640\/revisions\/15195"}],"wp:featuredmedia":[{"embeddable":true,"href":"https:\/\/iutdijon.u-bourgogne.fr\/www\/wp-json\/wp\/v2\/media\/6621"}],"wp:attachment":[{"href":"https:\/\/iutdijon.u-bourgogne.fr\/www\/wp-json\/wp\/v2\/media?parent=2640"}],"wp:term":[{"taxonomy":"category","embeddable":true,"href":"https:\/\/iutdijon.u-bourgogne.fr\/www\/wp-json\/wp\/v2\/categories?post=2640"},{"taxonomy":"post_tag","embeddable":true,"href":"https:\/\/iutdijon.u-bourgogne.fr\/www\/wp-json\/wp\/v2\/tags?post=2640"}],"curies":[{"name":"wp","href":"https:\/\/api.w.org\/{rel}","templated":true}]}}