{"id":2636,"date":"2020-07-07T14:32:36","date_gmt":"2020-07-07T12:32:36","guid":{"rendered":"https:\/\/iutdijon.u-bourgogne.fr\/www\/?p=2636"},"modified":"2025-02-26T09:16:51","modified_gmt":"2025-02-26T08:16:51","slug":"amenagements-de-scolarite","status":"publish","type":"post","link":"https:\/\/iutdijon.u-bourgogne.fr\/www\/scolarite\/amenagements-de-scolarite.html","title":{"rendered":"Am\u00e9nagements de scolarit\u00e9"},"content":{"rendered":"<section class=\"kc-elm kc-css-794994 kc_row\"><div class=\"kc-row-container  kc-container\"><div class=\"kc-wrap-columns\"><div class=\"kc-elm kc-css-974608 kc_col-sm-8 kc_column kc_col-sm-8\"><div class=\"kc-col-container\"><div class=\"kc-elm kc-css-856614 kc_text_block\"><\/p>\n<p>En accord avec les \u00e9quipes p\u00e9dagogiques, l&rsquo;\u00e9tablissement peut vous permettre de suivre un cursus adapt\u00e9 \u00e0 votre situation sp\u00e9cifique. Ce dispositif concerne :\u00a0<\/p>\n<ul>\n<li>les \u00e9tudiants en situation de handicap et ceux ayant b\u00e9n\u00e9fici\u00e9 d&rsquo;un am\u00e9nagement au lyc\u00e9e (PAP, PAI etc&#8230;), consultez la <a href=\"https:\/\/iutdijon.u-bourgogne.fr\/www\/scolarite\/effectuer-sa-demande-damenagement-de-scolarite.html\" rel=\"\" title=\"Site : Effectuer une demande d am\u00e9nagement\" am=\"\" nagement=\"\">proc\u00e9dure \u00e0 suivre<\/a> pour effectuer votre demande d&rsquo;am\u00e9nagement de scolarit\u00e9,<\/li>\n<li><span>les \u00e9tudiants sportifs de haut niveau et \/ ou int\u00e9gr\u00e9s au <a href=\"https:\/\/sport-u-bourgognefranchecomte.com\/administration-dijon-3\/\" target=\"_blank\" rel=\"noopener\" title=\"Nouvelle fen\u00eatre : PEPS - uB\">P\u00f4le d\u2019Excellence des Pratiques Sportives (PEPS) de l\u2019universit\u00e9 Bourgogne Europe<\/a>,<\/span><\/li>\n<li><span>les \u00e9tudiants artistes de haut niveau, <br \/>\n<\/span><\/li>\n<li><span>les \u00e9tudiants inscrits au titre de la formation continue.\u00a0<\/span><\/li>\n<\/ul>\n<p><span>Ces am\u00e9nagements sont adapt\u00e9s \u00e0 la situation particuli\u00e8re du demandeur. Ils sont d\u00e9crits dans un document co-sign\u00e9 par l\u2019\u00e9tudiant et le responsable de formation puis transmis au service scolarit\u00e9 de la formation. Ce document est \u00e9tabli et communiqu\u00e9 \u00e0 la scolarit\u00e9 au plus tard dans le mois qui suit la rentr\u00e9e universitaire ou, si l\u2019emploi est obtenu en cours d\u2019ann\u00e9e, dans le mois qui suit le d\u00e9but du contrat. Le jury est inform\u00e9 de ces modalit\u00e9s (les fiches relatives aux statuts des \u00e9tudiants salari\u00e9s et des \u00e9tudiants int\u00e9gr\u00e9s au PEPS de l\u2019UBE ont consultables sur le site Internet et Intranet de l\u2019universit\u00e9 Bourgogne Europe).<\/span><\/p>\n<p>Si votre situation ne figure pas dans les cas ci-dessus, veuillez prendre contact avec le service scolarit\u00e9 de l&rsquo;IUT.<\/p>\n<p>\n<\/div><div class=\"kc-elm kc-css-211209\" style=\"height: 20px; clear: both; width:100%;\"><\/div>\n<div class=\"kc-elm kc-css-782301 kc-pro-button kc-button-1\">\n\t<a href=\"https:\/\/www.ube.fr\/formation\/#title5\" target=\"_blank\">\n\t\t<span class=\"creative_title\">D\u00e9couvrir les aides mises en place par l:apos:universit\u00e9 Bourgogne Europe<\/span>\t<\/a>\n<\/div>\n<div class=\"kc-elm kc-css-749660\" style=\"height: 20px; clear: both; width:100%;\"><\/div><\/div><\/div><div id=\"gk-sidebar\" class=\"kc-elm kc-css-531881 kc_col-sm-4 kc_column kc_col-sm-4\"><div class=\"kc-col-container\"><div class=\"kc-elm kc-css-491146 kc_text_block contacts\"><\/p>\n<h2>Contacts<\/h2>\n<ul>\n<li><strong>Service scolarit\u00e9<\/strong><br \/>\nT\u00e9l : 03.80.39.64.10<br \/>\nE-mail :\u00a0<a href=\"mailto:scolarite@iut-dijon.u-bourgogne.fr\" title=\"Scolarite@iut-dijon.u-bourgogne.fr\">scolarite@iut-dijon.u-bourgogne.fr<\/a><\/li>\n<li><strong>P\u00f4le d&rsquo;Excellence des Pratiques Sportives (PEPS)<\/strong><br \/>\nT\u00e9l : 03.80.39.67.90<br \/>\nE-mail : <a href=\"mailto:fnsu-crsu@u-bourgogne.fr\" title=\"Fnsu-crsu@u-bourgogne.fr\">fnsu-crsu@u-bourgogne.fr<\/a><\/li>\n<li><strong>R\u00e9f\u00e9rent handicap de l&rsquo;IUT Dijon-Auxerre-Nevers<\/strong><br \/>\nE-mail : <a href=\"mailto:referent.handicap@iut-dijon.u-bourgogne.fr\" title=\"Referent.handicap@iut-dijon.u-bourgogne.fr \"><span>referent.handicap@iut-dijon.u-bourgogne.fr <\/span><\/a><\/li>\n<li><strong><strong>SEFCA I Renseignements formation continue<br \/>\n<\/strong><\/strong>T\u00e9l : 03.80.39.51.80<br \/>\nE-mail : <a href=\"mailto:formation.continue@u-bourgogne.fr\" title=\"Formation.continue@u-bourgogne.fr\">formation.continue@u-bourgogne.fr<\/a><\/li>\n<\/ul>\n<p>\n<\/div><\/div><\/div><\/div><\/div><\/section>\n","protected":false},"excerpt":{"rendered":"<p>&hellip;<\/p>\n","protected":false},"author":3185,"featured_media":0,"comment_status":"open","ping_status":"open","sticky":false,"template":"","format":"standard","meta":{"_lmt_disableupdate":"no","_lmt_disable":"no"},"categories":[712],"tags":[],"acf":[],"yoast_head":"<!-- This site is optimized with the Yoast SEO plugin v17.2 - https:\/\/yoast.com\/wordpress\/plugins\/seo\/ -->\n<meta name=\"robots\" content=\"index, follow, max-snippet:-1, max-image-preview:large, max-video-preview:-1\" \/>\n<link rel=\"canonical\" href=\"https:\/\/iutdijon.u-bourgogne.fr\/www\/scolarite\/amenagements-de-scolarite.html\" \/>\n<meta property=\"og:locale\" content=\"fr_FR\" \/>\n<meta property=\"og:type\" content=\"article\" \/>\n<meta property=\"og:title\" content=\"Am\u00e9nagements de scolarit\u00e9 &gt; IUT Dijon-Auxerre-Nevers\" \/>\n<meta property=\"og:description\" content=\"En accord avec les \u00e9quipes p\u00e9dagogiques, l&rsquo;\u00e9tablissement peut vous permettre de suivre un cursus adapt\u00e9 \u00e0 votre situation sp\u00e9cifique. Ce dispositif concerne :\u00a0 les \u00e9tudiants en situation de handicap et ceux ayant&hellip;\" \/>\n<meta property=\"og:url\" content=\"https:\/\/iutdijon.u-bourgogne.fr\/www\/scolarite\/amenagements-de-scolarite.html\" \/>\n<meta property=\"og:site_name\" content=\"IUT Dijon-Auxerre-Nevers\" \/>\n<meta property=\"article:published_time\" content=\"2020-07-07T12:32:36+00:00\" \/>\n<meta property=\"article:modified_time\" content=\"2025-02-26T08:16:51+00:00\" \/>\n<meta name=\"twitter:card\" content=\"summary_large_image\" \/>\n<meta name=\"twitter:label1\" content=\"\u00c9crit par\" \/>\n\t<meta name=\"twitter:data1\" content=\"Jeanne-Marie BORDELOT\" \/>\n\t<meta name=\"twitter:label2\" content=\"Dur\u00e9e de lecture est.\" \/>\n\t<meta name=\"twitter:data2\" content=\"2 minutes\" \/>\n<script type=\"application\/ld+json\" class=\"yoast-schema-graph\">{\"@context\":\"https:\/\/schema.org\",\"@graph\":[{\"@type\":\"WebSite\",\"@id\":\"https:\/\/iutdijon.u-bourgogne.fr\/www\/#website\",\"url\":\"https:\/\/iutdijon.u-bourgogne.fr\/www\/\",\"name\":\"IUT Dijon-Auxerre-Nevers\",\"description\":\"L&#039;IUT Dijon-Auxerre-Nevers propose des formations post-bac dans les secteurs Informatique, Tertiaire et Industriel. Il d\\u00e9livre des dipl\\u00f4mes \\u00e0 Bac+3 (Bachelors Universitaires de Technologie ou Licences Professionnelles).\",\"potentialAction\":[{\"@type\":\"SearchAction\",\"target\":{\"@type\":\"EntryPoint\",\"urlTemplate\":\"https:\/\/iutdijon.u-bourgogne.fr\/www\/?s={search_term_string}\"},\"query-input\":\"required name=search_term_string\"}],\"inLanguage\":\"fr-FR\"},{\"@type\":\"WebPage\",\"@id\":\"https:\/\/iutdijon.u-bourgogne.fr\/www\/scolarite\/amenagements-de-scolarite.html#webpage\",\"url\":\"https:\/\/iutdijon.u-bourgogne.fr\/www\/scolarite\/amenagements-de-scolarite.html\",\"name\":\"Am\\u00e9nagements de scolarit\\u00e9 &gt; IUT Dijon-Auxerre-Nevers\",\"isPartOf\":{\"@id\":\"https:\/\/iutdijon.u-bourgogne.fr\/www\/#website\"},\"datePublished\":\"2020-07-07T12:32:36+00:00\",\"dateModified\":\"2025-02-26T08:16:51+00:00\",\"author\":{\"@id\":\"https:\/\/iutdijon.u-bourgogne.fr\/www\/#\/schema\/person\/fc0840e606b0fe8198fbc1fc38f254b7\"},\"breadcrumb\":{\"@id\":\"https:\/\/iutdijon.u-bourgogne.fr\/www\/scolarite\/amenagements-de-scolarite.html#breadcrumb\"},\"inLanguage\":\"fr-FR\",\"potentialAction\":[{\"@type\":\"ReadAction\",\"target\":[\"https:\/\/iutdijon.u-bourgogne.fr\/www\/scolarite\/amenagements-de-scolarite.html\"]}]},{\"@type\":\"BreadcrumbList\",\"@id\":\"https:\/\/iutdijon.u-bourgogne.fr\/www\/scolarite\/amenagements-de-scolarite.html#breadcrumb\",\"itemListElement\":[{\"@type\":\"ListItem\",\"position\":1,\"name\":\"Accueil\",\"item\":\"https:\/\/iutdijon.u-bourgogne.fr\/www\/\"},{\"@type\":\"ListItem\",\"position\":2,\"name\":\"Scolarit\\u00e9\",\"item\":\"https:\/\/iutdijon.u-bourgogne.fr\/www\/category\/scolarite\"},{\"@type\":\"ListItem\",\"position\":3,\"name\":\"Am\\u00e9nagements de scolarit\\u00e9\"}]},{\"@type\":\"Person\",\"@id\":\"https:\/\/iutdijon.u-bourgogne.fr\/www\/#\/schema\/person\/fc0840e606b0fe8198fbc1fc38f254b7\",\"name\":\"Jeanne-Marie BORDELOT\",\"image\":{\"@type\":\"ImageObject\",\"@id\":\"https:\/\/iutdijon.u-bourgogne.fr\/www\/#personlogo\",\"inLanguage\":\"fr-FR\",\"url\":\"https:\/\/secure.gravatar.com\/avatar\/aba6f04b7ddaa95d23b791bf7fe581fc?s=96&d=mm&r=g\",\"contentUrl\":\"https:\/\/secure.gravatar.com\/avatar\/aba6f04b7ddaa95d23b791bf7fe581fc?s=96&d=mm&r=g\",\"caption\":\"Jeanne-Marie BORDELOT\"},\"url\":\"https:\/\/iutdijon.u-bourgogne.fr\/www\/author\/jmbord\"}]}<\/script>\n<!-- \/ Yoast SEO plugin. -->","yoast_head_json":{"robots":{"index":"index","follow":"follow","max-snippet":"max-snippet:-1","max-image-preview":"max-image-preview:large","max-video-preview":"max-video-preview:-1"},"canonical":"https:\/\/iutdijon.u-bourgogne.fr\/www\/scolarite\/amenagements-de-scolarite.html","og_locale":"fr_FR","og_type":"article","og_title":"Am\u00e9nagements de scolarit\u00e9 &gt; IUT Dijon-Auxerre-Nevers","og_description":"En accord avec les \u00e9quipes p\u00e9dagogiques, l&rsquo;\u00e9tablissement peut vous permettre de suivre un cursus adapt\u00e9 \u00e0 votre situation sp\u00e9cifique. Ce dispositif concerne :\u00a0 les \u00e9tudiants en situation de handicap et ceux ayant&hellip;","og_url":"https:\/\/iutdijon.u-bourgogne.fr\/www\/scolarite\/amenagements-de-scolarite.html","og_site_name":"IUT Dijon-Auxerre-Nevers","article_published_time":"2020-07-07T12:32:36+00:00","article_modified_time":"2025-02-26T08:16:51+00:00","twitter_card":"summary_large_image","twitter_misc":{"\u00c9crit par":"Jeanne-Marie BORDELOT","Dur\u00e9e de lecture est.":"2 minutes"},"schema":{"@context":"https:\/\/schema.org","@graph":[{"@type":"WebSite","@id":"https:\/\/iutdijon.u-bourgogne.fr\/www\/#website","url":"https:\/\/iutdijon.u-bourgogne.fr\/www\/","name":"IUT Dijon-Auxerre-Nevers","description":"L&#039;IUT Dijon-Auxerre-Nevers propose des formations post-bac dans les secteurs Informatique, Tertiaire et Industriel. Il d\u00e9livre des dipl\u00f4mes \u00e0 Bac+3 (Bachelors Universitaires de Technologie ou Licences Professionnelles).","potentialAction":[{"@type":"SearchAction","target":{"@type":"EntryPoint","urlTemplate":"https:\/\/iutdijon.u-bourgogne.fr\/www\/?s={search_term_string}"},"query-input":"required name=search_term_string"}],"inLanguage":"fr-FR"},{"@type":"WebPage","@id":"https:\/\/iutdijon.u-bourgogne.fr\/www\/scolarite\/amenagements-de-scolarite.html#webpage","url":"https:\/\/iutdijon.u-bourgogne.fr\/www\/scolarite\/amenagements-de-scolarite.html","name":"Am\u00e9nagements de scolarit\u00e9 &gt; IUT Dijon-Auxerre-Nevers","isPartOf":{"@id":"https:\/\/iutdijon.u-bourgogne.fr\/www\/#website"},"datePublished":"2020-07-07T12:32:36+00:00","dateModified":"2025-02-26T08:16:51+00:00","author":{"@id":"https:\/\/iutdijon.u-bourgogne.fr\/www\/#\/schema\/person\/fc0840e606b0fe8198fbc1fc38f254b7"},"breadcrumb":{"@id":"https:\/\/iutdijon.u-bourgogne.fr\/www\/scolarite\/amenagements-de-scolarite.html#breadcrumb"},"inLanguage":"fr-FR","potentialAction":[{"@type":"ReadAction","target":["https:\/\/iutdijon.u-bourgogne.fr\/www\/scolarite\/amenagements-de-scolarite.html"]}]},{"@type":"BreadcrumbList","@id":"https:\/\/iutdijon.u-bourgogne.fr\/www\/scolarite\/amenagements-de-scolarite.html#breadcrumb","itemListElement":[{"@type":"ListItem","position":1,"name":"Accueil","item":"https:\/\/iutdijon.u-bourgogne.fr\/www\/"},{"@type":"ListItem","position":2,"name":"Scolarit\u00e9","item":"https:\/\/iutdijon.u-bourgogne.fr\/www\/category\/scolarite"},{"@type":"ListItem","position":3,"name":"Am\u00e9nagements de scolarit\u00e9"}]},{"@type":"Person","@id":"https:\/\/iutdijon.u-bourgogne.fr\/www\/#\/schema\/person\/fc0840e606b0fe8198fbc1fc38f254b7","name":"Jeanne-Marie BORDELOT","image":{"@type":"ImageObject","@id":"https:\/\/iutdijon.u-bourgogne.fr\/www\/#personlogo","inLanguage":"fr-FR","url":"https:\/\/secure.gravatar.com\/avatar\/aba6f04b7ddaa95d23b791bf7fe581fc?s=96&d=mm&r=g","contentUrl":"https:\/\/secure.gravatar.com\/avatar\/aba6f04b7ddaa95d23b791bf7fe581fc?s=96&d=mm&r=g","caption":"Jeanne-Marie BORDELOT"},"url":"https:\/\/iutdijon.u-bourgogne.fr\/www\/author\/jmbord"}]}},"modified_by":"Jeanne-Marie BORDELOT","_links":{"self":[{"href":"https:\/\/iutdijon.u-bourgogne.fr\/www\/wp-json\/wp\/v2\/posts\/2636"}],"collection":[{"href":"https:\/\/iutdijon.u-bourgogne.fr\/www\/wp-json\/wp\/v2\/posts"}],"about":[{"href":"https:\/\/iutdijon.u-bourgogne.fr\/www\/wp-json\/wp\/v2\/types\/post"}],"author":[{"embeddable":true,"href":"https:\/\/iutdijon.u-bourgogne.fr\/www\/wp-json\/wp\/v2\/users\/3185"}],"replies":[{"embeddable":true,"href":"https:\/\/iutdijon.u-bourgogne.fr\/www\/wp-json\/wp\/v2\/comments?post=2636"}],"version-history":[{"count":43,"href":"https:\/\/iutdijon.u-bourgogne.fr\/www\/wp-json\/wp\/v2\/posts\/2636\/revisions"}],"predecessor-version":[{"id":14257,"href":"https:\/\/iutdijon.u-bourgogne.fr\/www\/wp-json\/wp\/v2\/posts\/2636\/revisions\/14257"}],"wp:attachment":[{"href":"https:\/\/iutdijon.u-bourgogne.fr\/www\/wp-json\/wp\/v2\/media?parent=2636"}],"wp:term":[{"taxonomy":"category","embeddable":true,"href":"https:\/\/iutdijon.u-bourgogne.fr\/www\/wp-json\/wp\/v2\/categories?post=2636"},{"taxonomy":"post_tag","embeddable":true,"href":"https:\/\/iutdijon.u-bourgogne.fr\/www\/wp-json\/wp\/v2\/tags?post=2636"}],"curies":[{"name":"wp","href":"https:\/\/api.w.org\/{rel}","templated":true}]}}