{"id":2276,"date":"2020-06-30T14:43:56","date_gmt":"2020-06-30T12:43:56","guid":{"rendered":"https:\/\/iutdijon.u-bourgogne.fr\/www\/?p=2276"},"modified":"2026-01-19T14:49:56","modified_gmt":"2026-01-19T13:49:56","slug":"demarche-qualite","status":"publish","type":"post","link":"https:\/\/iutdijon.u-bourgogne.fr\/www\/iut\/demarche-qualite.html","title":{"rendered":"D\u00e9marche qualit\u00e9"},"content":{"rendered":"<section class=\"kc-elm kc-css-662243 kc_row\"><div class=\"kc-row-container  kc-container\"><div class=\"kc-wrap-columns\"><div class=\"kc-elm kc-css-675839 kc_col-sm-8 kc_column kc_col-sm-8\"><div class=\"kc-col-container\"><div class=\"kc-elm kc-css-51430 kc_text_block\"><\/p>\n<h2><strong>Une d\u00e9marche structurante au service de la qualit\u00e9<\/strong><\/h2>\n<p>Engag\u00e9 depuis 2014 dans une d\u00e9marche qualit\u00e9, l\u2019IUT Dijon-Auxerre-Nevers a fait le choix d\u2019un syst\u00e8me de management fond\u00e9 sur l\u2019am\u00e9lioration continue, la satisfaction des usagers et la performance collective.<\/p>\n<p>La certification ISO 9001 constitue \u00e0 la fois une <strong>reconnaissance externe<\/strong> et un <strong>levier interne d\u2019am\u00e9lioration du fonctionnement<\/strong> de l\u2019IUT, au b\u00e9n\u00e9fice des \u00e9tudiants, des personnels et des partenaires.<\/p>\n<p>\n<\/div><div class=\"kc-elm kc-css-907372\" style=\"height: 20px; clear: both; width:100%;\"><\/div><div class=\"kc-elm kc-css-117897 kc_text_block\"><\/p>\n<h2><strong>La certification ISO 9001 v2015<\/strong><\/h2>\n<ul>\n<li><strong>2019<\/strong> : obtention de la certification ISO 9001 v2015 pour les d\u00e9partements G\u00e9nie M\u00e9canique et Productique et G\u00e9nie Civil \u2013 Construction Durable, ainsi que pour l\u2019ensemble des services centraux de l\u2019IUT.<\/li>\n<li><strong>2021<\/strong> : extension de la certification \u00e0 deux nouveaux d\u00e9partements : G\u00e9nie Biologique et M\u00e9tiers du Multim\u00e9dia et de l\u2019Internet de Dijon.<\/li>\n<li><strong>2025<\/strong> : Renouvellement de la certification attestant de la maturit\u00e9 et de la p\u00e9rennit\u00e9 du syst\u00e8me de management de la qualit\u00e9 de l\u2019IUT.<\/li>\n<\/ul>\n<p>\n<\/div><div class=\"kc-elm kc-css-374607\" style=\"height: 20px; clear: both; width:100%;\"><\/div><div class=\"kc-elm kc-css-834078 kc_text_block\"><\/p>\n<h2><strong>Les objectifs de la d\u00e9marche qualit\u00e9<\/strong><\/h2>\n<p>La d\u00e9marche qualit\u00e9 de l\u2019IUT poursuit plusieurs objectifs majeurs :<\/p>\n<ul>\n<li><strong>Placer la satisfaction des \u00e9tudiants et des futurs employeurs au c\u0153ur des pr\u00e9occupations<\/strong>, en garantissant la qualit\u00e9 des formations et en favorisant la r\u00e9ussite et l\u2019insertion professionnelle.<\/li>\n<li><strong>Am\u00e9liorer le fonctionnement de l\u2019\u00e9tablissement<\/strong>, par la formalisation des pratiques et la simplification des proc\u00e9dures.<\/li>\n<li><strong>F\u00e9d\u00e9rer les personnels autour d\u2019objectifs communs<\/strong>, dans un contexte d\u2019\u00e9volution permanente de l\u2019enseignement sup\u00e9rieur.<\/li>\n<li><strong>Renforcer le pilotage strat\u00e9gique<\/strong>, en int\u00e9grant une vision \u00e0 moyen et long terme tenant compte des ressources, des risques et des opportunit\u00e9s.<\/li>\n<\/ul>\n<p>\n<\/div><div class=\"kc-elm kc-css-471095\" style=\"height: 20px; clear: both; width:100%;\"><\/div><div class=\"kc-elm kc-css-411354 kc_text_block\"><\/p>\n<h2 class=\"MsoNormal\"><b>Axes strat\u00e9giques de la politique qualit\u00e9<o:p><\/o:p><\/b><\/h2>\n<p class=\"MsoNormal\">Conform\u00e9ment \u00e0 la norme ISO 9001 v2015, la d\u00e9marche qualit\u00e9 de l\u2019IUT s\u2019articule autour des axes strat\u00e9giques suivants :<o:p><\/o:p><\/p>\n<p class=\"MsoNormal\"><b>Management des ressources et optimisation du fonctionnement<\/b><o:p><\/o:p><\/p>\n<ul style=\"margin-top: 0cm;\" type=\"disc\">\n<li class=\"MsoNormal\">Satisfaction des \u00e9tudiants et des partenaires socio-\u00e9conomiques<o:p><\/o:p><\/li>\n<li class=\"MsoNormal\">Am\u00e9lioration des conditions de travail des personnels<o:p><\/o:p><\/li>\n<li class=\"MsoNormal\">Prise en compte des enjeux de d\u00e9veloppement durable<o:p><\/o:p><\/li>\n<\/ul>\n<p class=\"MsoNormal\"><b>Adaptation de l\u2019offre de formation<\/b><o:p><\/o:p><\/p>\n<ul style=\"margin-top: 0cm;\" type=\"disc\">\n<li class=\"MsoNormal\">Fonctionnement optimal du Bachelor Universitaire de Technologie (BUT)<o:p><\/o:p><\/li>\n<li class=\"MsoNormal\">Adaptation des formations aux besoins des territoires et du monde socio-\u00e9conomique<o:p><\/o:p><\/li>\n<li class=\"MsoNormal\">Contribution \u00e0 l\u2019innovation p\u00e9dagogique et scientifique<o:p><\/o:p><\/li>\n<\/ul>\n<p class=\"MsoNormal\"><b>D\u00e9veloppement des synergies et des partenariats<\/b><o:p><\/o:p><\/p>\n<ul style=\"margin-top: 0cm;\" type=\"disc\">\n<li class=\"MsoNormal\">Coop\u00e9rations avec les autres IUT et composantes universitaires<o:p><\/o:p><\/li>\n<li class=\"MsoNormal\">Participation aux dynamiques nationales et internationales, notamment dans le cadre de l\u2019alliance europ\u00e9enne FORTHEM<o:p><\/o:p><\/li>\n<\/ul>\n<p class=\"MsoNormal\"><b>Optimisation du Syst\u00e8me de Management de la Qualit\u00e9<\/b><o:p><\/o:p><\/p>\n<ul style=\"margin-top: 0cm;\" type=\"disc\">\n<li class=\"MsoNormal\">Simplification et accessibilit\u00e9 du syst\u00e8me qualit\u00e9<o:p><\/o:p><\/li>\n<li class=\"MsoNormal\">D\u00e9mat\u00e9rialisation des processus via l\u2019outil APPQUAL<o:p><\/o:p><\/li>\n<\/ul>\n<p><span style=\"font-size: 12.0pt; line-height: 115%; font-family: 'Aptos',sans-serif; mso-ascii-theme-font: minor-latin; mso-fareast-font-family: Aptos; mso-fareast-theme-font: minor-latin; mso-hansi-theme-font: minor-latin; mso-bidi-font-family: 'Times New Roman'; mso-bidi-theme-font: minor-bidi; mso-ansi-language: FR; mso-fareast-language: EN-US; mso-bidi-language: AR-SA;\">Suivi des activit\u00e9s par des indicateurs pertinents<\/span><\/p>\n<p>\n<\/div><div class=\"kc-elm kc-css-540404\" style=\"height: 20px; clear: both; width:100%;\"><\/div><div class=\"kc-elm kc-css-848748 kc_text_block\"><\/p>\n<h2 class=\"MsoNormal\"><b>Engagement de la direction<o:p><\/o:p><\/b><\/h2>\n<p class=\"MsoNormal\">La direction de l\u2019IUT Dijon-Auxerre-Nevers est pleinement engag\u00e9e dans le pilotage et le d\u00e9ploiement du Syst\u00e8me de Management de la Qualit\u00e9.<\/p>\n<p class=\"MsoNormal\">La r\u00e9ussite et la p\u00e9rennit\u00e9 du syst\u00e8me qualit\u00e9 reposent sur un engagement collectif, au service d\u2019un \u00e9tablissement performant, responsable et tourn\u00e9 vers l\u2019avenir.<o:p><\/o:p><\/p>\n<p>\n<\/div><\/div><\/div><div id=\"gk-sidebar\" class=\"kc-elm kc-css-250301 kc_col-sm-5 kc_column kc_col-sm-5\"><div class=\"kc-col-container\"><div class=\"kc-elm kc-css-990338 kc_shortcode kc_single_image\">\r\n\r\n        <img src=\"https:\/\/iutdijon.u-bourgogne.fr\/www\/wp-content\/uploads\/2020\/11\/actu_ISO_9001_2015.jpg\" class=\"\" alt=\"\" \/>    <\/div>\r\n<div class=\"kc-elm kc-css-266933 kc_text_block contacts box\"><\/p>\n<h2>Contacts cellule Qualit\u00e9<a href=\"mailto:cellule.qualite@iut-dijon.u-bourgogne.fr\" title=\"Cellule.qualite@iut-dijon.u-bourgogne.fr\"><\/a><\/h2>\n<ul>\n<li>Tony MONTESIN<\/li>\n<li>Pauline SZRAMOWSKI<br \/>\nT\u00e9l. : 03 80 39 64 56<br \/>\nE-mail : <a href=\"mailto:cellule.qualite@iut-dijon.u-bourgogne.fr\" title=\"Cellule.qualite@iut-dijon.u-bourgogne.fr\">cellule.qualite@iut-dijon.u-bourgogne.fr<\/a><\/li>\n<\/ul>\n<p style=\"text-align: justify;\">\n<\/div><div class=\"kc-elm kc-css-168711 kc_text_block telechargements box\"><\/p>\n<h3>T\u00e9l\u00e9chargements<\/h3>\n<ul>\n<li><a href=\"https:\/\/iutdijon.u-bourgogne.fr\/www\/telechargement\/6762\/?tmstv=1684746115\" title=\"PDF : T\u00e9l\u00e9chager la certification ISO 2015:9001 de l'IUT | 635 Ko\" rel=\"\">Certificat ISO 2015:9001<\/a><\/li>\n<li><a href=\"https:\/\/iutdijon.u-bourgogne.fr\/www\/telechargement\/8580\/?tmstv=1684746200\" title=\"PDF : T\u00e9l\u00e9charger la lettre d'engagement de la Direction de l'IUT Dijon-Auxerre-Nevers | 110 Ko\">Lettre d&rsquo;engagement de la Direction de l&rsquo;IUT<\/a><\/li>\n<\/ul>\n<p style=\"text-align: justify;\">\n<\/div><\/div><\/div><\/div><\/div><\/section>\n","protected":false},"excerpt":{"rendered":"<p>&hellip;<\/p>\n","protected":false},"author":16,"featured_media":0,"comment_status":"open","ping_status":"open","sticky":false,"template":"","format":"standard","meta":{"_lmt_disableupdate":"no","_lmt_disable":"no"},"categories":[690],"tags":[],"acf":[],"yoast_head":"<!-- This site is optimized with the Yoast SEO plugin v17.2 - https:\/\/yoast.com\/wordpress\/plugins\/seo\/ -->\n<meta name=\"robots\" content=\"index, follow, max-snippet:-1, max-image-preview:large, max-video-preview:-1\" \/>\n<link rel=\"canonical\" href=\"https:\/\/iutdijon.u-bourgogne.fr\/www\/iut\/demarche-qualite.html\" \/>\n<meta property=\"og:locale\" content=\"fr_FR\" \/>\n<meta property=\"og:type\" content=\"article\" \/>\n<meta property=\"og:title\" content=\"D\u00e9marche qualit\u00e9 &gt; IUT Dijon-Auxerre-Nevers\" \/>\n<meta property=\"og:description\" content=\"Une d\u00e9marche structurante au service de la qualit\u00e9 Engag\u00e9 depuis 2014 dans une d\u00e9marche qualit\u00e9, l\u2019IUT Dijon-Auxerre-Nevers a fait le choix d\u2019un syst\u00e8me de management fond\u00e9 sur l\u2019am\u00e9lioration continue, la satisfaction des&hellip;\" \/>\n<meta property=\"og:url\" content=\"https:\/\/iutdijon.u-bourgogne.fr\/www\/iut\/demarche-qualite.html\" \/>\n<meta property=\"og:site_name\" content=\"IUT Dijon-Auxerre-Nevers\" \/>\n<meta property=\"article:published_time\" content=\"2020-06-30T12:43:56+00:00\" \/>\n<meta property=\"article:modified_time\" content=\"2026-01-19T13:49:56+00:00\" \/>\n<meta property=\"og:image\" content=\"https:\/\/iutdijon.u-bourgogne.fr\/www\/wp-content\/uploads\/2020\/11\/actu_ISO_9001_2015.jpg\" \/>\n<meta name=\"twitter:card\" content=\"summary_large_image\" \/>\n<meta name=\"twitter:label1\" content=\"\u00c9crit par\" \/>\n\t<meta name=\"twitter:data1\" content=\"Franck DEHER\" \/>\n\t<meta name=\"twitter:label2\" content=\"Dur\u00e9e de lecture est.\" \/>\n\t<meta name=\"twitter:data2\" content=\"3 minutes\" \/>\n<script type=\"application\/ld+json\" class=\"yoast-schema-graph\">{\"@context\":\"https:\/\/schema.org\",\"@graph\":[{\"@type\":\"WebSite\",\"@id\":\"https:\/\/iutdijon.u-bourgogne.fr\/www\/#website\",\"url\":\"https:\/\/iutdijon.u-bourgogne.fr\/www\/\",\"name\":\"IUT Dijon-Auxerre-Nevers\",\"description\":\"L&#039;IUT Dijon-Auxerre-Nevers propose des formations post-bac dans les secteurs Informatique, Tertiaire et Industriel. Il d\\u00e9livre des dipl\\u00f4mes \\u00e0 Bac+3 (Bachelors Universitaires de Technologie ou Licences Professionnelles).\",\"potentialAction\":[{\"@type\":\"SearchAction\",\"target\":{\"@type\":\"EntryPoint\",\"urlTemplate\":\"https:\/\/iutdijon.u-bourgogne.fr\/www\/?s={search_term_string}\"},\"query-input\":\"required name=search_term_string\"}],\"inLanguage\":\"fr-FR\"},{\"@type\":\"ImageObject\",\"@id\":\"https:\/\/iutdijon.u-bourgogne.fr\/www\/iut\/demarche-qualite.html#primaryimage\",\"inLanguage\":\"fr-FR\",\"url\":\"https:\/\/iutdijon.u-bourgogne.fr\/www\/wp-content\/uploads\/2020\/11\/actu_ISO_9001_2015.jpg\",\"contentUrl\":\"https:\/\/iutdijon.u-bourgogne.fr\/www\/wp-content\/uploads\/2020\/11\/actu_ISO_9001_2015.jpg\",\"width\":543,\"height\":304},{\"@type\":\"WebPage\",\"@id\":\"https:\/\/iutdijon.u-bourgogne.fr\/www\/iut\/demarche-qualite.html#webpage\",\"url\":\"https:\/\/iutdijon.u-bourgogne.fr\/www\/iut\/demarche-qualite.html\",\"name\":\"D\\u00e9marche qualit\\u00e9 &gt; IUT Dijon-Auxerre-Nevers\",\"isPartOf\":{\"@id\":\"https:\/\/iutdijon.u-bourgogne.fr\/www\/#website\"},\"primaryImageOfPage\":{\"@id\":\"https:\/\/iutdijon.u-bourgogne.fr\/www\/iut\/demarche-qualite.html#primaryimage\"},\"datePublished\":\"2020-06-30T12:43:56+00:00\",\"dateModified\":\"2026-01-19T13:49:56+00:00\",\"author\":{\"@id\":\"https:\/\/iutdijon.u-bourgogne.fr\/www\/#\/schema\/person\/4180d9e43f03bdaa814ecc44a41289b6\"},\"breadcrumb\":{\"@id\":\"https:\/\/iutdijon.u-bourgogne.fr\/www\/iut\/demarche-qualite.html#breadcrumb\"},\"inLanguage\":\"fr-FR\",\"potentialAction\":[{\"@type\":\"ReadAction\",\"target\":[\"https:\/\/iutdijon.u-bourgogne.fr\/www\/iut\/demarche-qualite.html\"]}]},{\"@type\":\"BreadcrumbList\",\"@id\":\"https:\/\/iutdijon.u-bourgogne.fr\/www\/iut\/demarche-qualite.html#breadcrumb\",\"itemListElement\":[{\"@type\":\"ListItem\",\"position\":1,\"name\":\"Accueil\",\"item\":\"https:\/\/iutdijon.u-bourgogne.fr\/www\/\"},{\"@type\":\"ListItem\",\"position\":2,\"name\":\"IUT\",\"item\":\"https:\/\/iutdijon.u-bourgogne.fr\/www\/category\/iut\"},{\"@type\":\"ListItem\",\"position\":3,\"name\":\"D\\u00e9marche qualit\\u00e9\"}]},{\"@type\":\"Person\",\"@id\":\"https:\/\/iutdijon.u-bourgogne.fr\/www\/#\/schema\/person\/4180d9e43f03bdaa814ecc44a41289b6\",\"name\":\"Franck DEHER\",\"image\":{\"@type\":\"ImageObject\",\"@id\":\"https:\/\/iutdijon.u-bourgogne.fr\/www\/#personlogo\",\"inLanguage\":\"fr-FR\",\"url\":\"https:\/\/secure.gravatar.com\/avatar\/8ee062172c12d7af876dc35f92059d22?s=96&d=mm&r=g\",\"contentUrl\":\"https:\/\/secure.gravatar.com\/avatar\/8ee062172c12d7af876dc35f92059d22?s=96&d=mm&r=g\",\"caption\":\"Franck DEHER\"},\"url\":\"https:\/\/iutdijon.u-bourgogne.fr\/www\/author\/fdeher\"}]}<\/script>\n<!-- \/ Yoast SEO plugin. -->","yoast_head_json":{"robots":{"index":"index","follow":"follow","max-snippet":"max-snippet:-1","max-image-preview":"max-image-preview:large","max-video-preview":"max-video-preview:-1"},"canonical":"https:\/\/iutdijon.u-bourgogne.fr\/www\/iut\/demarche-qualite.html","og_locale":"fr_FR","og_type":"article","og_title":"D\u00e9marche qualit\u00e9 &gt; IUT Dijon-Auxerre-Nevers","og_description":"Une d\u00e9marche structurante au service de la qualit\u00e9 Engag\u00e9 depuis 2014 dans une d\u00e9marche qualit\u00e9, l\u2019IUT Dijon-Auxerre-Nevers a fait le choix d\u2019un syst\u00e8me de management fond\u00e9 sur l\u2019am\u00e9lioration continue, la satisfaction des&hellip;","og_url":"https:\/\/iutdijon.u-bourgogne.fr\/www\/iut\/demarche-qualite.html","og_site_name":"IUT Dijon-Auxerre-Nevers","article_published_time":"2020-06-30T12:43:56+00:00","article_modified_time":"2026-01-19T13:49:56+00:00","og_image":[{"url":"https:\/\/iutdijon.u-bourgogne.fr\/www\/wp-content\/uploads\/2020\/11\/actu_ISO_9001_2015.jpg"}],"twitter_card":"summary_large_image","twitter_misc":{"\u00c9crit par":"Franck DEHER","Dur\u00e9e de lecture est.":"3 minutes"},"schema":{"@context":"https:\/\/schema.org","@graph":[{"@type":"WebSite","@id":"https:\/\/iutdijon.u-bourgogne.fr\/www\/#website","url":"https:\/\/iutdijon.u-bourgogne.fr\/www\/","name":"IUT Dijon-Auxerre-Nevers","description":"L&#039;IUT Dijon-Auxerre-Nevers propose des formations post-bac dans les secteurs Informatique, Tertiaire et Industriel. Il d\u00e9livre des dipl\u00f4mes \u00e0 Bac+3 (Bachelors Universitaires de Technologie ou Licences Professionnelles).","potentialAction":[{"@type":"SearchAction","target":{"@type":"EntryPoint","urlTemplate":"https:\/\/iutdijon.u-bourgogne.fr\/www\/?s={search_term_string}"},"query-input":"required name=search_term_string"}],"inLanguage":"fr-FR"},{"@type":"ImageObject","@id":"https:\/\/iutdijon.u-bourgogne.fr\/www\/iut\/demarche-qualite.html#primaryimage","inLanguage":"fr-FR","url":"https:\/\/iutdijon.u-bourgogne.fr\/www\/wp-content\/uploads\/2020\/11\/actu_ISO_9001_2015.jpg","contentUrl":"https:\/\/iutdijon.u-bourgogne.fr\/www\/wp-content\/uploads\/2020\/11\/actu_ISO_9001_2015.jpg","width":543,"height":304},{"@type":"WebPage","@id":"https:\/\/iutdijon.u-bourgogne.fr\/www\/iut\/demarche-qualite.html#webpage","url":"https:\/\/iutdijon.u-bourgogne.fr\/www\/iut\/demarche-qualite.html","name":"D\u00e9marche qualit\u00e9 &gt; IUT Dijon-Auxerre-Nevers","isPartOf":{"@id":"https:\/\/iutdijon.u-bourgogne.fr\/www\/#website"},"primaryImageOfPage":{"@id":"https:\/\/iutdijon.u-bourgogne.fr\/www\/iut\/demarche-qualite.html#primaryimage"},"datePublished":"2020-06-30T12:43:56+00:00","dateModified":"2026-01-19T13:49:56+00:00","author":{"@id":"https:\/\/iutdijon.u-bourgogne.fr\/www\/#\/schema\/person\/4180d9e43f03bdaa814ecc44a41289b6"},"breadcrumb":{"@id":"https:\/\/iutdijon.u-bourgogne.fr\/www\/iut\/demarche-qualite.html#breadcrumb"},"inLanguage":"fr-FR","potentialAction":[{"@type":"ReadAction","target":["https:\/\/iutdijon.u-bourgogne.fr\/www\/iut\/demarche-qualite.html"]}]},{"@type":"BreadcrumbList","@id":"https:\/\/iutdijon.u-bourgogne.fr\/www\/iut\/demarche-qualite.html#breadcrumb","itemListElement":[{"@type":"ListItem","position":1,"name":"Accueil","item":"https:\/\/iutdijon.u-bourgogne.fr\/www\/"},{"@type":"ListItem","position":2,"name":"IUT","item":"https:\/\/iutdijon.u-bourgogne.fr\/www\/category\/iut"},{"@type":"ListItem","position":3,"name":"D\u00e9marche qualit\u00e9"}]},{"@type":"Person","@id":"https:\/\/iutdijon.u-bourgogne.fr\/www\/#\/schema\/person\/4180d9e43f03bdaa814ecc44a41289b6","name":"Franck DEHER","image":{"@type":"ImageObject","@id":"https:\/\/iutdijon.u-bourgogne.fr\/www\/#personlogo","inLanguage":"fr-FR","url":"https:\/\/secure.gravatar.com\/avatar\/8ee062172c12d7af876dc35f92059d22?s=96&d=mm&r=g","contentUrl":"https:\/\/secure.gravatar.com\/avatar\/8ee062172c12d7af876dc35f92059d22?s=96&d=mm&r=g","caption":"Franck DEHER"},"url":"https:\/\/iutdijon.u-bourgogne.fr\/www\/author\/fdeher"}]}},"modified_by":"Coline BONNET","_links":{"self":[{"href":"https:\/\/iutdijon.u-bourgogne.fr\/www\/wp-json\/wp\/v2\/posts\/2276"}],"collection":[{"href":"https:\/\/iutdijon.u-bourgogne.fr\/www\/wp-json\/wp\/v2\/posts"}],"about":[{"href":"https:\/\/iutdijon.u-bourgogne.fr\/www\/wp-json\/wp\/v2\/types\/post"}],"author":[{"embeddable":true,"href":"https:\/\/iutdijon.u-bourgogne.fr\/www\/wp-json\/wp\/v2\/users\/16"}],"replies":[{"embeddable":true,"href":"https:\/\/iutdijon.u-bourgogne.fr\/www\/wp-json\/wp\/v2\/comments?post=2276"}],"version-history":[{"count":58,"href":"https:\/\/iutdijon.u-bourgogne.fr\/www\/wp-json\/wp\/v2\/posts\/2276\/revisions"}],"predecessor-version":[{"id":15110,"href":"https:\/\/iutdijon.u-bourgogne.fr\/www\/wp-json\/wp\/v2\/posts\/2276\/revisions\/15110"}],"wp:attachment":[{"href":"https:\/\/iutdijon.u-bourgogne.fr\/www\/wp-json\/wp\/v2\/media?parent=2276"}],"wp:term":[{"taxonomy":"category","embeddable":true,"href":"https:\/\/iutdijon.u-bourgogne.fr\/www\/wp-json\/wp\/v2\/categories?post=2276"},{"taxonomy":"post_tag","embeddable":true,"href":"https:\/\/iutdijon.u-bourgogne.fr\/www\/wp-json\/wp\/v2\/tags?post=2276"}],"curies":[{"name":"wp","href":"https:\/\/api.w.org\/{rel}","templated":true}]}}