{"id":14465,"date":"2025-04-25T08:00:25","date_gmt":"2025-04-25T06:00:25","guid":{"rendered":"https:\/\/iutdijon.u-bourgogne.fr\/www\/?p=14465"},"modified":"2025-03-31T14:46:30","modified_gmt":"2025-03-31T12:46:30","slug":"iuterview-mathis-le-scao-champion-de-france-de-saut-en-hauteur-et-etudiant-a-liut-dijon-auxerre-nevers","status":"publish","type":"post","link":"https:\/\/iutdijon.u-bourgogne.fr\/www\/actualites\/iuterview-mathis-le-scao-champion-de-france-de-saut-en-hauteur-et-etudiant-a-liut-dijon-auxerre-nevers.html","title":{"rendered":"IUT&rsquo;erview #10 : Mathis Le Scao, champion de France de saut en hauteur et \u00e9tudiant \u00e0 l&rsquo;IUT Dijon-Auxerre-Nevers"},"content":{"rendered":"<section class=\"kc-elm kc-css-750149 kc_row\"><div class=\"kc-row-container  kc-container\"><div class=\"kc-wrap-columns\"><div class=\"kc-elm kc-css-724894 kc_col-sm-12 kc_column kc_col-sm-12\"><div class=\"kc-col-container\"><div class=\"kc-elm kc-css-797918 kc_text_block\"><\/p>\n<p><span class=\"chapo\">Venez rencontrer Mathis Le Scao, notre champion de France de saut en hauteur et \u00e9tudiant en deuxi\u00e8me ann\u00e9e de Bachelor Universitaire en Gestion des Entreprises et des Administrations (GEA) \u00e0 l&rsquo;IUT de Dijon-Auxerre-Nevers.<\/span><\/p>\n<p>Dans cette interview, Mathis nous ouvre les portes de son univers sportif et acad\u00e9mique. Il partage son parcours impressionnant, ses projets professionnels et ses ambitions futures. Nous discutons de la mani\u00e8re dont il concilie sa carri\u00e8re de sportif de haut niveau avec ses \u00e9tudes exigeantes, tout en abordant les am\u00e9nagements qu\u2019il a d\u00fb mettre en place pour g\u00e9rer cette double vie. Petit spoiler : il r\u00e2le un peu sur les sacrifices et les difficult\u00e9s de cette organisation, mais avec toujours beaucoup<br \/>\nd\u2019humour et de sinc\u00e9rit\u00e9 !<\/p>\n<p>Le saut en hauteur, une discipline exigeante, fait aujourd\u2019hui partie de son quotidien. Mathis nous explique comment il a d\u00e9couvert ce sport d\u00e8s son jeune \u00e2ge, ce qui l\u2019a pouss\u00e9 \u00e0 pers\u00e9v\u00e9rer malgr\u00e9 les \u00e9preuves, et comment il a transform\u00e9 sa passion en un moteur pour sa vie personnelle et professionnelle. Il nous parle \u00e9galement de ses deux sauteurs pr\u00e9f\u00e9r\u00e9s, ceux qui l&rsquo;inspirent et qui ont marqu\u00e9 son parcours, donnant un aper\u00e7u de ce qui pour lui fait un grand athl\u00e8te dans cette discipline.<\/p>\n<p>Il nous d\u00e9crit aussi les capacit\u00e9s physiques n\u00e9cessaires pour exceller en saut en hauteur, de la puissance dans les jambes \u00e0 la souplesse dans la prise d\u2019\u00e9lan. Mais ce qui marque vraiment l\u2019interview, c\u2019est quand Mathis nous parle avec \u00e9motion de ce qu\u2019il ressent lorsqu\u2019il saute : cette sensation unique de \u00ab voler \u00bb dans les airs, un instant suspendu, comme si tout le reste disparaissait. C\u2019est un moment d\u2019extase et de libert\u00e9 pour lui, une exp\u00e9rience qu\u2019il d\u00e9crit comme une v\u00e9ritable \u00ab lib\u00e9ration \u00bb \u00e0 chaque saut.<\/p>\n<p>Mathis nous d\u00e9voile \u00e9galement son propre record personnel de 2m11, un exploit qu\u2019il continue de viser \u00e0 d\u00e9passer, avec toujours plus de d\u00e9termination. Ses victoires, ses d\u00e9faites, et la motivation qu\u2019il trouve dans les moments difficiles sont des aspects cl\u00e9s de son engagement.<\/p>\n<p>Entre rires et moments inspirants, cette interview nous plonge dans l\u2019univers d\u2019un athl\u00e8te passionn\u00e9 qui vit pleinement sa discipline tout en restant un \u00e9tudiant assidu. Ne manquez pas cette occasion de d\u00e9couvrir le parcours d\u2019un jeune homme d\u00e9termin\u00e9, \u00e0 la fois sportif de haut niveau et futur professionnel du monde de l\u2019entreprise !<\/p>\n<p>Partagez cette vid\u00e9o pour faire conna\u00eetre son histoire et ses projets !<\/p>\n<p>\n<\/div><div class=\"kc-elm kc-css-335254 kc-raw-code\"><iframe width=\"560\" height=\"315\" src=\"https:\/\/www.youtube.com\/embed\/ip6IHolZ93A?si=TiXlB4wr1ehsJwgM\" title=\"YouTube video player\" frameborder=\"0\" allow=\"accelerometer; autoplay; clipboard-write; encrypted-media; gyroscope; picture-in-picture; web-share\" referrerpolicy=\"strict-origin-when-cross-origin\" allowfullscreen><\/iframe><\/div><\/div><\/div><\/div><\/div><\/section>\n","protected":false},"excerpt":{"rendered":"<p>&hellip;<\/p>\n","protected":false},"author":3185,"featured_media":14466,"comment_status":"closed","ping_status":"open","sticky":false,"template":"","format":"standard","meta":{"_lmt_disableupdate":"","_lmt_disable":""},"categories":[458],"tags":[],"acf":[],"yoast_head":"<!-- This site is optimized with the Yoast SEO plugin v17.2 - https:\/\/yoast.com\/wordpress\/plugins\/seo\/ -->\n<meta name=\"robots\" content=\"index, follow, max-snippet:-1, max-image-preview:large, max-video-preview:-1\" \/>\n<link rel=\"canonical\" href=\"https:\/\/iutdijon.u-bourgogne.fr\/www\/actualites\/iuterview-mathis-le-scao-champion-de-france-de-saut-en-hauteur-et-etudiant-a-liut-dijon-auxerre-nevers.html\" \/>\n<meta property=\"og:locale\" content=\"fr_FR\" \/>\n<meta property=\"og:type\" content=\"article\" \/>\n<meta property=\"og:title\" content=\"IUT&#039;erview #10 : Mathis Le Scao, champion de France de saut en hauteur et \u00e9tudiant \u00e0 l&#039;IUT Dijon-Auxerre-Nevers &gt; IUT Dijon-Auxerre-Nevers\" \/>\n<meta property=\"og:description\" content=\"Venez rencontrer Mathis Le Scao, notre champion de France de saut en hauteur et \u00e9tudiant en deuxi\u00e8me ann\u00e9e de Bachelor Universitaire en Gestion des Entreprises et des Administrations (GEA) \u00e0 l&rsquo;IUT de&hellip;\" \/>\n<meta property=\"og:url\" content=\"https:\/\/iutdijon.u-bourgogne.fr\/www\/actualites\/iuterview-mathis-le-scao-champion-de-france-de-saut-en-hauteur-et-etudiant-a-liut-dijon-auxerre-nevers.html\" \/>\n<meta property=\"og:site_name\" content=\"IUT Dijon-Auxerre-Nevers\" \/>\n<meta property=\"article:published_time\" content=\"2025-04-25T06:00:25+00:00\" \/>\n<meta property=\"article:modified_time\" content=\"2025-03-31T12:46:30+00:00\" \/>\n<meta property=\"og:image\" content=\"https:\/\/iutdijon.u-bourgogne.fr\/www\/wp-content\/uploads\/2025\/03\/IMAG_iuterview_matis_le_scao.jpg\" \/>\n\t<meta property=\"og:image:width\" content=\"543\" \/>\n\t<meta property=\"og:image:height\" content=\"304\" \/>\n<meta name=\"twitter:card\" content=\"summary_large_image\" \/>\n<meta name=\"twitter:label1\" content=\"\u00c9crit par\" \/>\n\t<meta name=\"twitter:data1\" content=\"Jeanne-Marie BORDELOT\" \/>\n\t<meta name=\"twitter:label2\" content=\"Dur\u00e9e de lecture est.\" \/>\n\t<meta name=\"twitter:data2\" content=\"2 minutes\" \/>\n<script type=\"application\/ld+json\" class=\"yoast-schema-graph\">{\"@context\":\"https:\/\/schema.org\",\"@graph\":[{\"@type\":\"WebSite\",\"@id\":\"https:\/\/iutdijon.u-bourgogne.fr\/www\/#website\",\"url\":\"https:\/\/iutdijon.u-bourgogne.fr\/www\/\",\"name\":\"IUT Dijon-Auxerre-Nevers\",\"description\":\"L&#039;IUT Dijon-Auxerre-Nevers propose des formations post-bac dans les secteurs Informatique, Tertiaire et Industriel. Il d\\u00e9livre des dipl\\u00f4mes \\u00e0 Bac+3 (Bachelors Universitaires de Technologie ou Licences Professionnelles).\",\"potentialAction\":[{\"@type\":\"SearchAction\",\"target\":{\"@type\":\"EntryPoint\",\"urlTemplate\":\"https:\/\/iutdijon.u-bourgogne.fr\/www\/?s={search_term_string}\"},\"query-input\":\"required name=search_term_string\"}],\"inLanguage\":\"fr-FR\"},{\"@type\":\"ImageObject\",\"@id\":\"https:\/\/iutdijon.u-bourgogne.fr\/www\/actualites\/iuterview-mathis-le-scao-champion-de-france-de-saut-en-hauteur-et-etudiant-a-liut-dijon-auxerre-nevers.html#primaryimage\",\"inLanguage\":\"fr-FR\",\"url\":\"https:\/\/iutdijon.u-bourgogne.fr\/www\/wp-content\/uploads\/2025\/03\/IMAG_iuterview_matis_le_scao.jpg\",\"contentUrl\":\"https:\/\/iutdijon.u-bourgogne.fr\/www\/wp-content\/uploads\/2025\/03\/IMAG_iuterview_matis_le_scao.jpg\",\"width\":543,\"height\":304},{\"@type\":\"WebPage\",\"@id\":\"https:\/\/iutdijon.u-bourgogne.fr\/www\/actualites\/iuterview-mathis-le-scao-champion-de-france-de-saut-en-hauteur-et-etudiant-a-liut-dijon-auxerre-nevers.html#webpage\",\"url\":\"https:\/\/iutdijon.u-bourgogne.fr\/www\/actualites\/iuterview-mathis-le-scao-champion-de-france-de-saut-en-hauteur-et-etudiant-a-liut-dijon-auxerre-nevers.html\",\"name\":\"IUT'erview #10 : Mathis Le Scao, champion de France de saut en hauteur et \\u00e9tudiant \\u00e0 l'IUT Dijon-Auxerre-Nevers &gt; IUT Dijon-Auxerre-Nevers\",\"isPartOf\":{\"@id\":\"https:\/\/iutdijon.u-bourgogne.fr\/www\/#website\"},\"primaryImageOfPage\":{\"@id\":\"https:\/\/iutdijon.u-bourgogne.fr\/www\/actualites\/iuterview-mathis-le-scao-champion-de-france-de-saut-en-hauteur-et-etudiant-a-liut-dijon-auxerre-nevers.html#primaryimage\"},\"datePublished\":\"2025-04-25T06:00:25+00:00\",\"dateModified\":\"2025-03-31T12:46:30+00:00\",\"author\":{\"@id\":\"https:\/\/iutdijon.u-bourgogne.fr\/www\/#\/schema\/person\/fc0840e606b0fe8198fbc1fc38f254b7\"},\"breadcrumb\":{\"@id\":\"https:\/\/iutdijon.u-bourgogne.fr\/www\/actualites\/iuterview-mathis-le-scao-champion-de-france-de-saut-en-hauteur-et-etudiant-a-liut-dijon-auxerre-nevers.html#breadcrumb\"},\"inLanguage\":\"fr-FR\",\"potentialAction\":[{\"@type\":\"ReadAction\",\"target\":[\"https:\/\/iutdijon.u-bourgogne.fr\/www\/actualites\/iuterview-mathis-le-scao-champion-de-france-de-saut-en-hauteur-et-etudiant-a-liut-dijon-auxerre-nevers.html\"]}]},{\"@type\":\"BreadcrumbList\",\"@id\":\"https:\/\/iutdijon.u-bourgogne.fr\/www\/actualites\/iuterview-mathis-le-scao-champion-de-france-de-saut-en-hauteur-et-etudiant-a-liut-dijon-auxerre-nevers.html#breadcrumb\",\"itemListElement\":[{\"@type\":\"ListItem\",\"position\":1,\"name\":\"Accueil\",\"item\":\"https:\/\/iutdijon.u-bourgogne.fr\/www\/\"},{\"@type\":\"ListItem\",\"position\":2,\"name\":\"Actualit\\u00e9s\",\"item\":\"https:\/\/iutdijon.u-bourgogne.fr\/www\/category\/actualites\"},{\"@type\":\"ListItem\",\"position\":3,\"name\":\"IUT&rsquo;erview #10 : Mathis Le Scao, champion de France de saut en hauteur et \\u00e9tudiant \\u00e0 l&rsquo;IUT Dijon-Auxerre-Nevers\"}]},{\"@type\":\"Person\",\"@id\":\"https:\/\/iutdijon.u-bourgogne.fr\/www\/#\/schema\/person\/fc0840e606b0fe8198fbc1fc38f254b7\",\"name\":\"Jeanne-Marie BORDELOT\",\"image\":{\"@type\":\"ImageObject\",\"@id\":\"https:\/\/iutdijon.u-bourgogne.fr\/www\/#personlogo\",\"inLanguage\":\"fr-FR\",\"url\":\"https:\/\/secure.gravatar.com\/avatar\/aba6f04b7ddaa95d23b791bf7fe581fc?s=96&d=mm&r=g\",\"contentUrl\":\"https:\/\/secure.gravatar.com\/avatar\/aba6f04b7ddaa95d23b791bf7fe581fc?s=96&d=mm&r=g\",\"caption\":\"Jeanne-Marie BORDELOT\"},\"url\":\"https:\/\/iutdijon.u-bourgogne.fr\/www\/author\/jmbord\"}]}<\/script>\n<!-- \/ Yoast SEO plugin. -->","yoast_head_json":{"robots":{"index":"index","follow":"follow","max-snippet":"max-snippet:-1","max-image-preview":"max-image-preview:large","max-video-preview":"max-video-preview:-1"},"canonical":"https:\/\/iutdijon.u-bourgogne.fr\/www\/actualites\/iuterview-mathis-le-scao-champion-de-france-de-saut-en-hauteur-et-etudiant-a-liut-dijon-auxerre-nevers.html","og_locale":"fr_FR","og_type":"article","og_title":"IUT'erview #10 : Mathis Le Scao, champion de France de saut en hauteur et \u00e9tudiant \u00e0 l'IUT Dijon-Auxerre-Nevers &gt; IUT Dijon-Auxerre-Nevers","og_description":"Venez rencontrer Mathis Le Scao, notre champion de France de saut en hauteur et \u00e9tudiant en deuxi\u00e8me ann\u00e9e de Bachelor Universitaire en Gestion des Entreprises et des Administrations (GEA) \u00e0 l&rsquo;IUT de&hellip;","og_url":"https:\/\/iutdijon.u-bourgogne.fr\/www\/actualites\/iuterview-mathis-le-scao-champion-de-france-de-saut-en-hauteur-et-etudiant-a-liut-dijon-auxerre-nevers.html","og_site_name":"IUT Dijon-Auxerre-Nevers","article_published_time":"2025-04-25T06:00:25+00:00","article_modified_time":"2025-03-31T12:46:30+00:00","og_image":[{"width":543,"height":304,"url":"https:\/\/iutdijon.u-bourgogne.fr\/www\/wp-content\/uploads\/2025\/03\/IMAG_iuterview_matis_le_scao.jpg","path":"\/var\/www\/html\/www\/wp-content\/uploads\/2025\/03\/IMAG_iuterview_matis_le_scao.jpg","size":"full","id":14466,"alt":"","pixels":165072,"type":"image\/jpeg"}],"twitter_card":"summary_large_image","twitter_misc":{"\u00c9crit par":"Jeanne-Marie BORDELOT","Dur\u00e9e de lecture est.":"2 minutes"},"schema":{"@context":"https:\/\/schema.org","@graph":[{"@type":"WebSite","@id":"https:\/\/iutdijon.u-bourgogne.fr\/www\/#website","url":"https:\/\/iutdijon.u-bourgogne.fr\/www\/","name":"IUT Dijon-Auxerre-Nevers","description":"L&#039;IUT Dijon-Auxerre-Nevers propose des formations post-bac dans les secteurs Informatique, Tertiaire et Industriel. Il d\u00e9livre des dipl\u00f4mes \u00e0 Bac+3 (Bachelors Universitaires de Technologie ou Licences Professionnelles).","potentialAction":[{"@type":"SearchAction","target":{"@type":"EntryPoint","urlTemplate":"https:\/\/iutdijon.u-bourgogne.fr\/www\/?s={search_term_string}"},"query-input":"required name=search_term_string"}],"inLanguage":"fr-FR"},{"@type":"ImageObject","@id":"https:\/\/iutdijon.u-bourgogne.fr\/www\/actualites\/iuterview-mathis-le-scao-champion-de-france-de-saut-en-hauteur-et-etudiant-a-liut-dijon-auxerre-nevers.html#primaryimage","inLanguage":"fr-FR","url":"https:\/\/iutdijon.u-bourgogne.fr\/www\/wp-content\/uploads\/2025\/03\/IMAG_iuterview_matis_le_scao.jpg","contentUrl":"https:\/\/iutdijon.u-bourgogne.fr\/www\/wp-content\/uploads\/2025\/03\/IMAG_iuterview_matis_le_scao.jpg","width":543,"height":304},{"@type":"WebPage","@id":"https:\/\/iutdijon.u-bourgogne.fr\/www\/actualites\/iuterview-mathis-le-scao-champion-de-france-de-saut-en-hauteur-et-etudiant-a-liut-dijon-auxerre-nevers.html#webpage","url":"https:\/\/iutdijon.u-bourgogne.fr\/www\/actualites\/iuterview-mathis-le-scao-champion-de-france-de-saut-en-hauteur-et-etudiant-a-liut-dijon-auxerre-nevers.html","name":"IUT'erview #10 : Mathis Le Scao, champion de France de saut en hauteur et \u00e9tudiant \u00e0 l'IUT Dijon-Auxerre-Nevers &gt; IUT Dijon-Auxerre-Nevers","isPartOf":{"@id":"https:\/\/iutdijon.u-bourgogne.fr\/www\/#website"},"primaryImageOfPage":{"@id":"https:\/\/iutdijon.u-bourgogne.fr\/www\/actualites\/iuterview-mathis-le-scao-champion-de-france-de-saut-en-hauteur-et-etudiant-a-liut-dijon-auxerre-nevers.html#primaryimage"},"datePublished":"2025-04-25T06:00:25+00:00","dateModified":"2025-03-31T12:46:30+00:00","author":{"@id":"https:\/\/iutdijon.u-bourgogne.fr\/www\/#\/schema\/person\/fc0840e606b0fe8198fbc1fc38f254b7"},"breadcrumb":{"@id":"https:\/\/iutdijon.u-bourgogne.fr\/www\/actualites\/iuterview-mathis-le-scao-champion-de-france-de-saut-en-hauteur-et-etudiant-a-liut-dijon-auxerre-nevers.html#breadcrumb"},"inLanguage":"fr-FR","potentialAction":[{"@type":"ReadAction","target":["https:\/\/iutdijon.u-bourgogne.fr\/www\/actualites\/iuterview-mathis-le-scao-champion-de-france-de-saut-en-hauteur-et-etudiant-a-liut-dijon-auxerre-nevers.html"]}]},{"@type":"BreadcrumbList","@id":"https:\/\/iutdijon.u-bourgogne.fr\/www\/actualites\/iuterview-mathis-le-scao-champion-de-france-de-saut-en-hauteur-et-etudiant-a-liut-dijon-auxerre-nevers.html#breadcrumb","itemListElement":[{"@type":"ListItem","position":1,"name":"Accueil","item":"https:\/\/iutdijon.u-bourgogne.fr\/www\/"},{"@type":"ListItem","position":2,"name":"Actualit\u00e9s","item":"https:\/\/iutdijon.u-bourgogne.fr\/www\/category\/actualites"},{"@type":"ListItem","position":3,"name":"IUT&rsquo;erview #10 : Mathis Le Scao, champion de France de saut en hauteur et \u00e9tudiant \u00e0 l&rsquo;IUT Dijon-Auxerre-Nevers"}]},{"@type":"Person","@id":"https:\/\/iutdijon.u-bourgogne.fr\/www\/#\/schema\/person\/fc0840e606b0fe8198fbc1fc38f254b7","name":"Jeanne-Marie BORDELOT","image":{"@type":"ImageObject","@id":"https:\/\/iutdijon.u-bourgogne.fr\/www\/#personlogo","inLanguage":"fr-FR","url":"https:\/\/secure.gravatar.com\/avatar\/aba6f04b7ddaa95d23b791bf7fe581fc?s=96&d=mm&r=g","contentUrl":"https:\/\/secure.gravatar.com\/avatar\/aba6f04b7ddaa95d23b791bf7fe581fc?s=96&d=mm&r=g","caption":"Jeanne-Marie BORDELOT"},"url":"https:\/\/iutdijon.u-bourgogne.fr\/www\/author\/jmbord"}]}},"modified_by":"Jeanne-Marie BORDELOT","_links":{"self":[{"href":"https:\/\/iutdijon.u-bourgogne.fr\/www\/wp-json\/wp\/v2\/posts\/14465"}],"collection":[{"href":"https:\/\/iutdijon.u-bourgogne.fr\/www\/wp-json\/wp\/v2\/posts"}],"about":[{"href":"https:\/\/iutdijon.u-bourgogne.fr\/www\/wp-json\/wp\/v2\/types\/post"}],"author":[{"embeddable":true,"href":"https:\/\/iutdijon.u-bourgogne.fr\/www\/wp-json\/wp\/v2\/users\/3185"}],"replies":[{"embeddable":true,"href":"https:\/\/iutdijon.u-bourgogne.fr\/www\/wp-json\/wp\/v2\/comments?post=14465"}],"version-history":[{"count":4,"href":"https:\/\/iutdijon.u-bourgogne.fr\/www\/wp-json\/wp\/v2\/posts\/14465\/revisions"}],"predecessor-version":[{"id":14477,"href":"https:\/\/iutdijon.u-bourgogne.fr\/www\/wp-json\/wp\/v2\/posts\/14465\/revisions\/14477"}],"wp:featuredmedia":[{"embeddable":true,"href":"https:\/\/iutdijon.u-bourgogne.fr\/www\/wp-json\/wp\/v2\/media\/14466"}],"wp:attachment":[{"href":"https:\/\/iutdijon.u-bourgogne.fr\/www\/wp-json\/wp\/v2\/media?parent=14465"}],"wp:term":[{"taxonomy":"category","embeddable":true,"href":"https:\/\/iutdijon.u-bourgogne.fr\/www\/wp-json\/wp\/v2\/categories?post=14465"},{"taxonomy":"post_tag","embeddable":true,"href":"https:\/\/iutdijon.u-bourgogne.fr\/www\/wp-json\/wp\/v2\/tags?post=14465"}],"curies":[{"name":"wp","href":"https:\/\/api.w.org\/{rel}","templated":true}]}}