{"id":14457,"date":"2025-04-11T08:00:04","date_gmt":"2025-04-11T06:00:04","guid":{"rendered":"https:\/\/iutdijon.u-bourgogne.fr\/www\/?p=14457"},"modified":"2025-03-28T14:39:17","modified_gmt":"2025-03-28T13:39:17","slug":"iuterview-8-lhistoire-derriere-la-pancarte-passe-une-excellente-journee","status":"publish","type":"post","link":"https:\/\/iutdijon.u-bourgogne.fr\/www\/actualites\/iuterview-8-lhistoire-derriere-la-pancarte-passe-une-excellente-journee.html","title":{"rendered":"IUT&rsquo;erview #8 : L&rsquo;histoire derri\u00e8re la pancarte \u00ab\u00a0Passe une excellente journ\u00e9e\u00a0\u00bb !"},"content":{"rendered":"<section class=\"kc-elm kc-css-224451 kc_row\"><div class=\"kc-row-container  kc-container\"><div class=\"kc-wrap-columns\"><div class=\"kc-elm kc-css-204954 kc_col-sm-12 kc_column kc_col-sm-12\"><div class=\"kc-col-container\"><div class=\"kc-elm kc-css-841266 kc_text_block\"><\/p>\n<p><span class=\"chapo\">Vous avez peut-\u00eatre d\u00e9j\u00e0 crois\u00e9 Lucas Finez et sa pancarte positive sur le campus ou en ville ? Son sourire et son message bienveillant ont d\u00e9j\u00e0 touch\u00e9 de multiples personnes, voire m\u00eame vous\u2026 Mais connaissez-vous son histoire ?<\/span><\/p>\n<p>Depuis plusieurs ann\u00e9es, Lucas diffuse de la joie et des sourires \u00e0 travers une simple pancarte. Ce geste, qui peut sembler anodin pour beaucoup, peut pourtant avoir un grand impact. \u00c0 travers ces quelques mots, il cherche \u00e0 apporter de la bonne humeur et un peu de lumi\u00e8re dans le quotidien de chacun. Que l\u2019on soit \u00e9tudiant stress\u00e9, passant press\u00e9 ou personne en qu\u00eate d\u2019un rayon de soleil dans une matin\u00e9e dijonnaise gris\u00e2tre, son message ne laisse personne indiff\u00e9rent.<\/p>\n<p><strong>Dans cette interview, Lucas nous raconte :<\/strong><\/p>\n<ul>\n<li>D\u2019o\u00f9 lui est venue cette id\u00e9e originale et ce que signifie ce message pour lui<\/li>\n<li>Comment cette initiative a transform\u00e9 sa vision du monde et des autres<\/li>\n<li>Les r\u00e9actions des passants : des sourires, des rencontres marquantes, mais aussi des critiques<\/li>\n<li>La perception de ses proches : soutien, surprise et parfois incompr\u00e9hension<\/li>\n<li>Son avenir et comment il veut continuer \u00e0 r\u00e9pandre de la joie<\/li>\n<\/ul>\n<p><strong>Une initiative simple, mais un impact immense<\/strong><\/p>\n<p>Ce qui n\u2019\u00e9tait au d\u00e9part qu\u2019une id\u00e9e spontan\u00e9e s\u2019est transform\u00e9 en une v\u00e9ritable aventure. Chaque jour, Lucas est t\u00e9moin de l\u2019impact de son message. Certains viennent lui parler, d\u2019autres lui sourient en retour, et parfois, des personnes qu\u2019il ne conna\u00eet pas partagent avec lui combien ces quelques mots ont illumin\u00e9 leur journ\u00e9e.<br \/>\nBien s\u00fbr, tout le monde n\u2019adh\u00e8re pas \u00e0 cette d\u00e9marche. Certaines personnes restent perplexes, d\u2019autres peuvent m\u00eame \u00eatre critiques. Mais pour Lucas, cela ne change rien \u00e0 sa motivation. <strong>\u00ab\u00a0Si je peux ne serait-ce qu\u2019aider une seule personne \u00e0 se sentir mieux dans sa journ\u00e9e, alors \u00e7a vaut le coup.\u00a0\u00bb<\/strong><\/p>\n<p>Cette initiative a d\u2019ailleurs attir\u00e9 l\u2019attention des m\u00e9dias locaux, tels que Info Chalon et Le Bien Public, qui ont mis en avant son action. Une belle reconnaissance pour lui, mais surtout un moyen de diffuser encore plus de bonnes ondes !<\/p>\n<p>\u00ab\u00a0Si vous ne savez pas quoi faire aujourd&rsquo;hui, je vous conseille de passer une excellente journ\u00e9e.\u00a0\u00bb \u2013 Lucas Finez<\/p>\n<p>Quelles sont ses motivations profondes ? Comment vit-il cette exp\u00e9rience au quotidien ? Et surtout, qu\u2019a-t-il appris sur lui-m\u00eame et sur les autres \u00e0 travers cette aventure ? D\u00e9couvrez l\u2019int\u00e9gralit\u00e9 de son interview ici.<\/p>\n<p>Vous pouvez suivre Lucas sur Instagram : @puej.insta<\/p>\n<p>Et surtout\u2026 <strong>\u00ab\u00a0Passe une excellente journ\u00e9e !\u00a0\u00bb<\/strong><\/p>\n<p>\n<\/div><div class=\"kc-elm kc-css-39387 kc-raw-code\"><iframe width=\"560\" height=\"315\" src=\"https:\/\/www.youtube.com\/embed\/PHJq2AlG9Rg?si=oEfqhJcc6-GZDNfi\" title=\"YouTube video player\" frameborder=\"0\" allow=\"accelerometer; autoplay; clipboard-write; encrypted-media; gyroscope; picture-in-picture; web-share\" referrerpolicy=\"strict-origin-when-cross-origin\" allowfullscreen><\/iframe><\/div><\/div><\/div><\/div><\/div><\/section>\n","protected":false},"excerpt":{"rendered":"<p>&hellip;<\/p>\n","protected":false},"author":3185,"featured_media":14458,"comment_status":"closed","ping_status":"open","sticky":false,"template":"","format":"standard","meta":{"_lmt_disableupdate":"","_lmt_disable":""},"categories":[458],"tags":[],"acf":[],"yoast_head":"<!-- This site is optimized with the Yoast SEO plugin v17.2 - https:\/\/yoast.com\/wordpress\/plugins\/seo\/ -->\n<meta name=\"robots\" content=\"index, follow, max-snippet:-1, max-image-preview:large, max-video-preview:-1\" \/>\n<link rel=\"canonical\" href=\"https:\/\/iutdijon.u-bourgogne.fr\/www\/actualites\/iuterview-8-lhistoire-derriere-la-pancarte-passe-une-excellente-journee.html\" \/>\n<meta property=\"og:locale\" content=\"fr_FR\" \/>\n<meta property=\"og:type\" content=\"article\" \/>\n<meta property=\"og:title\" content=\"IUT&#039;erview #8 : L&#039;histoire derri\u00e8re la pancarte &quot;Passe une excellente journ\u00e9e&quot; ! &gt; IUT Dijon-Auxerre-Nevers\" \/>\n<meta property=\"og:description\" content=\"Vous avez peut-\u00eatre d\u00e9j\u00e0 crois\u00e9 Lucas Finez et sa pancarte positive sur le campus ou en ville ? Son sourire et son message bienveillant ont d\u00e9j\u00e0 touch\u00e9 de multiples personnes, voire m\u00eame&hellip;\" \/>\n<meta property=\"og:url\" content=\"https:\/\/iutdijon.u-bourgogne.fr\/www\/actualites\/iuterview-8-lhistoire-derriere-la-pancarte-passe-une-excellente-journee.html\" \/>\n<meta property=\"og:site_name\" content=\"IUT Dijon-Auxerre-Nevers\" \/>\n<meta property=\"article:published_time\" content=\"2025-04-11T06:00:04+00:00\" \/>\n<meta property=\"article:modified_time\" content=\"2025-03-28T13:39:17+00:00\" \/>\n<meta property=\"og:image\" content=\"https:\/\/iutdijon.u-bourgogne.fr\/www\/wp-content\/uploads\/2025\/03\/IMAG_iuterview_lucas_finez.jpg\" \/>\n\t<meta property=\"og:image:width\" content=\"543\" \/>\n\t<meta property=\"og:image:height\" content=\"304\" \/>\n<meta name=\"twitter:card\" content=\"summary_large_image\" \/>\n<meta name=\"twitter:label1\" content=\"\u00c9crit par\" \/>\n\t<meta name=\"twitter:data1\" content=\"Jeanne-Marie BORDELOT\" \/>\n\t<meta name=\"twitter:label2\" content=\"Dur\u00e9e de lecture est.\" \/>\n\t<meta name=\"twitter:data2\" content=\"2 minutes\" \/>\n<script type=\"application\/ld+json\" class=\"yoast-schema-graph\">{\"@context\":\"https:\/\/schema.org\",\"@graph\":[{\"@type\":\"WebSite\",\"@id\":\"https:\/\/iutdijon.u-bourgogne.fr\/www\/#website\",\"url\":\"https:\/\/iutdijon.u-bourgogne.fr\/www\/\",\"name\":\"IUT Dijon-Auxerre-Nevers\",\"description\":\"L&#039;IUT Dijon-Auxerre-Nevers propose des formations post-bac dans les secteurs Informatique, Tertiaire et Industriel. Il d\\u00e9livre des dipl\\u00f4mes \\u00e0 Bac+3 (Bachelors Universitaires de Technologie ou Licences Professionnelles).\",\"potentialAction\":[{\"@type\":\"SearchAction\",\"target\":{\"@type\":\"EntryPoint\",\"urlTemplate\":\"https:\/\/iutdijon.u-bourgogne.fr\/www\/?s={search_term_string}\"},\"query-input\":\"required name=search_term_string\"}],\"inLanguage\":\"fr-FR\"},{\"@type\":\"ImageObject\",\"@id\":\"https:\/\/iutdijon.u-bourgogne.fr\/www\/actualites\/iuterview-8-lhistoire-derriere-la-pancarte-passe-une-excellente-journee.html#primaryimage\",\"inLanguage\":\"fr-FR\",\"url\":\"https:\/\/iutdijon.u-bourgogne.fr\/www\/wp-content\/uploads\/2025\/03\/IMAG_iuterview_lucas_finez.jpg\",\"contentUrl\":\"https:\/\/iutdijon.u-bourgogne.fr\/www\/wp-content\/uploads\/2025\/03\/IMAG_iuterview_lucas_finez.jpg\",\"width\":543,\"height\":304},{\"@type\":\"WebPage\",\"@id\":\"https:\/\/iutdijon.u-bourgogne.fr\/www\/actualites\/iuterview-8-lhistoire-derriere-la-pancarte-passe-une-excellente-journee.html#webpage\",\"url\":\"https:\/\/iutdijon.u-bourgogne.fr\/www\/actualites\/iuterview-8-lhistoire-derriere-la-pancarte-passe-une-excellente-journee.html\",\"name\":\"IUT'erview #8 : L'histoire derri\\u00e8re la pancarte \\\"Passe une excellente journ\\u00e9e\\\" ! &gt; IUT Dijon-Auxerre-Nevers\",\"isPartOf\":{\"@id\":\"https:\/\/iutdijon.u-bourgogne.fr\/www\/#website\"},\"primaryImageOfPage\":{\"@id\":\"https:\/\/iutdijon.u-bourgogne.fr\/www\/actualites\/iuterview-8-lhistoire-derriere-la-pancarte-passe-une-excellente-journee.html#primaryimage\"},\"datePublished\":\"2025-04-11T06:00:04+00:00\",\"dateModified\":\"2025-03-28T13:39:17+00:00\",\"author\":{\"@id\":\"https:\/\/iutdijon.u-bourgogne.fr\/www\/#\/schema\/person\/fc0840e606b0fe8198fbc1fc38f254b7\"},\"breadcrumb\":{\"@id\":\"https:\/\/iutdijon.u-bourgogne.fr\/www\/actualites\/iuterview-8-lhistoire-derriere-la-pancarte-passe-une-excellente-journee.html#breadcrumb\"},\"inLanguage\":\"fr-FR\",\"potentialAction\":[{\"@type\":\"ReadAction\",\"target\":[\"https:\/\/iutdijon.u-bourgogne.fr\/www\/actualites\/iuterview-8-lhistoire-derriere-la-pancarte-passe-une-excellente-journee.html\"]}]},{\"@type\":\"BreadcrumbList\",\"@id\":\"https:\/\/iutdijon.u-bourgogne.fr\/www\/actualites\/iuterview-8-lhistoire-derriere-la-pancarte-passe-une-excellente-journee.html#breadcrumb\",\"itemListElement\":[{\"@type\":\"ListItem\",\"position\":1,\"name\":\"Accueil\",\"item\":\"https:\/\/iutdijon.u-bourgogne.fr\/www\/\"},{\"@type\":\"ListItem\",\"position\":2,\"name\":\"Actualit\\u00e9s\",\"item\":\"https:\/\/iutdijon.u-bourgogne.fr\/www\/category\/actualites\"},{\"@type\":\"ListItem\",\"position\":3,\"name\":\"IUT&rsquo;erview #8 : L&rsquo;histoire derri\\u00e8re la pancarte \\u00ab\\u00a0Passe une excellente journ\\u00e9e\\u00a0\\u00bb !\"}]},{\"@type\":\"Person\",\"@id\":\"https:\/\/iutdijon.u-bourgogne.fr\/www\/#\/schema\/person\/fc0840e606b0fe8198fbc1fc38f254b7\",\"name\":\"Jeanne-Marie BORDELOT\",\"image\":{\"@type\":\"ImageObject\",\"@id\":\"https:\/\/iutdijon.u-bourgogne.fr\/www\/#personlogo\",\"inLanguage\":\"fr-FR\",\"url\":\"https:\/\/secure.gravatar.com\/avatar\/aba6f04b7ddaa95d23b791bf7fe581fc?s=96&d=mm&r=g\",\"contentUrl\":\"https:\/\/secure.gravatar.com\/avatar\/aba6f04b7ddaa95d23b791bf7fe581fc?s=96&d=mm&r=g\",\"caption\":\"Jeanne-Marie BORDELOT\"},\"url\":\"https:\/\/iutdijon.u-bourgogne.fr\/www\/author\/jmbord\"}]}<\/script>\n<!-- \/ Yoast SEO plugin. -->","yoast_head_json":{"robots":{"index":"index","follow":"follow","max-snippet":"max-snippet:-1","max-image-preview":"max-image-preview:large","max-video-preview":"max-video-preview:-1"},"canonical":"https:\/\/iutdijon.u-bourgogne.fr\/www\/actualites\/iuterview-8-lhistoire-derriere-la-pancarte-passe-une-excellente-journee.html","og_locale":"fr_FR","og_type":"article","og_title":"IUT'erview #8 : L'histoire derri\u00e8re la pancarte \"Passe une excellente journ\u00e9e\" ! &gt; IUT Dijon-Auxerre-Nevers","og_description":"Vous avez peut-\u00eatre d\u00e9j\u00e0 crois\u00e9 Lucas Finez et sa pancarte positive sur le campus ou en ville ? Son sourire et son message bienveillant ont d\u00e9j\u00e0 touch\u00e9 de multiples personnes, voire m\u00eame&hellip;","og_url":"https:\/\/iutdijon.u-bourgogne.fr\/www\/actualites\/iuterview-8-lhistoire-derriere-la-pancarte-passe-une-excellente-journee.html","og_site_name":"IUT Dijon-Auxerre-Nevers","article_published_time":"2025-04-11T06:00:04+00:00","article_modified_time":"2025-03-28T13:39:17+00:00","og_image":[{"width":543,"height":304,"url":"https:\/\/iutdijon.u-bourgogne.fr\/www\/wp-content\/uploads\/2025\/03\/IMAG_iuterview_lucas_finez.jpg","path":"\/var\/www\/html\/www\/wp-content\/uploads\/2025\/03\/IMAG_iuterview_lucas_finez.jpg","size":"full","id":14458,"alt":"","pixels":165072,"type":"image\/jpeg"}],"twitter_card":"summary_large_image","twitter_misc":{"\u00c9crit par":"Jeanne-Marie BORDELOT","Dur\u00e9e de lecture est.":"2 minutes"},"schema":{"@context":"https:\/\/schema.org","@graph":[{"@type":"WebSite","@id":"https:\/\/iutdijon.u-bourgogne.fr\/www\/#website","url":"https:\/\/iutdijon.u-bourgogne.fr\/www\/","name":"IUT Dijon-Auxerre-Nevers","description":"L&#039;IUT Dijon-Auxerre-Nevers propose des formations post-bac dans les secteurs Informatique, Tertiaire et Industriel. Il d\u00e9livre des dipl\u00f4mes \u00e0 Bac+3 (Bachelors Universitaires de Technologie ou Licences Professionnelles).","potentialAction":[{"@type":"SearchAction","target":{"@type":"EntryPoint","urlTemplate":"https:\/\/iutdijon.u-bourgogne.fr\/www\/?s={search_term_string}"},"query-input":"required name=search_term_string"}],"inLanguage":"fr-FR"},{"@type":"ImageObject","@id":"https:\/\/iutdijon.u-bourgogne.fr\/www\/actualites\/iuterview-8-lhistoire-derriere-la-pancarte-passe-une-excellente-journee.html#primaryimage","inLanguage":"fr-FR","url":"https:\/\/iutdijon.u-bourgogne.fr\/www\/wp-content\/uploads\/2025\/03\/IMAG_iuterview_lucas_finez.jpg","contentUrl":"https:\/\/iutdijon.u-bourgogne.fr\/www\/wp-content\/uploads\/2025\/03\/IMAG_iuterview_lucas_finez.jpg","width":543,"height":304},{"@type":"WebPage","@id":"https:\/\/iutdijon.u-bourgogne.fr\/www\/actualites\/iuterview-8-lhistoire-derriere-la-pancarte-passe-une-excellente-journee.html#webpage","url":"https:\/\/iutdijon.u-bourgogne.fr\/www\/actualites\/iuterview-8-lhistoire-derriere-la-pancarte-passe-une-excellente-journee.html","name":"IUT'erview #8 : L'histoire derri\u00e8re la pancarte \"Passe une excellente journ\u00e9e\" ! &gt; IUT Dijon-Auxerre-Nevers","isPartOf":{"@id":"https:\/\/iutdijon.u-bourgogne.fr\/www\/#website"},"primaryImageOfPage":{"@id":"https:\/\/iutdijon.u-bourgogne.fr\/www\/actualites\/iuterview-8-lhistoire-derriere-la-pancarte-passe-une-excellente-journee.html#primaryimage"},"datePublished":"2025-04-11T06:00:04+00:00","dateModified":"2025-03-28T13:39:17+00:00","author":{"@id":"https:\/\/iutdijon.u-bourgogne.fr\/www\/#\/schema\/person\/fc0840e606b0fe8198fbc1fc38f254b7"},"breadcrumb":{"@id":"https:\/\/iutdijon.u-bourgogne.fr\/www\/actualites\/iuterview-8-lhistoire-derriere-la-pancarte-passe-une-excellente-journee.html#breadcrumb"},"inLanguage":"fr-FR","potentialAction":[{"@type":"ReadAction","target":["https:\/\/iutdijon.u-bourgogne.fr\/www\/actualites\/iuterview-8-lhistoire-derriere-la-pancarte-passe-une-excellente-journee.html"]}]},{"@type":"BreadcrumbList","@id":"https:\/\/iutdijon.u-bourgogne.fr\/www\/actualites\/iuterview-8-lhistoire-derriere-la-pancarte-passe-une-excellente-journee.html#breadcrumb","itemListElement":[{"@type":"ListItem","position":1,"name":"Accueil","item":"https:\/\/iutdijon.u-bourgogne.fr\/www\/"},{"@type":"ListItem","position":2,"name":"Actualit\u00e9s","item":"https:\/\/iutdijon.u-bourgogne.fr\/www\/category\/actualites"},{"@type":"ListItem","position":3,"name":"IUT&rsquo;erview #8 : L&rsquo;histoire derri\u00e8re la pancarte \u00ab\u00a0Passe une excellente journ\u00e9e\u00a0\u00bb !"}]},{"@type":"Person","@id":"https:\/\/iutdijon.u-bourgogne.fr\/www\/#\/schema\/person\/fc0840e606b0fe8198fbc1fc38f254b7","name":"Jeanne-Marie BORDELOT","image":{"@type":"ImageObject","@id":"https:\/\/iutdijon.u-bourgogne.fr\/www\/#personlogo","inLanguage":"fr-FR","url":"https:\/\/secure.gravatar.com\/avatar\/aba6f04b7ddaa95d23b791bf7fe581fc?s=96&d=mm&r=g","contentUrl":"https:\/\/secure.gravatar.com\/avatar\/aba6f04b7ddaa95d23b791bf7fe581fc?s=96&d=mm&r=g","caption":"Jeanne-Marie BORDELOT"},"url":"https:\/\/iutdijon.u-bourgogne.fr\/www\/author\/jmbord"}]}},"modified_by":"Jeanne-Marie BORDELOT","_links":{"self":[{"href":"https:\/\/iutdijon.u-bourgogne.fr\/www\/wp-json\/wp\/v2\/posts\/14457"}],"collection":[{"href":"https:\/\/iutdijon.u-bourgogne.fr\/www\/wp-json\/wp\/v2\/posts"}],"about":[{"href":"https:\/\/iutdijon.u-bourgogne.fr\/www\/wp-json\/wp\/v2\/types\/post"}],"author":[{"embeddable":true,"href":"https:\/\/iutdijon.u-bourgogne.fr\/www\/wp-json\/wp\/v2\/users\/3185"}],"replies":[{"embeddable":true,"href":"https:\/\/iutdijon.u-bourgogne.fr\/www\/wp-json\/wp\/v2\/comments?post=14457"}],"version-history":[{"count":1,"href":"https:\/\/iutdijon.u-bourgogne.fr\/www\/wp-json\/wp\/v2\/posts\/14457\/revisions"}],"predecessor-version":[{"id":14459,"href":"https:\/\/iutdijon.u-bourgogne.fr\/www\/wp-json\/wp\/v2\/posts\/14457\/revisions\/14459"}],"wp:featuredmedia":[{"embeddable":true,"href":"https:\/\/iutdijon.u-bourgogne.fr\/www\/wp-json\/wp\/v2\/media\/14458"}],"wp:attachment":[{"href":"https:\/\/iutdijon.u-bourgogne.fr\/www\/wp-json\/wp\/v2\/media?parent=14457"}],"wp:term":[{"taxonomy":"category","embeddable":true,"href":"https:\/\/iutdijon.u-bourgogne.fr\/www\/wp-json\/wp\/v2\/categories?post=14457"},{"taxonomy":"post_tag","embeddable":true,"href":"https:\/\/iutdijon.u-bourgogne.fr\/www\/wp-json\/wp\/v2\/tags?post=14457"}],"curies":[{"name":"wp","href":"https:\/\/api.w.org\/{rel}","templated":true}]}}