{"id":14193,"date":"2025-01-30T11:00:33","date_gmt":"2025-01-30T10:00:33","guid":{"rendered":"https:\/\/iutdijon.u-bourgogne.fr\/www\/?p=14193"},"modified":"2025-01-30T11:00:33","modified_gmt":"2025-01-30T10:00:33","slug":"la-formation-gmp-etait-au-carrefour-des-carrieres-au-feminin","status":"publish","type":"post","link":"https:\/\/iutdijon.u-bourgogne.fr\/www\/actualites\/la-formation-gmp-etait-au-carrefour-des-carrieres-au-feminin.html","title":{"rendered":"La formation GMP \u00e9tait au Carrefour des Carri\u00e8res au F\u00e9minin"},"content":{"rendered":"<section class=\"kc-elm kc-css-921804 kc_row\"><div class=\"kc-row-container  kc-container\"><div class=\"kc-wrap-columns\"><div class=\"kc-elm kc-css-471959 kc_col-sm-12 kc_column kc_col-sm-12\"><div class=\"kc-col-container\"><div class=\"kc-elm kc-css-615933 kc_text_block\"><\/p>\n<p><span class=\"break-words tvm-parent-container\"><span dir=\"ltr\"><span class=\"chapo\">\u2753 Le saviez-vous ? Toutes nos formations sont mixtes !<\/span><span><br \/>\n<\/span><span><br \/>\n<\/span>\ud83d\ude09 Bien s\u00fbr que vous le saviez ! Mais les st\u00e9r\u00e9otypes de genre, l&rsquo;auto-censure et autres freins font que nos formations techniques sont majoritairement fr\u00e9quent\u00e9es par des hommes.<span><br \/>\n<\/span><span><br \/>\n<\/span>Donc, il nous para\u00eet important de participer chaque ann\u00e9e au Carrefour des M\u00e9tiers au F\u00e9minin port\u00e9 par<span class=\"white-space-pre\"> <\/span><a class=\"qHTFgUmLyluvQraIwmWJYQgdGztEheAxLmaY \" target=\"_self\" href=\"https:\/\/www.linkedin.com\/company\/fete-femmes-egalite-emploi\/\" title=\"FETE FEMMES EGALITE EMPLOI\" data-test-app-aware-link=\"\"><span><span>FETE FEMMES EGALITE EMPLOI<\/span><\/span><\/a><span class=\"white-space-pre\"> <\/span>!<span><br \/>\n<\/span><span><br \/>\n<\/span>Nos \u00e9tudiantes et enseignantes en G\u00e9nie M\u00e9canique et Productique ont ainsi pu transmettre leur passion pour leur formation aux jeunes filles venues sur le salon.<span><br \/>\n<\/span><span><br \/>\n<\/span>Et&#8230; cela porte ses fruits : une coll\u00e9gienne qui est venue l&rsquo;ann\u00e9e derni\u00e8re va effectuer son stage de 3\u00e8me aupr\u00e8s d&rsquo;enseignantes-chercheures de l&rsquo;IUT !<\/span><\/span><\/p>\n<p>\n<\/div><\/div><\/div><\/div><\/div><\/section>\n","protected":false},"excerpt":{"rendered":"<p>&hellip;<\/p>\n","protected":false},"author":3185,"featured_media":14194,"comment_status":"closed","ping_status":"open","sticky":false,"template":"","format":"standard","meta":{"_lmt_disableupdate":"","_lmt_disable":""},"categories":[458],"tags":[],"acf":[],"yoast_head":"<!-- This site is optimized with the Yoast SEO plugin v17.2 - https:\/\/yoast.com\/wordpress\/plugins\/seo\/ -->\n<meta name=\"robots\" content=\"index, follow, max-snippet:-1, max-image-preview:large, max-video-preview:-1\" \/>\n<link rel=\"canonical\" href=\"https:\/\/iutdijon.u-bourgogne.fr\/www\/actualites\/la-formation-gmp-etait-au-carrefour-des-carrieres-au-feminin.html\" \/>\n<meta property=\"og:locale\" content=\"fr_FR\" \/>\n<meta property=\"og:type\" content=\"article\" \/>\n<meta property=\"og:title\" content=\"La formation GMP \u00e9tait au Carrefour des Carri\u00e8res au F\u00e9minin &gt; IUT Dijon-Auxerre-Nevers\" \/>\n<meta property=\"og:description\" content=\"\u2753 Le saviez-vous ? Toutes nos formations sont mixtes ! \ud83d\ude09 Bien s\u00fbr que vous le saviez ! Mais les st\u00e9r\u00e9otypes de genre, l&rsquo;auto-censure et autres freins font que nos formations techniques&hellip;\" \/>\n<meta property=\"og:url\" content=\"https:\/\/iutdijon.u-bourgogne.fr\/www\/actualites\/la-formation-gmp-etait-au-carrefour-des-carrieres-au-feminin.html\" \/>\n<meta property=\"og:site_name\" content=\"IUT Dijon-Auxerre-Nevers\" \/>\n<meta property=\"article:published_time\" content=\"2025-01-30T10:00:33+00:00\" \/>\n<meta property=\"og:image\" content=\"https:\/\/iutdijon.u-bourgogne.fr\/www\/wp-content\/uploads\/2025\/01\/IMAG_carrefour_carrieres_feminim_gmp-scaled.jpg\" \/>\n\t<meta property=\"og:image:width\" content=\"2560\" \/>\n\t<meta property=\"og:image:height\" content=\"1668\" \/>\n<meta name=\"twitter:card\" content=\"summary_large_image\" \/>\n<meta name=\"twitter:label1\" content=\"\u00c9crit par\" \/>\n\t<meta name=\"twitter:data1\" content=\"Jeanne-Marie BORDELOT\" \/>\n\t<meta name=\"twitter:label2\" content=\"Dur\u00e9e de lecture est.\" \/>\n\t<meta name=\"twitter:data2\" content=\"1 minute\" \/>\n<script type=\"application\/ld+json\" class=\"yoast-schema-graph\">{\"@context\":\"https:\/\/schema.org\",\"@graph\":[{\"@type\":\"WebSite\",\"@id\":\"https:\/\/iutdijon.u-bourgogne.fr\/www\/#website\",\"url\":\"https:\/\/iutdijon.u-bourgogne.fr\/www\/\",\"name\":\"IUT Dijon-Auxerre-Nevers\",\"description\":\"L&#039;IUT Dijon-Auxerre-Nevers propose des formations post-bac dans les secteurs Informatique, Tertiaire et Industriel. Il d\\u00e9livre des dipl\\u00f4mes \\u00e0 Bac+3 (Bachelors Universitaires de Technologie ou Licences Professionnelles).\",\"potentialAction\":[{\"@type\":\"SearchAction\",\"target\":{\"@type\":\"EntryPoint\",\"urlTemplate\":\"https:\/\/iutdijon.u-bourgogne.fr\/www\/?s={search_term_string}\"},\"query-input\":\"required name=search_term_string\"}],\"inLanguage\":\"fr-FR\"},{\"@type\":\"ImageObject\",\"@id\":\"https:\/\/iutdijon.u-bourgogne.fr\/www\/actualites\/la-formation-gmp-etait-au-carrefour-des-carrieres-au-feminin.html#primaryimage\",\"inLanguage\":\"fr-FR\",\"url\":\"https:\/\/iutdijon.u-bourgogne.fr\/www\/wp-content\/uploads\/2025\/01\/IMAG_carrefour_carrieres_feminim_gmp-scaled.jpg\",\"contentUrl\":\"https:\/\/iutdijon.u-bourgogne.fr\/www\/wp-content\/uploads\/2025\/01\/IMAG_carrefour_carrieres_feminim_gmp-scaled.jpg\",\"width\":2560,\"height\":1668},{\"@type\":\"WebPage\",\"@id\":\"https:\/\/iutdijon.u-bourgogne.fr\/www\/actualites\/la-formation-gmp-etait-au-carrefour-des-carrieres-au-feminin.html#webpage\",\"url\":\"https:\/\/iutdijon.u-bourgogne.fr\/www\/actualites\/la-formation-gmp-etait-au-carrefour-des-carrieres-au-feminin.html\",\"name\":\"La formation GMP \\u00e9tait au Carrefour des Carri\\u00e8res au F\\u00e9minin &gt; IUT Dijon-Auxerre-Nevers\",\"isPartOf\":{\"@id\":\"https:\/\/iutdijon.u-bourgogne.fr\/www\/#website\"},\"primaryImageOfPage\":{\"@id\":\"https:\/\/iutdijon.u-bourgogne.fr\/www\/actualites\/la-formation-gmp-etait-au-carrefour-des-carrieres-au-feminin.html#primaryimage\"},\"datePublished\":\"2025-01-30T10:00:33+00:00\",\"dateModified\":\"2025-01-30T10:00:33+00:00\",\"author\":{\"@id\":\"https:\/\/iutdijon.u-bourgogne.fr\/www\/#\/schema\/person\/fc0840e606b0fe8198fbc1fc38f254b7\"},\"breadcrumb\":{\"@id\":\"https:\/\/iutdijon.u-bourgogne.fr\/www\/actualites\/la-formation-gmp-etait-au-carrefour-des-carrieres-au-feminin.html#breadcrumb\"},\"inLanguage\":\"fr-FR\",\"potentialAction\":[{\"@type\":\"ReadAction\",\"target\":[\"https:\/\/iutdijon.u-bourgogne.fr\/www\/actualites\/la-formation-gmp-etait-au-carrefour-des-carrieres-au-feminin.html\"]}]},{\"@type\":\"BreadcrumbList\",\"@id\":\"https:\/\/iutdijon.u-bourgogne.fr\/www\/actualites\/la-formation-gmp-etait-au-carrefour-des-carrieres-au-feminin.html#breadcrumb\",\"itemListElement\":[{\"@type\":\"ListItem\",\"position\":1,\"name\":\"Accueil\",\"item\":\"https:\/\/iutdijon.u-bourgogne.fr\/www\/\"},{\"@type\":\"ListItem\",\"position\":2,\"name\":\"Actualit\\u00e9s\",\"item\":\"https:\/\/iutdijon.u-bourgogne.fr\/www\/category\/actualites\"},{\"@type\":\"ListItem\",\"position\":3,\"name\":\"La formation GMP \\u00e9tait au Carrefour des Carri\\u00e8res au F\\u00e9minin\"}]},{\"@type\":\"Person\",\"@id\":\"https:\/\/iutdijon.u-bourgogne.fr\/www\/#\/schema\/person\/fc0840e606b0fe8198fbc1fc38f254b7\",\"name\":\"Jeanne-Marie BORDELOT\",\"image\":{\"@type\":\"ImageObject\",\"@id\":\"https:\/\/iutdijon.u-bourgogne.fr\/www\/#personlogo\",\"inLanguage\":\"fr-FR\",\"url\":\"https:\/\/secure.gravatar.com\/avatar\/aba6f04b7ddaa95d23b791bf7fe581fc?s=96&d=mm&r=g\",\"contentUrl\":\"https:\/\/secure.gravatar.com\/avatar\/aba6f04b7ddaa95d23b791bf7fe581fc?s=96&d=mm&r=g\",\"caption\":\"Jeanne-Marie BORDELOT\"},\"url\":\"https:\/\/iutdijon.u-bourgogne.fr\/www\/author\/jmbord\"}]}<\/script>\n<!-- \/ Yoast SEO plugin. -->","yoast_head_json":{"robots":{"index":"index","follow":"follow","max-snippet":"max-snippet:-1","max-image-preview":"max-image-preview:large","max-video-preview":"max-video-preview:-1"},"canonical":"https:\/\/iutdijon.u-bourgogne.fr\/www\/actualites\/la-formation-gmp-etait-au-carrefour-des-carrieres-au-feminin.html","og_locale":"fr_FR","og_type":"article","og_title":"La formation GMP \u00e9tait au Carrefour des Carri\u00e8res au F\u00e9minin &gt; IUT Dijon-Auxerre-Nevers","og_description":"\u2753 Le saviez-vous ? Toutes nos formations sont mixtes ! \ud83d\ude09 Bien s\u00fbr que vous le saviez ! Mais les st\u00e9r\u00e9otypes de genre, l&rsquo;auto-censure et autres freins font que nos formations techniques&hellip;","og_url":"https:\/\/iutdijon.u-bourgogne.fr\/www\/actualites\/la-formation-gmp-etait-au-carrefour-des-carrieres-au-feminin.html","og_site_name":"IUT Dijon-Auxerre-Nevers","article_published_time":"2025-01-30T10:00:33+00:00","og_image":[{"width":2560,"height":1668,"url":"https:\/\/iutdijon.u-bourgogne.fr\/www\/wp-content\/uploads\/2025\/01\/IMAG_carrefour_carrieres_feminim_gmp-scaled.jpg","path":"\/var\/www\/html\/www\/wp-content\/uploads\/2025\/01\/IMAG_carrefour_carrieres_feminim_gmp-scaled.jpg","size":"full","id":14194,"alt":"","pixels":4270080,"type":"image\/jpeg"}],"twitter_card":"summary_large_image","twitter_misc":{"\u00c9crit par":"Jeanne-Marie BORDELOT","Dur\u00e9e de lecture est.":"1 minute"},"schema":{"@context":"https:\/\/schema.org","@graph":[{"@type":"WebSite","@id":"https:\/\/iutdijon.u-bourgogne.fr\/www\/#website","url":"https:\/\/iutdijon.u-bourgogne.fr\/www\/","name":"IUT Dijon-Auxerre-Nevers","description":"L&#039;IUT Dijon-Auxerre-Nevers propose des formations post-bac dans les secteurs Informatique, Tertiaire et Industriel. Il d\u00e9livre des dipl\u00f4mes \u00e0 Bac+3 (Bachelors Universitaires de Technologie ou Licences Professionnelles).","potentialAction":[{"@type":"SearchAction","target":{"@type":"EntryPoint","urlTemplate":"https:\/\/iutdijon.u-bourgogne.fr\/www\/?s={search_term_string}"},"query-input":"required name=search_term_string"}],"inLanguage":"fr-FR"},{"@type":"ImageObject","@id":"https:\/\/iutdijon.u-bourgogne.fr\/www\/actualites\/la-formation-gmp-etait-au-carrefour-des-carrieres-au-feminin.html#primaryimage","inLanguage":"fr-FR","url":"https:\/\/iutdijon.u-bourgogne.fr\/www\/wp-content\/uploads\/2025\/01\/IMAG_carrefour_carrieres_feminim_gmp-scaled.jpg","contentUrl":"https:\/\/iutdijon.u-bourgogne.fr\/www\/wp-content\/uploads\/2025\/01\/IMAG_carrefour_carrieres_feminim_gmp-scaled.jpg","width":2560,"height":1668},{"@type":"WebPage","@id":"https:\/\/iutdijon.u-bourgogne.fr\/www\/actualites\/la-formation-gmp-etait-au-carrefour-des-carrieres-au-feminin.html#webpage","url":"https:\/\/iutdijon.u-bourgogne.fr\/www\/actualites\/la-formation-gmp-etait-au-carrefour-des-carrieres-au-feminin.html","name":"La formation GMP \u00e9tait au Carrefour des Carri\u00e8res au F\u00e9minin &gt; IUT Dijon-Auxerre-Nevers","isPartOf":{"@id":"https:\/\/iutdijon.u-bourgogne.fr\/www\/#website"},"primaryImageOfPage":{"@id":"https:\/\/iutdijon.u-bourgogne.fr\/www\/actualites\/la-formation-gmp-etait-au-carrefour-des-carrieres-au-feminin.html#primaryimage"},"datePublished":"2025-01-30T10:00:33+00:00","dateModified":"2025-01-30T10:00:33+00:00","author":{"@id":"https:\/\/iutdijon.u-bourgogne.fr\/www\/#\/schema\/person\/fc0840e606b0fe8198fbc1fc38f254b7"},"breadcrumb":{"@id":"https:\/\/iutdijon.u-bourgogne.fr\/www\/actualites\/la-formation-gmp-etait-au-carrefour-des-carrieres-au-feminin.html#breadcrumb"},"inLanguage":"fr-FR","potentialAction":[{"@type":"ReadAction","target":["https:\/\/iutdijon.u-bourgogne.fr\/www\/actualites\/la-formation-gmp-etait-au-carrefour-des-carrieres-au-feminin.html"]}]},{"@type":"BreadcrumbList","@id":"https:\/\/iutdijon.u-bourgogne.fr\/www\/actualites\/la-formation-gmp-etait-au-carrefour-des-carrieres-au-feminin.html#breadcrumb","itemListElement":[{"@type":"ListItem","position":1,"name":"Accueil","item":"https:\/\/iutdijon.u-bourgogne.fr\/www\/"},{"@type":"ListItem","position":2,"name":"Actualit\u00e9s","item":"https:\/\/iutdijon.u-bourgogne.fr\/www\/category\/actualites"},{"@type":"ListItem","position":3,"name":"La formation GMP \u00e9tait au Carrefour des Carri\u00e8res au F\u00e9minin"}]},{"@type":"Person","@id":"https:\/\/iutdijon.u-bourgogne.fr\/www\/#\/schema\/person\/fc0840e606b0fe8198fbc1fc38f254b7","name":"Jeanne-Marie BORDELOT","image":{"@type":"ImageObject","@id":"https:\/\/iutdijon.u-bourgogne.fr\/www\/#personlogo","inLanguage":"fr-FR","url":"https:\/\/secure.gravatar.com\/avatar\/aba6f04b7ddaa95d23b791bf7fe581fc?s=96&d=mm&r=g","contentUrl":"https:\/\/secure.gravatar.com\/avatar\/aba6f04b7ddaa95d23b791bf7fe581fc?s=96&d=mm&r=g","caption":"Jeanne-Marie BORDELOT"},"url":"https:\/\/iutdijon.u-bourgogne.fr\/www\/author\/jmbord"}]}},"modified_by":"Jeanne-Marie BORDELOT","_links":{"self":[{"href":"https:\/\/iutdijon.u-bourgogne.fr\/www\/wp-json\/wp\/v2\/posts\/14193"}],"collection":[{"href":"https:\/\/iutdijon.u-bourgogne.fr\/www\/wp-json\/wp\/v2\/posts"}],"about":[{"href":"https:\/\/iutdijon.u-bourgogne.fr\/www\/wp-json\/wp\/v2\/types\/post"}],"author":[{"embeddable":true,"href":"https:\/\/iutdijon.u-bourgogne.fr\/www\/wp-json\/wp\/v2\/users\/3185"}],"replies":[{"embeddable":true,"href":"https:\/\/iutdijon.u-bourgogne.fr\/www\/wp-json\/wp\/v2\/comments?post=14193"}],"version-history":[{"count":1,"href":"https:\/\/iutdijon.u-bourgogne.fr\/www\/wp-json\/wp\/v2\/posts\/14193\/revisions"}],"predecessor-version":[{"id":14195,"href":"https:\/\/iutdijon.u-bourgogne.fr\/www\/wp-json\/wp\/v2\/posts\/14193\/revisions\/14195"}],"wp:featuredmedia":[{"embeddable":true,"href":"https:\/\/iutdijon.u-bourgogne.fr\/www\/wp-json\/wp\/v2\/media\/14194"}],"wp:attachment":[{"href":"https:\/\/iutdijon.u-bourgogne.fr\/www\/wp-json\/wp\/v2\/media?parent=14193"}],"wp:term":[{"taxonomy":"category","embeddable":true,"href":"https:\/\/iutdijon.u-bourgogne.fr\/www\/wp-json\/wp\/v2\/categories?post=14193"},{"taxonomy":"post_tag","embeddable":true,"href":"https:\/\/iutdijon.u-bourgogne.fr\/www\/wp-json\/wp\/v2\/tags?post=14193"}],"curies":[{"name":"wp","href":"https:\/\/api.w.org\/{rel}","templated":true}]}}