{"id":13227,"date":"2024-04-22T09:38:19","date_gmt":"2024-04-22T07:38:19","guid":{"rendered":"https:\/\/iutdijon.u-bourgogne.fr\/www\/?p=13227"},"modified":"2024-04-22T09:38:19","modified_gmt":"2024-04-22T07:38:19","slug":"fetons-les-30-ans-de-gaco","status":"publish","type":"post","link":"https:\/\/iutdijon.u-bourgogne.fr\/www\/actualites\/fetons-les-30-ans-de-gaco.html","title":{"rendered":"F\u00eatons les 30 ans de GACO !"},"content":{"rendered":"<section class=\"kc-elm kc-css-527648 kc_row\"><div class=\"kc-row-container  kc-container\"><div class=\"kc-wrap-columns\"><div class=\"kc-elm kc-css-417308 kc_col-sm-12 kc_column kc_col-sm-12\"><div class=\"kc-col-container\"><div class=\"kc-elm kc-css-294731 kc_text_block\"><\/p>\n<p dir=\"ltr\"><span class=\"chapo\">Le vendredi 12 avril, une date grav\u00e9e dans l\u2019histoire de GACO.\u00a0<\/span><\/p>\n<p dir=\"ltr\">Pour GACO, c\u2019est une histoire qui a commenc\u00e9 en 1994 \u00e0 Nevers, et en 2003 GACO a migr\u00e9 \u00e0 Dijon.\u00a0<\/p>\n<p dir=\"ltr\">Les ann\u00e9es ont d\u00e9fil\u00e9, marqu\u00e9es par des changements significatifs avec des nouveaux programmes p\u00e9dagogiques, le passage au syst\u00e8me du BUT, accueillant les nouvelles formations telles que le DSCG et la LP MGO\u2026<\/p>\n<p dir=\"ltr\">En trente ans, GACO a su \u00e9voluer pour rester \u00e0 la pointe de l\u2019enseignement sup\u00e9rieur, a forg\u00e9 sa r\u00e9putation et cr\u00e9\u00e9 son r\u00e9seau gr\u00e2ce \u00e0 la mobilisation de l\u2019\u00e9quipe enseignante, avec le soutien du secr\u00e9tariat et de tous les services de l\u2019IUT.\u00a0<\/p>\n<p dir=\"ltr\">C\u2019est ensemble que nous avan\u00e7ons vers l\u2019avenir, car si ces 30 premi\u00e8res ann\u00e9es sont le reflet du pass\u00e9 de GACO alors les prochaines t\u00e9moigneront de son avenir, guid\u00e9 par la m\u00eame d\u00e9termination, le m\u00eame engagement qui ont fait de GACO ce qu\u2019il est aujourd\u2019hui.\u00a0<\/p>\n<p><span id=\"docs-internal-guid-03f36449-7fff-4234-1b35-6e5e43d5f38f\"><\/span><\/p>\n<p dir=\"ltr\">Merci aux \u00e9tudiants d\u2019avoir organis\u00e9 les 30 ans de GACO ainsi qu\u2019aux enseignants pour leur d\u00e9vouement et leur participation.<\/p>\n<p>\n<\/div><div class=\"kc-elm kc-css-42661\">\r\n\t<div class=\"kc-carousel_images kc-elm kc-css-42661\">\r\n\t\r\n\t\t<div class=\"kc-carousel-images owl-carousel-images kc-sync1 \" data-owl-i-options='{\"items\":\"1\",\"tablet\":\"1\",\"mobile\":\"1\",\"speed\":\"500\",\"navigation\":\"yes\",\"pagination\":\"yes\",\"autoheight\":\"\",\"progressbar\":\"\",\"delay\":\"10\",\"autoplay\":\"yes\",\"showthumb\":\"\",\"num_thumb\":\"5\"}'>\r\n\t\r\n\t\t\t\t\t<div class=\"item\">\r\n\t\r\n\t\t\t\t\t\t\t<img src=\"https:\/\/iutdijon.u-bourgogne.fr\/www\/wp-content\/uploads\/2024\/04\/photo-gaco-5-scaled.jpg\"  alt=\"\"\/>\r\n\t\r\n\t\t\t\t\r\n\t\t\t<\/div>\r\n\t\r\n\t\t\t\t\t<div class=\"item\">\r\n\t\r\n\t\t\t\t\t\t\t<img src=\"https:\/\/iutdijon.u-bourgogne.fr\/www\/wp-content\/uploads\/2024\/04\/photo-gaco-4--scaled.jpg\"  alt=\"\"\/>\r\n\t\r\n\t\t\t\t\r\n\t\t\t<\/div>\r\n\t\r\n\t\t\t\t\t<div class=\"item\">\r\n\t\r\n\t\t\t\t\t\t\t<img src=\"https:\/\/iutdijon.u-bourgogne.fr\/www\/wp-content\/uploads\/2024\/04\/photo-gaco-3-scaled.jpg\"  alt=\"\"\/>\r\n\t\r\n\t\t\t\t\r\n\t\t\t<\/div>\r\n\t\r\n\t\t\t\t\t<div class=\"item\">\r\n\t\r\n\t\t\t\t\t\t\t<img src=\"https:\/\/iutdijon.u-bourgogne.fr\/www\/wp-content\/uploads\/2024\/04\/photo-gaco-2-scaled.jpg\"  alt=\"\"\/>\r\n\t\r\n\t\t\t\t\r\n\t\t\t<\/div>\r\n\t\r\n\t\t\t\t\t<div class=\"item\">\r\n\t\r\n\t\t\t\t\t\t\t<img src=\"https:\/\/iutdijon.u-bourgogne.fr\/www\/wp-content\/uploads\/2024\/04\/photo-gaco-1-scaled.jpg\"  alt=\"\"\/>\r\n\t\r\n\t\t\t\t\r\n\t\t\t<\/div>\r\n\t\r\n\t\t\t\r\n\t\t<\/div>\r\n\t\r\n\t\t\t<\/div>\r\n<\/div>\r\n<\/div><\/div><\/div><\/div><\/section>\n","protected":false},"excerpt":{"rendered":"<p>&hellip;<\/p>\n","protected":false},"author":3528,"featured_media":13228,"comment_status":"closed","ping_status":"open","sticky":false,"template":"","format":"standard","meta":{"_lmt_disableupdate":"","_lmt_disable":"no"},"categories":[458],"tags":[],"acf":[],"yoast_head":"<!-- This site is optimized with the Yoast SEO plugin v17.2 - https:\/\/yoast.com\/wordpress\/plugins\/seo\/ -->\n<meta name=\"robots\" content=\"index, follow, max-snippet:-1, max-image-preview:large, max-video-preview:-1\" \/>\n<link rel=\"canonical\" href=\"https:\/\/iutdijon.u-bourgogne.fr\/www\/actualites\/fetons-les-30-ans-de-gaco.html\" \/>\n<meta property=\"og:locale\" content=\"fr_FR\" \/>\n<meta property=\"og:type\" content=\"article\" \/>\n<meta property=\"og:title\" content=\"F\u00eatons les 30 ans de GACO ! &gt; IUT Dijon-Auxerre-Nevers\" \/>\n<meta property=\"og:description\" content=\"Le vendredi 12 avril, une date grav\u00e9e dans l\u2019histoire de GACO.\u00a0 Pour GACO, c\u2019est une histoire qui a commenc\u00e9 en 1994 \u00e0 Nevers, et en 2003 GACO a migr\u00e9 \u00e0 Dijon.\u00a0 Les&hellip;\" \/>\n<meta property=\"og:url\" content=\"https:\/\/iutdijon.u-bourgogne.fr\/www\/actualites\/fetons-les-30-ans-de-gaco.html\" \/>\n<meta property=\"og:site_name\" content=\"IUT Dijon-Auxerre-Nevers\" \/>\n<meta property=\"article:published_time\" content=\"2024-04-22T07:38:19+00:00\" \/>\n<meta property=\"og:image\" content=\"https:\/\/iutdijon.u-bourgogne.fr\/www\/wp-content\/uploads\/2024\/04\/photo-groupe--scaled.jpg\" \/>\n\t<meta property=\"og:image:width\" content=\"2560\" \/>\n\t<meta property=\"og:image:height\" content=\"1707\" \/>\n<meta name=\"twitter:card\" content=\"summary_large_image\" \/>\n<meta name=\"twitter:label1\" content=\"\u00c9crit par\" \/>\n\t<meta name=\"twitter:data1\" content=\"Nihad IGLI\" \/>\n\t<meta name=\"twitter:label2\" content=\"Dur\u00e9e de lecture est.\" \/>\n\t<meta name=\"twitter:data2\" content=\"1 minute\" \/>\n<script type=\"application\/ld+json\" class=\"yoast-schema-graph\">{\"@context\":\"https:\/\/schema.org\",\"@graph\":[{\"@type\":\"WebSite\",\"@id\":\"https:\/\/iutdijon.u-bourgogne.fr\/www\/#website\",\"url\":\"https:\/\/iutdijon.u-bourgogne.fr\/www\/\",\"name\":\"IUT Dijon-Auxerre-Nevers\",\"description\":\"L&#039;IUT Dijon-Auxerre-Nevers propose des formations post-bac dans les secteurs Informatique, Tertiaire et Industriel. Il d\\u00e9livre des dipl\\u00f4mes \\u00e0 Bac+3 (Bachelors Universitaires de Technologie ou Licences Professionnelles).\",\"potentialAction\":[{\"@type\":\"SearchAction\",\"target\":{\"@type\":\"EntryPoint\",\"urlTemplate\":\"https:\/\/iutdijon.u-bourgogne.fr\/www\/?s={search_term_string}\"},\"query-input\":\"required name=search_term_string\"}],\"inLanguage\":\"fr-FR\"},{\"@type\":\"ImageObject\",\"@id\":\"https:\/\/iutdijon.u-bourgogne.fr\/www\/actualites\/fetons-les-30-ans-de-gaco.html#primaryimage\",\"inLanguage\":\"fr-FR\",\"url\":\"https:\/\/iutdijon.u-bourgogne.fr\/www\/wp-content\/uploads\/2024\/04\/photo-groupe--scaled.jpg\",\"contentUrl\":\"https:\/\/iutdijon.u-bourgogne.fr\/www\/wp-content\/uploads\/2024\/04\/photo-groupe--scaled.jpg\",\"width\":2560,\"height\":1707},{\"@type\":\"WebPage\",\"@id\":\"https:\/\/iutdijon.u-bourgogne.fr\/www\/actualites\/fetons-les-30-ans-de-gaco.html#webpage\",\"url\":\"https:\/\/iutdijon.u-bourgogne.fr\/www\/actualites\/fetons-les-30-ans-de-gaco.html\",\"name\":\"F\\u00eatons les 30 ans de GACO ! &gt; IUT Dijon-Auxerre-Nevers\",\"isPartOf\":{\"@id\":\"https:\/\/iutdijon.u-bourgogne.fr\/www\/#website\"},\"primaryImageOfPage\":{\"@id\":\"https:\/\/iutdijon.u-bourgogne.fr\/www\/actualites\/fetons-les-30-ans-de-gaco.html#primaryimage\"},\"datePublished\":\"2024-04-22T07:38:19+00:00\",\"dateModified\":\"2024-04-22T07:38:19+00:00\",\"author\":{\"@id\":\"https:\/\/iutdijon.u-bourgogne.fr\/www\/#\/schema\/person\/ac7002853ad3f6dbf66560d0b0cc3f8c\"},\"breadcrumb\":{\"@id\":\"https:\/\/iutdijon.u-bourgogne.fr\/www\/actualites\/fetons-les-30-ans-de-gaco.html#breadcrumb\"},\"inLanguage\":\"fr-FR\",\"potentialAction\":[{\"@type\":\"ReadAction\",\"target\":[\"https:\/\/iutdijon.u-bourgogne.fr\/www\/actualites\/fetons-les-30-ans-de-gaco.html\"]}]},{\"@type\":\"BreadcrumbList\",\"@id\":\"https:\/\/iutdijon.u-bourgogne.fr\/www\/actualites\/fetons-les-30-ans-de-gaco.html#breadcrumb\",\"itemListElement\":[{\"@type\":\"ListItem\",\"position\":1,\"name\":\"Accueil\",\"item\":\"https:\/\/iutdijon.u-bourgogne.fr\/www\/\"},{\"@type\":\"ListItem\",\"position\":2,\"name\":\"Actualit\\u00e9s\",\"item\":\"https:\/\/iutdijon.u-bourgogne.fr\/www\/category\/actualites\"},{\"@type\":\"ListItem\",\"position\":3,\"name\":\"F\\u00eatons les 30 ans de GACO !\"}]},{\"@type\":\"Person\",\"@id\":\"https:\/\/iutdijon.u-bourgogne.fr\/www\/#\/schema\/person\/ac7002853ad3f6dbf66560d0b0cc3f8c\",\"name\":\"Nihad IGLI\",\"image\":{\"@type\":\"ImageObject\",\"@id\":\"https:\/\/iutdijon.u-bourgogne.fr\/www\/#personlogo\",\"inLanguage\":\"fr-FR\",\"url\":\"https:\/\/secure.gravatar.com\/avatar\/63b79b7e6bc7c715d879bb596c6a7e02?s=96&d=mm&r=g\",\"contentUrl\":\"https:\/\/secure.gravatar.com\/avatar\/63b79b7e6bc7c715d879bb596c6a7e02?s=96&d=mm&r=g\",\"caption\":\"Nihad IGLI\"},\"url\":\"https:\/\/iutdijon.u-bourgogne.fr\/www\/author\/ni785554\"}]}<\/script>\n<!-- \/ Yoast SEO plugin. -->","yoast_head_json":{"robots":{"index":"index","follow":"follow","max-snippet":"max-snippet:-1","max-image-preview":"max-image-preview:large","max-video-preview":"max-video-preview:-1"},"canonical":"https:\/\/iutdijon.u-bourgogne.fr\/www\/actualites\/fetons-les-30-ans-de-gaco.html","og_locale":"fr_FR","og_type":"article","og_title":"F\u00eatons les 30 ans de GACO ! &gt; IUT Dijon-Auxerre-Nevers","og_description":"Le vendredi 12 avril, une date grav\u00e9e dans l\u2019histoire de GACO.\u00a0 Pour GACO, c\u2019est une histoire qui a commenc\u00e9 en 1994 \u00e0 Nevers, et en 2003 GACO a migr\u00e9 \u00e0 Dijon.\u00a0 Les&hellip;","og_url":"https:\/\/iutdijon.u-bourgogne.fr\/www\/actualites\/fetons-les-30-ans-de-gaco.html","og_site_name":"IUT Dijon-Auxerre-Nevers","article_published_time":"2024-04-22T07:38:19+00:00","og_image":[{"width":2560,"height":1707,"url":"https:\/\/iutdijon.u-bourgogne.fr\/www\/wp-content\/uploads\/2024\/04\/photo-groupe--scaled.jpg","path":"\/var\/www\/html\/www\/wp-content\/uploads\/2024\/04\/photo-groupe--scaled.jpg","size":"full","id":13228,"alt":"","pixels":4369920,"type":"image\/jpeg"}],"twitter_card":"summary_large_image","twitter_misc":{"\u00c9crit par":"Nihad IGLI","Dur\u00e9e de lecture est.":"1 minute"},"schema":{"@context":"https:\/\/schema.org","@graph":[{"@type":"WebSite","@id":"https:\/\/iutdijon.u-bourgogne.fr\/www\/#website","url":"https:\/\/iutdijon.u-bourgogne.fr\/www\/","name":"IUT Dijon-Auxerre-Nevers","description":"L&#039;IUT Dijon-Auxerre-Nevers propose des formations post-bac dans les secteurs Informatique, Tertiaire et Industriel. Il d\u00e9livre des dipl\u00f4mes \u00e0 Bac+3 (Bachelors Universitaires de Technologie ou Licences Professionnelles).","potentialAction":[{"@type":"SearchAction","target":{"@type":"EntryPoint","urlTemplate":"https:\/\/iutdijon.u-bourgogne.fr\/www\/?s={search_term_string}"},"query-input":"required name=search_term_string"}],"inLanguage":"fr-FR"},{"@type":"ImageObject","@id":"https:\/\/iutdijon.u-bourgogne.fr\/www\/actualites\/fetons-les-30-ans-de-gaco.html#primaryimage","inLanguage":"fr-FR","url":"https:\/\/iutdijon.u-bourgogne.fr\/www\/wp-content\/uploads\/2024\/04\/photo-groupe--scaled.jpg","contentUrl":"https:\/\/iutdijon.u-bourgogne.fr\/www\/wp-content\/uploads\/2024\/04\/photo-groupe--scaled.jpg","width":2560,"height":1707},{"@type":"WebPage","@id":"https:\/\/iutdijon.u-bourgogne.fr\/www\/actualites\/fetons-les-30-ans-de-gaco.html#webpage","url":"https:\/\/iutdijon.u-bourgogne.fr\/www\/actualites\/fetons-les-30-ans-de-gaco.html","name":"F\u00eatons les 30 ans de GACO ! &gt; IUT Dijon-Auxerre-Nevers","isPartOf":{"@id":"https:\/\/iutdijon.u-bourgogne.fr\/www\/#website"},"primaryImageOfPage":{"@id":"https:\/\/iutdijon.u-bourgogne.fr\/www\/actualites\/fetons-les-30-ans-de-gaco.html#primaryimage"},"datePublished":"2024-04-22T07:38:19+00:00","dateModified":"2024-04-22T07:38:19+00:00","author":{"@id":"https:\/\/iutdijon.u-bourgogne.fr\/www\/#\/schema\/person\/ac7002853ad3f6dbf66560d0b0cc3f8c"},"breadcrumb":{"@id":"https:\/\/iutdijon.u-bourgogne.fr\/www\/actualites\/fetons-les-30-ans-de-gaco.html#breadcrumb"},"inLanguage":"fr-FR","potentialAction":[{"@type":"ReadAction","target":["https:\/\/iutdijon.u-bourgogne.fr\/www\/actualites\/fetons-les-30-ans-de-gaco.html"]}]},{"@type":"BreadcrumbList","@id":"https:\/\/iutdijon.u-bourgogne.fr\/www\/actualites\/fetons-les-30-ans-de-gaco.html#breadcrumb","itemListElement":[{"@type":"ListItem","position":1,"name":"Accueil","item":"https:\/\/iutdijon.u-bourgogne.fr\/www\/"},{"@type":"ListItem","position":2,"name":"Actualit\u00e9s","item":"https:\/\/iutdijon.u-bourgogne.fr\/www\/category\/actualites"},{"@type":"ListItem","position":3,"name":"F\u00eatons les 30 ans de GACO !"}]},{"@type":"Person","@id":"https:\/\/iutdijon.u-bourgogne.fr\/www\/#\/schema\/person\/ac7002853ad3f6dbf66560d0b0cc3f8c","name":"Nihad IGLI","image":{"@type":"ImageObject","@id":"https:\/\/iutdijon.u-bourgogne.fr\/www\/#personlogo","inLanguage":"fr-FR","url":"https:\/\/secure.gravatar.com\/avatar\/63b79b7e6bc7c715d879bb596c6a7e02?s=96&d=mm&r=g","contentUrl":"https:\/\/secure.gravatar.com\/avatar\/63b79b7e6bc7c715d879bb596c6a7e02?s=96&d=mm&r=g","caption":"Nihad IGLI"},"url":"https:\/\/iutdijon.u-bourgogne.fr\/www\/author\/ni785554"}]}},"modified_by":"Nihad IGLI","_links":{"self":[{"href":"https:\/\/iutdijon.u-bourgogne.fr\/www\/wp-json\/wp\/v2\/posts\/13227"}],"collection":[{"href":"https:\/\/iutdijon.u-bourgogne.fr\/www\/wp-json\/wp\/v2\/posts"}],"about":[{"href":"https:\/\/iutdijon.u-bourgogne.fr\/www\/wp-json\/wp\/v2\/types\/post"}],"author":[{"embeddable":true,"href":"https:\/\/iutdijon.u-bourgogne.fr\/www\/wp-json\/wp\/v2\/users\/3528"}],"replies":[{"embeddable":true,"href":"https:\/\/iutdijon.u-bourgogne.fr\/www\/wp-json\/wp\/v2\/comments?post=13227"}],"version-history":[{"count":3,"href":"https:\/\/iutdijon.u-bourgogne.fr\/www\/wp-json\/wp\/v2\/posts\/13227\/revisions"}],"predecessor-version":[{"id":13236,"href":"https:\/\/iutdijon.u-bourgogne.fr\/www\/wp-json\/wp\/v2\/posts\/13227\/revisions\/13236"}],"wp:featuredmedia":[{"embeddable":true,"href":"https:\/\/iutdijon.u-bourgogne.fr\/www\/wp-json\/wp\/v2\/media\/13228"}],"wp:attachment":[{"href":"https:\/\/iutdijon.u-bourgogne.fr\/www\/wp-json\/wp\/v2\/media?parent=13227"}],"wp:term":[{"taxonomy":"category","embeddable":true,"href":"https:\/\/iutdijon.u-bourgogne.fr\/www\/wp-json\/wp\/v2\/categories?post=13227"},{"taxonomy":"post_tag","embeddable":true,"href":"https:\/\/iutdijon.u-bourgogne.fr\/www\/wp-json\/wp\/v2\/tags?post=13227"}],"curies":[{"name":"wp","href":"https:\/\/api.w.org\/{rel}","templated":true}]}}