{"id":13218,"date":"2024-04-15T15:55:05","date_gmt":"2024-04-15T13:55:05","guid":{"rendered":"https:\/\/iutdijon.u-bourgogne.fr\/www\/?p=13218"},"modified":"2024-04-15T15:55:05","modified_gmt":"2024-04-15T13:55:05","slug":"ceremonie-de-remise-de-fonds-de-liut-de-auxerre","status":"publish","type":"post","link":"https:\/\/iutdijon.u-bourgogne.fr\/www\/actualites\/ceremonie-de-remise-de-fonds-de-liut-de-auxerre.html","title":{"rendered":"C\u00e9r\u00e9monie de remise de fonds de l&rsquo;IUT de Auxerre"},"content":{"rendered":"<section class=\"kc-elm kc-css-150251 kc_row\"><div class=\"kc-row-container  kc-container\"><div class=\"kc-wrap-columns\"><div class=\"kc-elm kc-css-758498 kc_col-sm-12 kc_column kc_col-sm-12\"><div class=\"kc-col-container\"><div class=\"kc-elm kc-css-48105 kc_text_block\"><\/p>\n<p><span style=\"font-weight: 400;\" class=\"chapo\">\ud83d\udc4f BRAVO AUX \u00c9TUDIANTS DE L\u2019IUT DE AUXERRE \ud83d\udc4f<\/span><\/p>\n<p><span style=\"font-weight: 400;\">Hier, c\u2019\u00e9tait la c\u00e9r\u00e9monie de remise de fonds \u00e0 l\u2019<\/span><a href=\"https:\/\/www.linkedin.com\/company\/iut-dijon-auxerre-nevers\/\" title=\"IUT Dijon-Auxerre-Nevers\"><span style=\"font-weight: 400;\">IUT Dijon-Auxerre-Nevers<\/span><\/a><span style=\"font-weight: 400;\"> &#8211; Site de Auxerre &#8211; Departement TC.<\/span><\/p>\n<p><span style=\"font-weight: 400;\">Dans le cadre de la SAE VENTE du semestre 1, la promotion de 1ere ann\u00e9e Techniques de Commercialisation a particip\u00e9 \u00e0 notre action de ventes de stylos en bambou \ud83c\udf8d<\/span><\/p>\n<p><span style=\"font-weight: 400;\">Bilan : Plus de 3700 \u20ac ont \u00e9t\u00e9 revers\u00e9s \u00e0 4 associations locales (Le chemin d\u2019Axel \/ Maxime + \/ Auxerrevices des d\u00e9munis \/ ICAH) \ud83d\udc4d\ud83d\udcaa<\/span><\/p>\n<p><span style=\"font-weight: 400;\">Une tr\u00e8s belle r\u00e9ussite pour cette troisi\u00e8me \u00e9dition cons\u00e9cutive ! \ud83d\ude00<\/span><\/p>\n<p><span style=\"font-weight: 400;\">Merci<\/span><a href=\"https:\/\/www.linkedin.com\/in\/severine-persico-603003162\/\" title=\" SEVERINE PERSICO\"> <span style=\"font-weight: 400;\">SEVERINE PERSICO<\/span><\/a><span style=\"font-weight: 400;\"> Pierre Deplanche pour votre confiance \ud83e\udd1d<\/span><span style=\"font-weight: 400;\">\u00a0<\/span><\/p>\n<p>\n<\/div><div class=\"kc-elm kc-css-530090\">\r\n\t<div class=\"kc-carousel_images kc-elm kc-css-530090\">\r\n\t\r\n\t\t<div class=\"kc-carousel-images owl-carousel-images kc-sync1 \" data-owl-i-options='{\"items\":\"1\",\"tablet\":\"1\",\"mobile\":\"1\",\"speed\":\"500\",\"navigation\":\"yes\",\"pagination\":\"yes\",\"autoheight\":\"\",\"progressbar\":\"\",\"delay\":\"8\",\"autoplay\":\"yes\",\"showthumb\":\"\",\"num_thumb\":\"5\"}'>\r\n\t\r\n\t\t\t\t\t<div class=\"item\">\r\n\t\r\n\t\t\t\t\t\t\t<img src=\"https:\/\/iutdijon.u-bourgogne.fr\/www\/wp-content\/uploads\/2024\/04\/1709815423163.jpg\"  alt=\"\"\/>\r\n\t\r\n\t\t\t\t\r\n\t\t\t<\/div>\r\n\t\r\n\t\t\t\t\t<div class=\"item\">\r\n\t\r\n\t\t\t\t\t\t\t<img src=\"https:\/\/iutdijon.u-bourgogne.fr\/www\/wp-content\/uploads\/2024\/04\/1709815411211.jpg\"  alt=\"\"\/>\r\n\t\r\n\t\t\t\t\r\n\t\t\t<\/div>\r\n\t\r\n\t\t\t\t\t<div class=\"item\">\r\n\t\r\n\t\t\t\t\t\t\t<img src=\"https:\/\/iutdijon.u-bourgogne.fr\/www\/wp-content\/uploads\/2024\/04\/1709815409478.jpg\"  alt=\"\"\/>\r\n\t\r\n\t\t\t\t\r\n\t\t\t<\/div>\r\n\t\r\n\t\t\t\t\t<div class=\"item\">\r\n\t\r\n\t\t\t\t\t\t\t<img src=\"https:\/\/iutdijon.u-bourgogne.fr\/www\/wp-content\/uploads\/2024\/04\/1709815423331.jpg\"  alt=\"\"\/>\r\n\t\r\n\t\t\t\t\r\n\t\t\t<\/div>\r\n\t\r\n\t\t\t\r\n\t\t<\/div>\r\n\t\r\n\t\t\t<\/div>\r\n<\/div>\r\n<\/div><\/div><\/div><\/div><\/section>\n","protected":false},"excerpt":{"rendered":"<p>&hellip;<\/p>\n","protected":false},"author":3528,"featured_media":13223,"comment_status":"closed","ping_status":"open","sticky":false,"template":"","format":"standard","meta":{"_lmt_disableupdate":"","_lmt_disable":""},"categories":[458],"tags":[],"acf":[],"yoast_head":"<!-- This site is optimized with the Yoast SEO plugin v17.2 - https:\/\/yoast.com\/wordpress\/plugins\/seo\/ -->\n<meta name=\"robots\" content=\"index, follow, max-snippet:-1, max-image-preview:large, max-video-preview:-1\" \/>\n<link rel=\"canonical\" href=\"https:\/\/iutdijon.u-bourgogne.fr\/www\/actualites\/ceremonie-de-remise-de-fonds-de-liut-de-auxerre.html\" \/>\n<meta property=\"og:locale\" content=\"fr_FR\" \/>\n<meta property=\"og:type\" content=\"article\" \/>\n<meta property=\"og:title\" content=\"C\u00e9r\u00e9monie de remise de fonds de l&#039;IUT de Auxerre  &gt; IUT Dijon-Auxerre-Nevers\" \/>\n<meta property=\"og:description\" content=\"\ud83d\udc4f BRAVO AUX \u00c9TUDIANTS DE L\u2019IUT DE AUXERRE \ud83d\udc4f Hier, c\u2019\u00e9tait la c\u00e9r\u00e9monie de remise de fonds \u00e0 l\u2019IUT Dijon-Auxerre-Nevers &#8211; Site de Auxerre &#8211; Departement TC. Dans le cadre de la&hellip;\" \/>\n<meta property=\"og:url\" content=\"https:\/\/iutdijon.u-bourgogne.fr\/www\/actualites\/ceremonie-de-remise-de-fonds-de-liut-de-auxerre.html\" \/>\n<meta property=\"og:site_name\" content=\"IUT Dijon-Auxerre-Nevers\" \/>\n<meta property=\"article:published_time\" content=\"2024-04-15T13:55:05+00:00\" \/>\n<meta property=\"og:image\" content=\"https:\/\/iutdijon.u-bourgogne.fr\/www\/wp-content\/uploads\/2024\/04\/1709815409478.jpg\" \/>\n\t<meta property=\"og:image:width\" content=\"1170\" \/>\n\t<meta property=\"og:image:height\" content=\"878\" \/>\n<meta name=\"twitter:card\" content=\"summary_large_image\" \/>\n<meta name=\"twitter:label1\" content=\"\u00c9crit par\" \/>\n\t<meta name=\"twitter:data1\" content=\"Nihad IGLI\" \/>\n\t<meta name=\"twitter:label2\" content=\"Dur\u00e9e de lecture est.\" \/>\n\t<meta name=\"twitter:data2\" content=\"1 minute\" \/>\n<script type=\"application\/ld+json\" class=\"yoast-schema-graph\">{\"@context\":\"https:\/\/schema.org\",\"@graph\":[{\"@type\":\"WebSite\",\"@id\":\"https:\/\/iutdijon.u-bourgogne.fr\/www\/#website\",\"url\":\"https:\/\/iutdijon.u-bourgogne.fr\/www\/\",\"name\":\"IUT Dijon-Auxerre-Nevers\",\"description\":\"L&#039;IUT Dijon-Auxerre-Nevers propose des formations post-bac dans les secteurs Informatique, Tertiaire et Industriel. Il d\\u00e9livre des dipl\\u00f4mes \\u00e0 Bac+3 (Bachelors Universitaires de Technologie ou Licences Professionnelles).\",\"potentialAction\":[{\"@type\":\"SearchAction\",\"target\":{\"@type\":\"EntryPoint\",\"urlTemplate\":\"https:\/\/iutdijon.u-bourgogne.fr\/www\/?s={search_term_string}\"},\"query-input\":\"required name=search_term_string\"}],\"inLanguage\":\"fr-FR\"},{\"@type\":\"ImageObject\",\"@id\":\"https:\/\/iutdijon.u-bourgogne.fr\/www\/actualites\/ceremonie-de-remise-de-fonds-de-liut-de-auxerre.html#primaryimage\",\"inLanguage\":\"fr-FR\",\"url\":\"https:\/\/iutdijon.u-bourgogne.fr\/www\/wp-content\/uploads\/2024\/04\/1709815409478.jpg\",\"contentUrl\":\"https:\/\/iutdijon.u-bourgogne.fr\/www\/wp-content\/uploads\/2024\/04\/1709815409478.jpg\",\"width\":1170,\"height\":878},{\"@type\":\"WebPage\",\"@id\":\"https:\/\/iutdijon.u-bourgogne.fr\/www\/actualites\/ceremonie-de-remise-de-fonds-de-liut-de-auxerre.html#webpage\",\"url\":\"https:\/\/iutdijon.u-bourgogne.fr\/www\/actualites\/ceremonie-de-remise-de-fonds-de-liut-de-auxerre.html\",\"name\":\"C\\u00e9r\\u00e9monie de remise de fonds de l'IUT de Auxerre &gt; IUT Dijon-Auxerre-Nevers\",\"isPartOf\":{\"@id\":\"https:\/\/iutdijon.u-bourgogne.fr\/www\/#website\"},\"primaryImageOfPage\":{\"@id\":\"https:\/\/iutdijon.u-bourgogne.fr\/www\/actualites\/ceremonie-de-remise-de-fonds-de-liut-de-auxerre.html#primaryimage\"},\"datePublished\":\"2024-04-15T13:55:05+00:00\",\"dateModified\":\"2024-04-15T13:55:05+00:00\",\"author\":{\"@id\":\"https:\/\/iutdijon.u-bourgogne.fr\/www\/#\/schema\/person\/ac7002853ad3f6dbf66560d0b0cc3f8c\"},\"breadcrumb\":{\"@id\":\"https:\/\/iutdijon.u-bourgogne.fr\/www\/actualites\/ceremonie-de-remise-de-fonds-de-liut-de-auxerre.html#breadcrumb\"},\"inLanguage\":\"fr-FR\",\"potentialAction\":[{\"@type\":\"ReadAction\",\"target\":[\"https:\/\/iutdijon.u-bourgogne.fr\/www\/actualites\/ceremonie-de-remise-de-fonds-de-liut-de-auxerre.html\"]}]},{\"@type\":\"BreadcrumbList\",\"@id\":\"https:\/\/iutdijon.u-bourgogne.fr\/www\/actualites\/ceremonie-de-remise-de-fonds-de-liut-de-auxerre.html#breadcrumb\",\"itemListElement\":[{\"@type\":\"ListItem\",\"position\":1,\"name\":\"Accueil\",\"item\":\"https:\/\/iutdijon.u-bourgogne.fr\/www\/\"},{\"@type\":\"ListItem\",\"position\":2,\"name\":\"Actualit\\u00e9s\",\"item\":\"https:\/\/iutdijon.u-bourgogne.fr\/www\/category\/actualites\"},{\"@type\":\"ListItem\",\"position\":3,\"name\":\"C\\u00e9r\\u00e9monie de remise de fonds de l&#8217;IUT de Auxerre\"}]},{\"@type\":\"Person\",\"@id\":\"https:\/\/iutdijon.u-bourgogne.fr\/www\/#\/schema\/person\/ac7002853ad3f6dbf66560d0b0cc3f8c\",\"name\":\"Nihad IGLI\",\"image\":{\"@type\":\"ImageObject\",\"@id\":\"https:\/\/iutdijon.u-bourgogne.fr\/www\/#personlogo\",\"inLanguage\":\"fr-FR\",\"url\":\"https:\/\/secure.gravatar.com\/avatar\/63b79b7e6bc7c715d879bb596c6a7e02?s=96&d=mm&r=g\",\"contentUrl\":\"https:\/\/secure.gravatar.com\/avatar\/63b79b7e6bc7c715d879bb596c6a7e02?s=96&d=mm&r=g\",\"caption\":\"Nihad IGLI\"},\"url\":\"https:\/\/iutdijon.u-bourgogne.fr\/www\/author\/ni785554\"}]}<\/script>\n<!-- \/ Yoast SEO plugin. -->","yoast_head_json":{"robots":{"index":"index","follow":"follow","max-snippet":"max-snippet:-1","max-image-preview":"max-image-preview:large","max-video-preview":"max-video-preview:-1"},"canonical":"https:\/\/iutdijon.u-bourgogne.fr\/www\/actualites\/ceremonie-de-remise-de-fonds-de-liut-de-auxerre.html","og_locale":"fr_FR","og_type":"article","og_title":"C\u00e9r\u00e9monie de remise de fonds de l'IUT de Auxerre  &gt; IUT Dijon-Auxerre-Nevers","og_description":"\ud83d\udc4f BRAVO AUX \u00c9TUDIANTS DE L\u2019IUT DE AUXERRE \ud83d\udc4f Hier, c\u2019\u00e9tait la c\u00e9r\u00e9monie de remise de fonds \u00e0 l\u2019IUT Dijon-Auxerre-Nevers &#8211; Site de Auxerre &#8211; Departement TC. Dans le cadre de la&hellip;","og_url":"https:\/\/iutdijon.u-bourgogne.fr\/www\/actualites\/ceremonie-de-remise-de-fonds-de-liut-de-auxerre.html","og_site_name":"IUT Dijon-Auxerre-Nevers","article_published_time":"2024-04-15T13:55:05+00:00","og_image":[{"width":1170,"height":878,"url":"https:\/\/iutdijon.u-bourgogne.fr\/www\/wp-content\/uploads\/2024\/04\/1709815409478.jpg","path":"\/var\/www\/html\/www\/wp-content\/uploads\/2024\/04\/1709815409478.jpg","size":"full","id":13223,"alt":"","pixels":1027260,"type":"image\/jpeg"}],"twitter_card":"summary_large_image","twitter_misc":{"\u00c9crit par":"Nihad IGLI","Dur\u00e9e de lecture est.":"1 minute"},"schema":{"@context":"https:\/\/schema.org","@graph":[{"@type":"WebSite","@id":"https:\/\/iutdijon.u-bourgogne.fr\/www\/#website","url":"https:\/\/iutdijon.u-bourgogne.fr\/www\/","name":"IUT Dijon-Auxerre-Nevers","description":"L&#039;IUT Dijon-Auxerre-Nevers propose des formations post-bac dans les secteurs Informatique, Tertiaire et Industriel. Il d\u00e9livre des dipl\u00f4mes \u00e0 Bac+3 (Bachelors Universitaires de Technologie ou Licences Professionnelles).","potentialAction":[{"@type":"SearchAction","target":{"@type":"EntryPoint","urlTemplate":"https:\/\/iutdijon.u-bourgogne.fr\/www\/?s={search_term_string}"},"query-input":"required name=search_term_string"}],"inLanguage":"fr-FR"},{"@type":"ImageObject","@id":"https:\/\/iutdijon.u-bourgogne.fr\/www\/actualites\/ceremonie-de-remise-de-fonds-de-liut-de-auxerre.html#primaryimage","inLanguage":"fr-FR","url":"https:\/\/iutdijon.u-bourgogne.fr\/www\/wp-content\/uploads\/2024\/04\/1709815409478.jpg","contentUrl":"https:\/\/iutdijon.u-bourgogne.fr\/www\/wp-content\/uploads\/2024\/04\/1709815409478.jpg","width":1170,"height":878},{"@type":"WebPage","@id":"https:\/\/iutdijon.u-bourgogne.fr\/www\/actualites\/ceremonie-de-remise-de-fonds-de-liut-de-auxerre.html#webpage","url":"https:\/\/iutdijon.u-bourgogne.fr\/www\/actualites\/ceremonie-de-remise-de-fonds-de-liut-de-auxerre.html","name":"C\u00e9r\u00e9monie de remise de fonds de l'IUT de Auxerre &gt; IUT Dijon-Auxerre-Nevers","isPartOf":{"@id":"https:\/\/iutdijon.u-bourgogne.fr\/www\/#website"},"primaryImageOfPage":{"@id":"https:\/\/iutdijon.u-bourgogne.fr\/www\/actualites\/ceremonie-de-remise-de-fonds-de-liut-de-auxerre.html#primaryimage"},"datePublished":"2024-04-15T13:55:05+00:00","dateModified":"2024-04-15T13:55:05+00:00","author":{"@id":"https:\/\/iutdijon.u-bourgogne.fr\/www\/#\/schema\/person\/ac7002853ad3f6dbf66560d0b0cc3f8c"},"breadcrumb":{"@id":"https:\/\/iutdijon.u-bourgogne.fr\/www\/actualites\/ceremonie-de-remise-de-fonds-de-liut-de-auxerre.html#breadcrumb"},"inLanguage":"fr-FR","potentialAction":[{"@type":"ReadAction","target":["https:\/\/iutdijon.u-bourgogne.fr\/www\/actualites\/ceremonie-de-remise-de-fonds-de-liut-de-auxerre.html"]}]},{"@type":"BreadcrumbList","@id":"https:\/\/iutdijon.u-bourgogne.fr\/www\/actualites\/ceremonie-de-remise-de-fonds-de-liut-de-auxerre.html#breadcrumb","itemListElement":[{"@type":"ListItem","position":1,"name":"Accueil","item":"https:\/\/iutdijon.u-bourgogne.fr\/www\/"},{"@type":"ListItem","position":2,"name":"Actualit\u00e9s","item":"https:\/\/iutdijon.u-bourgogne.fr\/www\/category\/actualites"},{"@type":"ListItem","position":3,"name":"C\u00e9r\u00e9monie de remise de fonds de l&#8217;IUT de Auxerre"}]},{"@type":"Person","@id":"https:\/\/iutdijon.u-bourgogne.fr\/www\/#\/schema\/person\/ac7002853ad3f6dbf66560d0b0cc3f8c","name":"Nihad IGLI","image":{"@type":"ImageObject","@id":"https:\/\/iutdijon.u-bourgogne.fr\/www\/#personlogo","inLanguage":"fr-FR","url":"https:\/\/secure.gravatar.com\/avatar\/63b79b7e6bc7c715d879bb596c6a7e02?s=96&d=mm&r=g","contentUrl":"https:\/\/secure.gravatar.com\/avatar\/63b79b7e6bc7c715d879bb596c6a7e02?s=96&d=mm&r=g","caption":"Nihad IGLI"},"url":"https:\/\/iutdijon.u-bourgogne.fr\/www\/author\/ni785554"}]}},"modified_by":"Nihad IGLI","_links":{"self":[{"href":"https:\/\/iutdijon.u-bourgogne.fr\/www\/wp-json\/wp\/v2\/posts\/13218"}],"collection":[{"href":"https:\/\/iutdijon.u-bourgogne.fr\/www\/wp-json\/wp\/v2\/posts"}],"about":[{"href":"https:\/\/iutdijon.u-bourgogne.fr\/www\/wp-json\/wp\/v2\/types\/post"}],"author":[{"embeddable":true,"href":"https:\/\/iutdijon.u-bourgogne.fr\/www\/wp-json\/wp\/v2\/users\/3528"}],"replies":[{"embeddable":true,"href":"https:\/\/iutdijon.u-bourgogne.fr\/www\/wp-json\/wp\/v2\/comments?post=13218"}],"version-history":[{"count":2,"href":"https:\/\/iutdijon.u-bourgogne.fr\/www\/wp-json\/wp\/v2\/posts\/13218\/revisions"}],"predecessor-version":[{"id":13225,"href":"https:\/\/iutdijon.u-bourgogne.fr\/www\/wp-json\/wp\/v2\/posts\/13218\/revisions\/13225"}],"wp:featuredmedia":[{"embeddable":true,"href":"https:\/\/iutdijon.u-bourgogne.fr\/www\/wp-json\/wp\/v2\/media\/13223"}],"wp:attachment":[{"href":"https:\/\/iutdijon.u-bourgogne.fr\/www\/wp-json\/wp\/v2\/media?parent=13218"}],"wp:term":[{"taxonomy":"category","embeddable":true,"href":"https:\/\/iutdijon.u-bourgogne.fr\/www\/wp-json\/wp\/v2\/categories?post=13218"},{"taxonomy":"post_tag","embeddable":true,"href":"https:\/\/iutdijon.u-bourgogne.fr\/www\/wp-json\/wp\/v2\/tags?post=13218"}],"curies":[{"name":"wp","href":"https:\/\/api.w.org\/{rel}","templated":true}]}}