{"id":12804,"date":"2023-12-21T09:27:25","date_gmt":"2023-12-21T08:27:25","guid":{"rendered":"https:\/\/iutdijon.u-bourgogne.fr\/www\/?p=12804"},"modified":"2023-12-21T09:27:50","modified_gmt":"2023-12-21T08:27:50","slug":"don-du-sang-gaco-x-efs-un-bilan-tres-positif","status":"publish","type":"post","link":"https:\/\/iutdijon.u-bourgogne.fr\/www\/actualites\/don-du-sang-gaco-x-efs-un-bilan-tres-positif.html","title":{"rendered":"Don du sang GACO x EFS : un bilan tr\u00e8s positif !"},"content":{"rendered":"<section class=\"kc-elm kc-css-443261 kc_row\"><div class=\"kc-row-container  kc-container\"><div class=\"kc-wrap-columns\"><div class=\"kc-elm kc-css-112218 kc_col-sm-12 kc_column kc_col-sm-12\"><div class=\"kc-col-container\"><div class=\"kc-elm kc-css-470692 kc_text_block\"><\/p>\n<p><span class=\"chapo\">L&rsquo;op\u00e9ration de don du sang organis\u00e9e par les \u00e9tudiantes de GACO le 12 d\u00e9cembre en association avec l&rsquo;EFS a permis de mobiliser de nombreux \u00e9tudiants et personnels !<\/span><\/p>\n<p>En effet, si l&rsquo;EFS avait fix\u00e9 un objectif de 75 donneurs, c&rsquo;est pas moins de 111 donneurs potentiels qui se sont pr\u00e9sent\u00e9s et 97 dons qui ont \u00e9t\u00e9 effectu\u00e9s ! Et parmi ces 97 personnes, 78 donnaient leur sang pour la premi\u00e8re fois.<\/p>\n<p>Le d\u00e9fi inter-d\u00e9partements a permis d&rsquo;\u00e9tablir le classement suivant :<\/p>\n<ul>\n<li>D\u00e9partement GB : 1<sup>\u00e8re<\/sup> place<\/li>\n<li>D\u00e9partement GMP : 2<sup>\u00e8me<\/sup> place<\/li>\n<li>D\u00e9partement GACO : 3<sup>\u00e8me<\/sup> place<\/li>\n<\/ul>\n<p>\n<\/div><\/div><\/div><\/div><\/div><\/section>\n","protected":false},"excerpt":{"rendered":"<p>&hellip;<\/p>\n","protected":false},"author":3185,"featured_media":12805,"comment_status":"open","ping_status":"open","sticky":false,"template":"","format":"standard","meta":{"_lmt_disableupdate":"no","_lmt_disable":"no"},"categories":[458],"tags":[],"acf":[],"yoast_head":"<!-- This site is optimized with the Yoast SEO plugin v17.2 - https:\/\/yoast.com\/wordpress\/plugins\/seo\/ -->\n<meta name=\"robots\" content=\"index, follow, max-snippet:-1, max-image-preview:large, max-video-preview:-1\" \/>\n<link rel=\"canonical\" href=\"https:\/\/iutdijon.u-bourgogne.fr\/www\/actualites\/don-du-sang-gaco-x-efs-un-bilan-tres-positif.html\" \/>\n<meta property=\"og:locale\" content=\"fr_FR\" \/>\n<meta property=\"og:type\" content=\"article\" \/>\n<meta property=\"og:title\" content=\"Don du sang GACO x EFS : un bilan tr\u00e8s positif ! &gt; IUT Dijon-Auxerre-Nevers\" \/>\n<meta property=\"og:description\" content=\"L&rsquo;op\u00e9ration de don du sang organis\u00e9e par les \u00e9tudiantes de GACO le 12 d\u00e9cembre en association avec l&rsquo;EFS a permis de mobiliser de nombreux \u00e9tudiants et personnels ! En effet, si l&rsquo;EFS&hellip;\" \/>\n<meta property=\"og:url\" content=\"https:\/\/iutdijon.u-bourgogne.fr\/www\/actualites\/don-du-sang-gaco-x-efs-un-bilan-tres-positif.html\" \/>\n<meta property=\"og:site_name\" content=\"IUT Dijon-Auxerre-Nevers\" \/>\n<meta property=\"article:published_time\" content=\"2023-12-21T08:27:25+00:00\" \/>\n<meta property=\"article:modified_time\" content=\"2023-12-21T08:27:50+00:00\" \/>\n<meta property=\"og:image\" content=\"https:\/\/iutdijon.u-bourgogne.fr\/www\/wp-content\/uploads\/2023\/12\/IMAG_merci_don_sang_gaco.jpg\" \/>\n\t<meta property=\"og:image:width\" content=\"800\" \/>\n\t<meta property=\"og:image:height\" content=\"532\" \/>\n<meta name=\"twitter:card\" content=\"summary_large_image\" \/>\n<meta name=\"twitter:label1\" content=\"\u00c9crit par\" \/>\n\t<meta name=\"twitter:data1\" content=\"Jeanne-Marie BORDELOT\" \/>\n<script type=\"application\/ld+json\" class=\"yoast-schema-graph\">{\"@context\":\"https:\/\/schema.org\",\"@graph\":[{\"@type\":\"WebSite\",\"@id\":\"https:\/\/iutdijon.u-bourgogne.fr\/www\/#website\",\"url\":\"https:\/\/iutdijon.u-bourgogne.fr\/www\/\",\"name\":\"IUT Dijon-Auxerre-Nevers\",\"description\":\"L&#039;IUT Dijon-Auxerre-Nevers propose des formations post-bac dans les secteurs Informatique, Tertiaire et Industriel. Il d\\u00e9livre des dipl\\u00f4mes \\u00e0 Bac+3 (Bachelors Universitaires de Technologie ou Licences Professionnelles).\",\"potentialAction\":[{\"@type\":\"SearchAction\",\"target\":{\"@type\":\"EntryPoint\",\"urlTemplate\":\"https:\/\/iutdijon.u-bourgogne.fr\/www\/?s={search_term_string}\"},\"query-input\":\"required name=search_term_string\"}],\"inLanguage\":\"fr-FR\"},{\"@type\":\"ImageObject\",\"@id\":\"https:\/\/iutdijon.u-bourgogne.fr\/www\/actualites\/don-du-sang-gaco-x-efs-un-bilan-tres-positif.html#primaryimage\",\"inLanguage\":\"fr-FR\",\"url\":\"https:\/\/iutdijon.u-bourgogne.fr\/www\/wp-content\/uploads\/2023\/12\/IMAG_merci_don_sang_gaco.jpg\",\"contentUrl\":\"https:\/\/iutdijon.u-bourgogne.fr\/www\/wp-content\/uploads\/2023\/12\/IMAG_merci_don_sang_gaco.jpg\",\"width\":800,\"height\":532},{\"@type\":\"WebPage\",\"@id\":\"https:\/\/iutdijon.u-bourgogne.fr\/www\/actualites\/don-du-sang-gaco-x-efs-un-bilan-tres-positif.html#webpage\",\"url\":\"https:\/\/iutdijon.u-bourgogne.fr\/www\/actualites\/don-du-sang-gaco-x-efs-un-bilan-tres-positif.html\",\"name\":\"Don du sang GACO x EFS : un bilan tr\\u00e8s positif ! &gt; IUT Dijon-Auxerre-Nevers\",\"isPartOf\":{\"@id\":\"https:\/\/iutdijon.u-bourgogne.fr\/www\/#website\"},\"primaryImageOfPage\":{\"@id\":\"https:\/\/iutdijon.u-bourgogne.fr\/www\/actualites\/don-du-sang-gaco-x-efs-un-bilan-tres-positif.html#primaryimage\"},\"datePublished\":\"2023-12-21T08:27:25+00:00\",\"dateModified\":\"2023-12-21T08:27:50+00:00\",\"author\":{\"@id\":\"https:\/\/iutdijon.u-bourgogne.fr\/www\/#\/schema\/person\/fc0840e606b0fe8198fbc1fc38f254b7\"},\"breadcrumb\":{\"@id\":\"https:\/\/iutdijon.u-bourgogne.fr\/www\/actualites\/don-du-sang-gaco-x-efs-un-bilan-tres-positif.html#breadcrumb\"},\"inLanguage\":\"fr-FR\",\"potentialAction\":[{\"@type\":\"ReadAction\",\"target\":[\"https:\/\/iutdijon.u-bourgogne.fr\/www\/actualites\/don-du-sang-gaco-x-efs-un-bilan-tres-positif.html\"]}]},{\"@type\":\"BreadcrumbList\",\"@id\":\"https:\/\/iutdijon.u-bourgogne.fr\/www\/actualites\/don-du-sang-gaco-x-efs-un-bilan-tres-positif.html#breadcrumb\",\"itemListElement\":[{\"@type\":\"ListItem\",\"position\":1,\"name\":\"Accueil\",\"item\":\"https:\/\/iutdijon.u-bourgogne.fr\/www\/\"},{\"@type\":\"ListItem\",\"position\":2,\"name\":\"Actualit\\u00e9s\",\"item\":\"https:\/\/iutdijon.u-bourgogne.fr\/www\/category\/actualites\"},{\"@type\":\"ListItem\",\"position\":3,\"name\":\"Don du sang GACO x EFS : un bilan tr\\u00e8s positif !\"}]},{\"@type\":\"Person\",\"@id\":\"https:\/\/iutdijon.u-bourgogne.fr\/www\/#\/schema\/person\/fc0840e606b0fe8198fbc1fc38f254b7\",\"name\":\"Jeanne-Marie BORDELOT\",\"image\":{\"@type\":\"ImageObject\",\"@id\":\"https:\/\/iutdijon.u-bourgogne.fr\/www\/#personlogo\",\"inLanguage\":\"fr-FR\",\"url\":\"https:\/\/secure.gravatar.com\/avatar\/aba6f04b7ddaa95d23b791bf7fe581fc?s=96&d=mm&r=g\",\"contentUrl\":\"https:\/\/secure.gravatar.com\/avatar\/aba6f04b7ddaa95d23b791bf7fe581fc?s=96&d=mm&r=g\",\"caption\":\"Jeanne-Marie BORDELOT\"},\"url\":\"https:\/\/iutdijon.u-bourgogne.fr\/www\/author\/jmbord\"}]}<\/script>\n<!-- \/ Yoast SEO plugin. -->","yoast_head_json":{"robots":{"index":"index","follow":"follow","max-snippet":"max-snippet:-1","max-image-preview":"max-image-preview:large","max-video-preview":"max-video-preview:-1"},"canonical":"https:\/\/iutdijon.u-bourgogne.fr\/www\/actualites\/don-du-sang-gaco-x-efs-un-bilan-tres-positif.html","og_locale":"fr_FR","og_type":"article","og_title":"Don du sang GACO x EFS : un bilan tr\u00e8s positif ! &gt; IUT Dijon-Auxerre-Nevers","og_description":"L&rsquo;op\u00e9ration de don du sang organis\u00e9e par les \u00e9tudiantes de GACO le 12 d\u00e9cembre en association avec l&rsquo;EFS a permis de mobiliser de nombreux \u00e9tudiants et personnels ! En effet, si l&rsquo;EFS&hellip;","og_url":"https:\/\/iutdijon.u-bourgogne.fr\/www\/actualites\/don-du-sang-gaco-x-efs-un-bilan-tres-positif.html","og_site_name":"IUT Dijon-Auxerre-Nevers","article_published_time":"2023-12-21T08:27:25+00:00","article_modified_time":"2023-12-21T08:27:50+00:00","og_image":[{"width":800,"height":532,"url":"https:\/\/iutdijon.u-bourgogne.fr\/www\/wp-content\/uploads\/2023\/12\/IMAG_merci_don_sang_gaco.jpg","path":"\/var\/www\/html\/www\/wp-content\/uploads\/2023\/12\/IMAG_merci_don_sang_gaco.jpg","size":"full","id":12805,"alt":"","pixels":425600,"type":"image\/jpeg"}],"twitter_card":"summary_large_image","twitter_misc":{"\u00c9crit par":"Jeanne-Marie BORDELOT"},"schema":{"@context":"https:\/\/schema.org","@graph":[{"@type":"WebSite","@id":"https:\/\/iutdijon.u-bourgogne.fr\/www\/#website","url":"https:\/\/iutdijon.u-bourgogne.fr\/www\/","name":"IUT Dijon-Auxerre-Nevers","description":"L&#039;IUT Dijon-Auxerre-Nevers propose des formations post-bac dans les secteurs Informatique, Tertiaire et Industriel. Il d\u00e9livre des dipl\u00f4mes \u00e0 Bac+3 (Bachelors Universitaires de Technologie ou Licences Professionnelles).","potentialAction":[{"@type":"SearchAction","target":{"@type":"EntryPoint","urlTemplate":"https:\/\/iutdijon.u-bourgogne.fr\/www\/?s={search_term_string}"},"query-input":"required name=search_term_string"}],"inLanguage":"fr-FR"},{"@type":"ImageObject","@id":"https:\/\/iutdijon.u-bourgogne.fr\/www\/actualites\/don-du-sang-gaco-x-efs-un-bilan-tres-positif.html#primaryimage","inLanguage":"fr-FR","url":"https:\/\/iutdijon.u-bourgogne.fr\/www\/wp-content\/uploads\/2023\/12\/IMAG_merci_don_sang_gaco.jpg","contentUrl":"https:\/\/iutdijon.u-bourgogne.fr\/www\/wp-content\/uploads\/2023\/12\/IMAG_merci_don_sang_gaco.jpg","width":800,"height":532},{"@type":"WebPage","@id":"https:\/\/iutdijon.u-bourgogne.fr\/www\/actualites\/don-du-sang-gaco-x-efs-un-bilan-tres-positif.html#webpage","url":"https:\/\/iutdijon.u-bourgogne.fr\/www\/actualites\/don-du-sang-gaco-x-efs-un-bilan-tres-positif.html","name":"Don du sang GACO x EFS : un bilan tr\u00e8s positif ! &gt; IUT Dijon-Auxerre-Nevers","isPartOf":{"@id":"https:\/\/iutdijon.u-bourgogne.fr\/www\/#website"},"primaryImageOfPage":{"@id":"https:\/\/iutdijon.u-bourgogne.fr\/www\/actualites\/don-du-sang-gaco-x-efs-un-bilan-tres-positif.html#primaryimage"},"datePublished":"2023-12-21T08:27:25+00:00","dateModified":"2023-12-21T08:27:50+00:00","author":{"@id":"https:\/\/iutdijon.u-bourgogne.fr\/www\/#\/schema\/person\/fc0840e606b0fe8198fbc1fc38f254b7"},"breadcrumb":{"@id":"https:\/\/iutdijon.u-bourgogne.fr\/www\/actualites\/don-du-sang-gaco-x-efs-un-bilan-tres-positif.html#breadcrumb"},"inLanguage":"fr-FR","potentialAction":[{"@type":"ReadAction","target":["https:\/\/iutdijon.u-bourgogne.fr\/www\/actualites\/don-du-sang-gaco-x-efs-un-bilan-tres-positif.html"]}]},{"@type":"BreadcrumbList","@id":"https:\/\/iutdijon.u-bourgogne.fr\/www\/actualites\/don-du-sang-gaco-x-efs-un-bilan-tres-positif.html#breadcrumb","itemListElement":[{"@type":"ListItem","position":1,"name":"Accueil","item":"https:\/\/iutdijon.u-bourgogne.fr\/www\/"},{"@type":"ListItem","position":2,"name":"Actualit\u00e9s","item":"https:\/\/iutdijon.u-bourgogne.fr\/www\/category\/actualites"},{"@type":"ListItem","position":3,"name":"Don du sang GACO x EFS : un bilan tr\u00e8s positif !"}]},{"@type":"Person","@id":"https:\/\/iutdijon.u-bourgogne.fr\/www\/#\/schema\/person\/fc0840e606b0fe8198fbc1fc38f254b7","name":"Jeanne-Marie BORDELOT","image":{"@type":"ImageObject","@id":"https:\/\/iutdijon.u-bourgogne.fr\/www\/#personlogo","inLanguage":"fr-FR","url":"https:\/\/secure.gravatar.com\/avatar\/aba6f04b7ddaa95d23b791bf7fe581fc?s=96&d=mm&r=g","contentUrl":"https:\/\/secure.gravatar.com\/avatar\/aba6f04b7ddaa95d23b791bf7fe581fc?s=96&d=mm&r=g","caption":"Jeanne-Marie BORDELOT"},"url":"https:\/\/iutdijon.u-bourgogne.fr\/www\/author\/jmbord"}]}},"modified_by":"Jeanne-Marie BORDELOT","_links":{"self":[{"href":"https:\/\/iutdijon.u-bourgogne.fr\/www\/wp-json\/wp\/v2\/posts\/12804"}],"collection":[{"href":"https:\/\/iutdijon.u-bourgogne.fr\/www\/wp-json\/wp\/v2\/posts"}],"about":[{"href":"https:\/\/iutdijon.u-bourgogne.fr\/www\/wp-json\/wp\/v2\/types\/post"}],"author":[{"embeddable":true,"href":"https:\/\/iutdijon.u-bourgogne.fr\/www\/wp-json\/wp\/v2\/users\/3185"}],"replies":[{"embeddable":true,"href":"https:\/\/iutdijon.u-bourgogne.fr\/www\/wp-json\/wp\/v2\/comments?post=12804"}],"version-history":[{"count":2,"href":"https:\/\/iutdijon.u-bourgogne.fr\/www\/wp-json\/wp\/v2\/posts\/12804\/revisions"}],"predecessor-version":[{"id":12807,"href":"https:\/\/iutdijon.u-bourgogne.fr\/www\/wp-json\/wp\/v2\/posts\/12804\/revisions\/12807"}],"wp:featuredmedia":[{"embeddable":true,"href":"https:\/\/iutdijon.u-bourgogne.fr\/www\/wp-json\/wp\/v2\/media\/12805"}],"wp:attachment":[{"href":"https:\/\/iutdijon.u-bourgogne.fr\/www\/wp-json\/wp\/v2\/media?parent=12804"}],"wp:term":[{"taxonomy":"category","embeddable":true,"href":"https:\/\/iutdijon.u-bourgogne.fr\/www\/wp-json\/wp\/v2\/categories?post=12804"},{"taxonomy":"post_tag","embeddable":true,"href":"https:\/\/iutdijon.u-bourgogne.fr\/www\/wp-json\/wp\/v2\/tags?post=12804"}],"curies":[{"name":"wp","href":"https:\/\/api.w.org\/{rel}","templated":true}]}}