{"id":12737,"date":"2023-11-22T08:00:55","date_gmt":"2023-11-22T07:00:55","guid":{"rendered":"https:\/\/iutdijon.u-bourgogne.fr\/www\/?p=12737"},"modified":"2023-11-21T18:19:51","modified_gmt":"2023-11-21T17:19:51","slug":"luniversite-du-quebec-a-chicoutimi-en-visite-a-liut-de-futurs-partenariats-internationaux-pour-nos-etudiants","status":"publish","type":"post","link":"https:\/\/iutdijon.u-bourgogne.fr\/www\/actualites\/luniversite-du-quebec-a-chicoutimi-en-visite-a-liut-de-futurs-partenariats-internationaux-pour-nos-etudiants.html","title":{"rendered":"L&rsquo;universit\u00e9 du Qu\u00e9bec \u00e0 Chicoutimi en visite \u00e0 l&rsquo;IUT : de futurs partenariats internationaux pour nos \u00e9tudiants"},"content":{"rendered":"<section class=\"kc-elm kc-css-885228 kc_row\"><div class=\"kc-row-container  kc-container\"><div class=\"kc-wrap-columns\"><div class=\"kc-elm kc-css-893974 kc_col-sm-12 kc_column kc_col-sm-12\"><div class=\"kc-col-container\"><div class=\"kc-elm kc-css-143251 kc_text_block\"><\/p>\n<p><span class=\"chapo\">En novembre, nous avons re\u00e7u Marie- Alix Autet de l&rsquo;universit\u00e9 du Qu\u00e9bec \u00e0 Chicoutimi pour \u00e9voquer les \u00e9changes possibles pour les \u00e9tudiants de nos deux \u00e9tablissements.<\/span><\/p>\n<p>Cette visite, sous le signe de la convivialit\u00e9 avec de nombreuses visites touristiques (Notre-Dame de Dijon, le mus\u00e9e de la Vie Bourguignonne, la Chouette&#8230;), a permis de trouver des points communs entre les programmes de formation de l&rsquo;IUT et de l&rsquo;UQAC qui permettront sans doute aux \u00e9tudiants dijonnais d&rsquo;effectuer une partie de leur cursus au Qu\u00e9bec et inversement.<\/p>\n<p>\n<\/div><\/div><\/div><\/div><\/div><\/section>\n","protected":false},"excerpt":{"rendered":"<p>&hellip;<\/p>\n","protected":false},"author":3185,"featured_media":12738,"comment_status":"open","ping_status":"open","sticky":false,"template":"","format":"standard","meta":{"_lmt_disableupdate":"","_lmt_disable":""},"categories":[458],"tags":[],"acf":[],"yoast_head":"<!-- This site is optimized with the Yoast SEO plugin v17.2 - https:\/\/yoast.com\/wordpress\/plugins\/seo\/ -->\n<meta name=\"robots\" content=\"index, follow, max-snippet:-1, max-image-preview:large, max-video-preview:-1\" \/>\n<link rel=\"canonical\" href=\"https:\/\/iutdijon.u-bourgogne.fr\/www\/actualites\/luniversite-du-quebec-a-chicoutimi-en-visite-a-liut-de-futurs-partenariats-internationaux-pour-nos-etudiants.html\" \/>\n<meta property=\"og:locale\" content=\"fr_FR\" \/>\n<meta property=\"og:type\" content=\"article\" \/>\n<meta property=\"og:title\" content=\"L&#039;universit\u00e9 du Qu\u00e9bec \u00e0 Chicoutimi en visite \u00e0 l&#039;IUT : de futurs partenariats internationaux pour nos \u00e9tudiants &gt; IUT Dijon-Auxerre-Nevers\" \/>\n<meta property=\"og:description\" content=\"En novembre, nous avons re\u00e7u Marie- Alix Autet de l&rsquo;universit\u00e9 du Qu\u00e9bec \u00e0 Chicoutimi pour \u00e9voquer les \u00e9changes possibles pour les \u00e9tudiants de nos deux \u00e9tablissements. Cette visite, sous le signe de&hellip;\" \/>\n<meta property=\"og:url\" content=\"https:\/\/iutdijon.u-bourgogne.fr\/www\/actualites\/luniversite-du-quebec-a-chicoutimi-en-visite-a-liut-de-futurs-partenariats-internationaux-pour-nos-etudiants.html\" \/>\n<meta property=\"og:site_name\" content=\"IUT Dijon-Auxerre-Nevers\" \/>\n<meta property=\"article:published_time\" content=\"2023-11-22T07:00:55+00:00\" \/>\n<meta property=\"article:modified_time\" content=\"2023-11-21T17:19:51+00:00\" \/>\n<meta property=\"og:image\" content=\"https:\/\/iutdijon.u-bourgogne.fr\/www\/wp-content\/uploads\/2023\/11\/IMAG_uqac_dijon.jpg\" \/>\n\t<meta property=\"og:image:width\" content=\"800\" \/>\n\t<meta property=\"og:image:height\" content=\"532\" \/>\n<meta name=\"twitter:card\" content=\"summary_large_image\" \/>\n<meta name=\"twitter:label1\" content=\"\u00c9crit par\" \/>\n\t<meta name=\"twitter:data1\" content=\"Jeanne-Marie BORDELOT\" \/>\n<script type=\"application\/ld+json\" class=\"yoast-schema-graph\">{\"@context\":\"https:\/\/schema.org\",\"@graph\":[{\"@type\":\"WebSite\",\"@id\":\"https:\/\/iutdijon.u-bourgogne.fr\/www\/#website\",\"url\":\"https:\/\/iutdijon.u-bourgogne.fr\/www\/\",\"name\":\"IUT Dijon-Auxerre-Nevers\",\"description\":\"L&#039;IUT Dijon-Auxerre-Nevers propose des formations post-bac dans les secteurs Informatique, Tertiaire et Industriel. Il d\\u00e9livre des dipl\\u00f4mes \\u00e0 Bac+3 (Bachelors Universitaires de Technologie ou Licences Professionnelles).\",\"potentialAction\":[{\"@type\":\"SearchAction\",\"target\":{\"@type\":\"EntryPoint\",\"urlTemplate\":\"https:\/\/iutdijon.u-bourgogne.fr\/www\/?s={search_term_string}\"},\"query-input\":\"required name=search_term_string\"}],\"inLanguage\":\"fr-FR\"},{\"@type\":\"ImageObject\",\"@id\":\"https:\/\/iutdijon.u-bourgogne.fr\/www\/actualites\/luniversite-du-quebec-a-chicoutimi-en-visite-a-liut-de-futurs-partenariats-internationaux-pour-nos-etudiants.html#primaryimage\",\"inLanguage\":\"fr-FR\",\"url\":\"https:\/\/iutdijon.u-bourgogne.fr\/www\/wp-content\/uploads\/2023\/11\/IMAG_uqac_dijon.jpg\",\"contentUrl\":\"https:\/\/iutdijon.u-bourgogne.fr\/www\/wp-content\/uploads\/2023\/11\/IMAG_uqac_dijon.jpg\",\"width\":800,\"height\":532},{\"@type\":\"WebPage\",\"@id\":\"https:\/\/iutdijon.u-bourgogne.fr\/www\/actualites\/luniversite-du-quebec-a-chicoutimi-en-visite-a-liut-de-futurs-partenariats-internationaux-pour-nos-etudiants.html#webpage\",\"url\":\"https:\/\/iutdijon.u-bourgogne.fr\/www\/actualites\/luniversite-du-quebec-a-chicoutimi-en-visite-a-liut-de-futurs-partenariats-internationaux-pour-nos-etudiants.html\",\"name\":\"L'universit\\u00e9 du Qu\\u00e9bec \\u00e0 Chicoutimi en visite \\u00e0 l'IUT : de futurs partenariats internationaux pour nos \\u00e9tudiants &gt; IUT Dijon-Auxerre-Nevers\",\"isPartOf\":{\"@id\":\"https:\/\/iutdijon.u-bourgogne.fr\/www\/#website\"},\"primaryImageOfPage\":{\"@id\":\"https:\/\/iutdijon.u-bourgogne.fr\/www\/actualites\/luniversite-du-quebec-a-chicoutimi-en-visite-a-liut-de-futurs-partenariats-internationaux-pour-nos-etudiants.html#primaryimage\"},\"datePublished\":\"2023-11-22T07:00:55+00:00\",\"dateModified\":\"2023-11-21T17:19:51+00:00\",\"author\":{\"@id\":\"https:\/\/iutdijon.u-bourgogne.fr\/www\/#\/schema\/person\/fc0840e606b0fe8198fbc1fc38f254b7\"},\"breadcrumb\":{\"@id\":\"https:\/\/iutdijon.u-bourgogne.fr\/www\/actualites\/luniversite-du-quebec-a-chicoutimi-en-visite-a-liut-de-futurs-partenariats-internationaux-pour-nos-etudiants.html#breadcrumb\"},\"inLanguage\":\"fr-FR\",\"potentialAction\":[{\"@type\":\"ReadAction\",\"target\":[\"https:\/\/iutdijon.u-bourgogne.fr\/www\/actualites\/luniversite-du-quebec-a-chicoutimi-en-visite-a-liut-de-futurs-partenariats-internationaux-pour-nos-etudiants.html\"]}]},{\"@type\":\"BreadcrumbList\",\"@id\":\"https:\/\/iutdijon.u-bourgogne.fr\/www\/actualites\/luniversite-du-quebec-a-chicoutimi-en-visite-a-liut-de-futurs-partenariats-internationaux-pour-nos-etudiants.html#breadcrumb\",\"itemListElement\":[{\"@type\":\"ListItem\",\"position\":1,\"name\":\"Accueil\",\"item\":\"https:\/\/iutdijon.u-bourgogne.fr\/www\/\"},{\"@type\":\"ListItem\",\"position\":2,\"name\":\"Actualit\\u00e9s\",\"item\":\"https:\/\/iutdijon.u-bourgogne.fr\/www\/category\/actualites\"},{\"@type\":\"ListItem\",\"position\":3,\"name\":\"L&rsquo;universit\\u00e9 du Qu\\u00e9bec \\u00e0 Chicoutimi en visite \\u00e0 l&rsquo;IUT : de futurs partenariats internationaux pour nos \\u00e9tudiants\"}]},{\"@type\":\"Person\",\"@id\":\"https:\/\/iutdijon.u-bourgogne.fr\/www\/#\/schema\/person\/fc0840e606b0fe8198fbc1fc38f254b7\",\"name\":\"Jeanne-Marie BORDELOT\",\"image\":{\"@type\":\"ImageObject\",\"@id\":\"https:\/\/iutdijon.u-bourgogne.fr\/www\/#personlogo\",\"inLanguage\":\"fr-FR\",\"url\":\"https:\/\/secure.gravatar.com\/avatar\/aba6f04b7ddaa95d23b791bf7fe581fc?s=96&d=mm&r=g\",\"contentUrl\":\"https:\/\/secure.gravatar.com\/avatar\/aba6f04b7ddaa95d23b791bf7fe581fc?s=96&d=mm&r=g\",\"caption\":\"Jeanne-Marie BORDELOT\"},\"url\":\"https:\/\/iutdijon.u-bourgogne.fr\/www\/author\/jmbord\"}]}<\/script>\n<!-- \/ Yoast SEO plugin. -->","yoast_head_json":{"robots":{"index":"index","follow":"follow","max-snippet":"max-snippet:-1","max-image-preview":"max-image-preview:large","max-video-preview":"max-video-preview:-1"},"canonical":"https:\/\/iutdijon.u-bourgogne.fr\/www\/actualites\/luniversite-du-quebec-a-chicoutimi-en-visite-a-liut-de-futurs-partenariats-internationaux-pour-nos-etudiants.html","og_locale":"fr_FR","og_type":"article","og_title":"L'universit\u00e9 du Qu\u00e9bec \u00e0 Chicoutimi en visite \u00e0 l'IUT : de futurs partenariats internationaux pour nos \u00e9tudiants &gt; IUT Dijon-Auxerre-Nevers","og_description":"En novembre, nous avons re\u00e7u Marie- Alix Autet de l&rsquo;universit\u00e9 du Qu\u00e9bec \u00e0 Chicoutimi pour \u00e9voquer les \u00e9changes possibles pour les \u00e9tudiants de nos deux \u00e9tablissements. Cette visite, sous le signe de&hellip;","og_url":"https:\/\/iutdijon.u-bourgogne.fr\/www\/actualites\/luniversite-du-quebec-a-chicoutimi-en-visite-a-liut-de-futurs-partenariats-internationaux-pour-nos-etudiants.html","og_site_name":"IUT Dijon-Auxerre-Nevers","article_published_time":"2023-11-22T07:00:55+00:00","article_modified_time":"2023-11-21T17:19:51+00:00","og_image":[{"width":800,"height":532,"url":"https:\/\/iutdijon.u-bourgogne.fr\/www\/wp-content\/uploads\/2023\/11\/IMAG_uqac_dijon.jpg","path":"\/var\/www\/html\/www\/wp-content\/uploads\/2023\/11\/IMAG_uqac_dijon.jpg","size":"full","id":12738,"alt":"","pixels":425600,"type":"image\/jpeg"}],"twitter_card":"summary_large_image","twitter_misc":{"\u00c9crit par":"Jeanne-Marie BORDELOT"},"schema":{"@context":"https:\/\/schema.org","@graph":[{"@type":"WebSite","@id":"https:\/\/iutdijon.u-bourgogne.fr\/www\/#website","url":"https:\/\/iutdijon.u-bourgogne.fr\/www\/","name":"IUT Dijon-Auxerre-Nevers","description":"L&#039;IUT Dijon-Auxerre-Nevers propose des formations post-bac dans les secteurs Informatique, Tertiaire et Industriel. Il d\u00e9livre des dipl\u00f4mes \u00e0 Bac+3 (Bachelors Universitaires de Technologie ou Licences Professionnelles).","potentialAction":[{"@type":"SearchAction","target":{"@type":"EntryPoint","urlTemplate":"https:\/\/iutdijon.u-bourgogne.fr\/www\/?s={search_term_string}"},"query-input":"required name=search_term_string"}],"inLanguage":"fr-FR"},{"@type":"ImageObject","@id":"https:\/\/iutdijon.u-bourgogne.fr\/www\/actualites\/luniversite-du-quebec-a-chicoutimi-en-visite-a-liut-de-futurs-partenariats-internationaux-pour-nos-etudiants.html#primaryimage","inLanguage":"fr-FR","url":"https:\/\/iutdijon.u-bourgogne.fr\/www\/wp-content\/uploads\/2023\/11\/IMAG_uqac_dijon.jpg","contentUrl":"https:\/\/iutdijon.u-bourgogne.fr\/www\/wp-content\/uploads\/2023\/11\/IMAG_uqac_dijon.jpg","width":800,"height":532},{"@type":"WebPage","@id":"https:\/\/iutdijon.u-bourgogne.fr\/www\/actualites\/luniversite-du-quebec-a-chicoutimi-en-visite-a-liut-de-futurs-partenariats-internationaux-pour-nos-etudiants.html#webpage","url":"https:\/\/iutdijon.u-bourgogne.fr\/www\/actualites\/luniversite-du-quebec-a-chicoutimi-en-visite-a-liut-de-futurs-partenariats-internationaux-pour-nos-etudiants.html","name":"L'universit\u00e9 du Qu\u00e9bec \u00e0 Chicoutimi en visite \u00e0 l'IUT : de futurs partenariats internationaux pour nos \u00e9tudiants &gt; IUT Dijon-Auxerre-Nevers","isPartOf":{"@id":"https:\/\/iutdijon.u-bourgogne.fr\/www\/#website"},"primaryImageOfPage":{"@id":"https:\/\/iutdijon.u-bourgogne.fr\/www\/actualites\/luniversite-du-quebec-a-chicoutimi-en-visite-a-liut-de-futurs-partenariats-internationaux-pour-nos-etudiants.html#primaryimage"},"datePublished":"2023-11-22T07:00:55+00:00","dateModified":"2023-11-21T17:19:51+00:00","author":{"@id":"https:\/\/iutdijon.u-bourgogne.fr\/www\/#\/schema\/person\/fc0840e606b0fe8198fbc1fc38f254b7"},"breadcrumb":{"@id":"https:\/\/iutdijon.u-bourgogne.fr\/www\/actualites\/luniversite-du-quebec-a-chicoutimi-en-visite-a-liut-de-futurs-partenariats-internationaux-pour-nos-etudiants.html#breadcrumb"},"inLanguage":"fr-FR","potentialAction":[{"@type":"ReadAction","target":["https:\/\/iutdijon.u-bourgogne.fr\/www\/actualites\/luniversite-du-quebec-a-chicoutimi-en-visite-a-liut-de-futurs-partenariats-internationaux-pour-nos-etudiants.html"]}]},{"@type":"BreadcrumbList","@id":"https:\/\/iutdijon.u-bourgogne.fr\/www\/actualites\/luniversite-du-quebec-a-chicoutimi-en-visite-a-liut-de-futurs-partenariats-internationaux-pour-nos-etudiants.html#breadcrumb","itemListElement":[{"@type":"ListItem","position":1,"name":"Accueil","item":"https:\/\/iutdijon.u-bourgogne.fr\/www\/"},{"@type":"ListItem","position":2,"name":"Actualit\u00e9s","item":"https:\/\/iutdijon.u-bourgogne.fr\/www\/category\/actualites"},{"@type":"ListItem","position":3,"name":"L&rsquo;universit\u00e9 du Qu\u00e9bec \u00e0 Chicoutimi en visite \u00e0 l&rsquo;IUT : de futurs partenariats internationaux pour nos \u00e9tudiants"}]},{"@type":"Person","@id":"https:\/\/iutdijon.u-bourgogne.fr\/www\/#\/schema\/person\/fc0840e606b0fe8198fbc1fc38f254b7","name":"Jeanne-Marie BORDELOT","image":{"@type":"ImageObject","@id":"https:\/\/iutdijon.u-bourgogne.fr\/www\/#personlogo","inLanguage":"fr-FR","url":"https:\/\/secure.gravatar.com\/avatar\/aba6f04b7ddaa95d23b791bf7fe581fc?s=96&d=mm&r=g","contentUrl":"https:\/\/secure.gravatar.com\/avatar\/aba6f04b7ddaa95d23b791bf7fe581fc?s=96&d=mm&r=g","caption":"Jeanne-Marie BORDELOT"},"url":"https:\/\/iutdijon.u-bourgogne.fr\/www\/author\/jmbord"}]}},"modified_by":"Jeanne-Marie BORDELOT","_links":{"self":[{"href":"https:\/\/iutdijon.u-bourgogne.fr\/www\/wp-json\/wp\/v2\/posts\/12737"}],"collection":[{"href":"https:\/\/iutdijon.u-bourgogne.fr\/www\/wp-json\/wp\/v2\/posts"}],"about":[{"href":"https:\/\/iutdijon.u-bourgogne.fr\/www\/wp-json\/wp\/v2\/types\/post"}],"author":[{"embeddable":true,"href":"https:\/\/iutdijon.u-bourgogne.fr\/www\/wp-json\/wp\/v2\/users\/3185"}],"replies":[{"embeddable":true,"href":"https:\/\/iutdijon.u-bourgogne.fr\/www\/wp-json\/wp\/v2\/comments?post=12737"}],"version-history":[{"count":1,"href":"https:\/\/iutdijon.u-bourgogne.fr\/www\/wp-json\/wp\/v2\/posts\/12737\/revisions"}],"predecessor-version":[{"id":12739,"href":"https:\/\/iutdijon.u-bourgogne.fr\/www\/wp-json\/wp\/v2\/posts\/12737\/revisions\/12739"}],"wp:featuredmedia":[{"embeddable":true,"href":"https:\/\/iutdijon.u-bourgogne.fr\/www\/wp-json\/wp\/v2\/media\/12738"}],"wp:attachment":[{"href":"https:\/\/iutdijon.u-bourgogne.fr\/www\/wp-json\/wp\/v2\/media?parent=12737"}],"wp:term":[{"taxonomy":"category","embeddable":true,"href":"https:\/\/iutdijon.u-bourgogne.fr\/www\/wp-json\/wp\/v2\/categories?post=12737"},{"taxonomy":"post_tag","embeddable":true,"href":"https:\/\/iutdijon.u-bourgogne.fr\/www\/wp-json\/wp\/v2\/tags?post=12737"}],"curies":[{"name":"wp","href":"https:\/\/api.w.org\/{rel}","templated":true}]}}