{"id":12734,"date":"2023-11-21T17:51:48","date_gmt":"2023-11-21T16:51:48","guid":{"rendered":"https:\/\/iutdijon.u-bourgogne.fr\/www\/?p=12734"},"modified":"2023-11-21T17:51:48","modified_gmt":"2023-11-21T16:51:48","slug":"des-fourmis-dans-les-jambes-vite-rendez-vous-au-forum-explore-le-monde","status":"publish","type":"post","link":"https:\/\/iutdijon.u-bourgogne.fr\/www\/actualites\/des-fourmis-dans-les-jambes-vite-rendez-vous-au-forum-explore-le-monde.html","title":{"rendered":"Des fourmis dans les jambes ? Vite rendez-vous au forum Explore le monde !"},"content":{"rendered":"<section class=\"kc-elm kc-css-497670 kc_row\"><div class=\"kc-row-container  kc-container\"><div class=\"kc-wrap-columns\"><div class=\"kc-elm kc-css-127507 kc_col-sm-12 kc_column kc_col-sm-12\"><div class=\"kc-col-container\"><div class=\"kc-elm kc-css-357607 kc_text_block\"><\/p>\n<p><span class=\"chapo\">Le 6 d\u00e9cembre 2023, de 9h \u00e0 19h dans la Grande Orangerie du jardin de l&rsquo;Arquebuse \u00e0 Dijon trouvez les clefs pour pr\u00e9parer votre d\u00e9part \u00e0 l&rsquo;international.<\/span><\/p>\n<p>Le programme tr\u00e8s riche vous permettra de construire votre projet de mobilit\u00e9, de rencontrer les acteurs de la mobilit\u00e9 et des jeunes voyageurs.<\/p>\n<p>Pour tout savoir sur ce forum, rendez-vous sur le <a href=\"https:\/\/www.agitateursdemobilite.fr\/actualite\/explore-le-monde-le-forum-pour-partir-a-letranger-le-6-decembre-2023\" target=\"_blank\" title=\"Nouvelle fen\u00eatre : Agitateurs de mobilit\u00e9\" rel=\"noopener\">site des Agitateurs de Mobilit\u00e9<\/a>.<\/p>\n<p>\n<\/div><\/div><\/div><\/div><\/div><\/section>\n","protected":false},"excerpt":{"rendered":"<p>&hellip;<\/p>\n","protected":false},"author":3185,"featured_media":12735,"comment_status":"open","ping_status":"open","sticky":false,"template":"","format":"standard","meta":{"_lmt_disableupdate":"","_lmt_disable":""},"categories":[458],"tags":[],"acf":[],"yoast_head":"<!-- This site is optimized with the Yoast SEO plugin v17.2 - https:\/\/yoast.com\/wordpress\/plugins\/seo\/ -->\n<meta name=\"robots\" content=\"index, follow, max-snippet:-1, max-image-preview:large, max-video-preview:-1\" \/>\n<link rel=\"canonical\" href=\"https:\/\/iutdijon.u-bourgogne.fr\/www\/actualites\/des-fourmis-dans-les-jambes-vite-rendez-vous-au-forum-explore-le-monde.html\" \/>\n<meta property=\"og:locale\" content=\"fr_FR\" \/>\n<meta property=\"og:type\" content=\"article\" \/>\n<meta property=\"og:title\" content=\"Des fourmis dans les jambes ? Vite rendez-vous au forum Explore le monde ! &gt; IUT Dijon-Auxerre-Nevers\" \/>\n<meta property=\"og:description\" content=\"Le 6 d\u00e9cembre 2023, de 9h \u00e0 19h dans la Grande Orangerie du jardin de l&rsquo;Arquebuse \u00e0 Dijon trouvez les clefs pour pr\u00e9parer votre d\u00e9part \u00e0 l&rsquo;international. Le programme tr\u00e8s riche vous&hellip;\" \/>\n<meta property=\"og:url\" content=\"https:\/\/iutdijon.u-bourgogne.fr\/www\/actualites\/des-fourmis-dans-les-jambes-vite-rendez-vous-au-forum-explore-le-monde.html\" \/>\n<meta property=\"og:site_name\" content=\"IUT Dijon-Auxerre-Nevers\" \/>\n<meta property=\"article:published_time\" content=\"2023-11-21T16:51:48+00:00\" \/>\n<meta property=\"og:image\" content=\"https:\/\/iutdijon.u-bourgogne.fr\/www\/wp-content\/uploads\/2023\/11\/IMAG_forum_explore_le_monde.jpg\" \/>\n\t<meta property=\"og:image:width\" content=\"800\" \/>\n\t<meta property=\"og:image:height\" content=\"532\" \/>\n<meta name=\"twitter:card\" content=\"summary_large_image\" \/>\n<meta name=\"twitter:label1\" content=\"\u00c9crit par\" \/>\n\t<meta name=\"twitter:data1\" content=\"Jeanne-Marie BORDELOT\" \/>\n<script type=\"application\/ld+json\" class=\"yoast-schema-graph\">{\"@context\":\"https:\/\/schema.org\",\"@graph\":[{\"@type\":\"WebSite\",\"@id\":\"https:\/\/iutdijon.u-bourgogne.fr\/www\/#website\",\"url\":\"https:\/\/iutdijon.u-bourgogne.fr\/www\/\",\"name\":\"IUT Dijon-Auxerre-Nevers\",\"description\":\"L&#039;IUT Dijon-Auxerre-Nevers propose des formations post-bac dans les secteurs Informatique, Tertiaire et Industriel. Il d\\u00e9livre des dipl\\u00f4mes \\u00e0 Bac+3 (Bachelors Universitaires de Technologie ou Licences Professionnelles).\",\"potentialAction\":[{\"@type\":\"SearchAction\",\"target\":{\"@type\":\"EntryPoint\",\"urlTemplate\":\"https:\/\/iutdijon.u-bourgogne.fr\/www\/?s={search_term_string}\"},\"query-input\":\"required name=search_term_string\"}],\"inLanguage\":\"fr-FR\"},{\"@type\":\"ImageObject\",\"@id\":\"https:\/\/iutdijon.u-bourgogne.fr\/www\/actualites\/des-fourmis-dans-les-jambes-vite-rendez-vous-au-forum-explore-le-monde.html#primaryimage\",\"inLanguage\":\"fr-FR\",\"url\":\"https:\/\/iutdijon.u-bourgogne.fr\/www\/wp-content\/uploads\/2023\/11\/IMAG_forum_explore_le_monde.jpg\",\"contentUrl\":\"https:\/\/iutdijon.u-bourgogne.fr\/www\/wp-content\/uploads\/2023\/11\/IMAG_forum_explore_le_monde.jpg\",\"width\":800,\"height\":532},{\"@type\":\"WebPage\",\"@id\":\"https:\/\/iutdijon.u-bourgogne.fr\/www\/actualites\/des-fourmis-dans-les-jambes-vite-rendez-vous-au-forum-explore-le-monde.html#webpage\",\"url\":\"https:\/\/iutdijon.u-bourgogne.fr\/www\/actualites\/des-fourmis-dans-les-jambes-vite-rendez-vous-au-forum-explore-le-monde.html\",\"name\":\"Des fourmis dans les jambes ? Vite rendez-vous au forum Explore le monde ! &gt; IUT Dijon-Auxerre-Nevers\",\"isPartOf\":{\"@id\":\"https:\/\/iutdijon.u-bourgogne.fr\/www\/#website\"},\"primaryImageOfPage\":{\"@id\":\"https:\/\/iutdijon.u-bourgogne.fr\/www\/actualites\/des-fourmis-dans-les-jambes-vite-rendez-vous-au-forum-explore-le-monde.html#primaryimage\"},\"datePublished\":\"2023-11-21T16:51:48+00:00\",\"dateModified\":\"2023-11-21T16:51:48+00:00\",\"author\":{\"@id\":\"https:\/\/iutdijon.u-bourgogne.fr\/www\/#\/schema\/person\/fc0840e606b0fe8198fbc1fc38f254b7\"},\"breadcrumb\":{\"@id\":\"https:\/\/iutdijon.u-bourgogne.fr\/www\/actualites\/des-fourmis-dans-les-jambes-vite-rendez-vous-au-forum-explore-le-monde.html#breadcrumb\"},\"inLanguage\":\"fr-FR\",\"potentialAction\":[{\"@type\":\"ReadAction\",\"target\":[\"https:\/\/iutdijon.u-bourgogne.fr\/www\/actualites\/des-fourmis-dans-les-jambes-vite-rendez-vous-au-forum-explore-le-monde.html\"]}]},{\"@type\":\"BreadcrumbList\",\"@id\":\"https:\/\/iutdijon.u-bourgogne.fr\/www\/actualites\/des-fourmis-dans-les-jambes-vite-rendez-vous-au-forum-explore-le-monde.html#breadcrumb\",\"itemListElement\":[{\"@type\":\"ListItem\",\"position\":1,\"name\":\"Accueil\",\"item\":\"https:\/\/iutdijon.u-bourgogne.fr\/www\/\"},{\"@type\":\"ListItem\",\"position\":2,\"name\":\"Actualit\\u00e9s\",\"item\":\"https:\/\/iutdijon.u-bourgogne.fr\/www\/category\/actualites\"},{\"@type\":\"ListItem\",\"position\":3,\"name\":\"Des fourmis dans les jambes ? Vite rendez-vous au forum Explore le monde !\"}]},{\"@type\":\"Person\",\"@id\":\"https:\/\/iutdijon.u-bourgogne.fr\/www\/#\/schema\/person\/fc0840e606b0fe8198fbc1fc38f254b7\",\"name\":\"Jeanne-Marie BORDELOT\",\"image\":{\"@type\":\"ImageObject\",\"@id\":\"https:\/\/iutdijon.u-bourgogne.fr\/www\/#personlogo\",\"inLanguage\":\"fr-FR\",\"url\":\"https:\/\/secure.gravatar.com\/avatar\/aba6f04b7ddaa95d23b791bf7fe581fc?s=96&d=mm&r=g\",\"contentUrl\":\"https:\/\/secure.gravatar.com\/avatar\/aba6f04b7ddaa95d23b791bf7fe581fc?s=96&d=mm&r=g\",\"caption\":\"Jeanne-Marie BORDELOT\"},\"url\":\"https:\/\/iutdijon.u-bourgogne.fr\/www\/author\/jmbord\"}]}<\/script>\n<!-- \/ Yoast SEO plugin. -->","yoast_head_json":{"robots":{"index":"index","follow":"follow","max-snippet":"max-snippet:-1","max-image-preview":"max-image-preview:large","max-video-preview":"max-video-preview:-1"},"canonical":"https:\/\/iutdijon.u-bourgogne.fr\/www\/actualites\/des-fourmis-dans-les-jambes-vite-rendez-vous-au-forum-explore-le-monde.html","og_locale":"fr_FR","og_type":"article","og_title":"Des fourmis dans les jambes ? Vite rendez-vous au forum Explore le monde ! &gt; IUT Dijon-Auxerre-Nevers","og_description":"Le 6 d\u00e9cembre 2023, de 9h \u00e0 19h dans la Grande Orangerie du jardin de l&rsquo;Arquebuse \u00e0 Dijon trouvez les clefs pour pr\u00e9parer votre d\u00e9part \u00e0 l&rsquo;international. Le programme tr\u00e8s riche vous&hellip;","og_url":"https:\/\/iutdijon.u-bourgogne.fr\/www\/actualites\/des-fourmis-dans-les-jambes-vite-rendez-vous-au-forum-explore-le-monde.html","og_site_name":"IUT Dijon-Auxerre-Nevers","article_published_time":"2023-11-21T16:51:48+00:00","og_image":[{"width":800,"height":532,"url":"https:\/\/iutdijon.u-bourgogne.fr\/www\/wp-content\/uploads\/2023\/11\/IMAG_forum_explore_le_monde.jpg","path":"\/var\/www\/html\/www\/wp-content\/uploads\/2023\/11\/IMAG_forum_explore_le_monde.jpg","size":"full","id":12735,"alt":"","pixels":425600,"type":"image\/jpeg"}],"twitter_card":"summary_large_image","twitter_misc":{"\u00c9crit par":"Jeanne-Marie BORDELOT"},"schema":{"@context":"https:\/\/schema.org","@graph":[{"@type":"WebSite","@id":"https:\/\/iutdijon.u-bourgogne.fr\/www\/#website","url":"https:\/\/iutdijon.u-bourgogne.fr\/www\/","name":"IUT Dijon-Auxerre-Nevers","description":"L&#039;IUT Dijon-Auxerre-Nevers propose des formations post-bac dans les secteurs Informatique, Tertiaire et Industriel. Il d\u00e9livre des dipl\u00f4mes \u00e0 Bac+3 (Bachelors Universitaires de Technologie ou Licences Professionnelles).","potentialAction":[{"@type":"SearchAction","target":{"@type":"EntryPoint","urlTemplate":"https:\/\/iutdijon.u-bourgogne.fr\/www\/?s={search_term_string}"},"query-input":"required name=search_term_string"}],"inLanguage":"fr-FR"},{"@type":"ImageObject","@id":"https:\/\/iutdijon.u-bourgogne.fr\/www\/actualites\/des-fourmis-dans-les-jambes-vite-rendez-vous-au-forum-explore-le-monde.html#primaryimage","inLanguage":"fr-FR","url":"https:\/\/iutdijon.u-bourgogne.fr\/www\/wp-content\/uploads\/2023\/11\/IMAG_forum_explore_le_monde.jpg","contentUrl":"https:\/\/iutdijon.u-bourgogne.fr\/www\/wp-content\/uploads\/2023\/11\/IMAG_forum_explore_le_monde.jpg","width":800,"height":532},{"@type":"WebPage","@id":"https:\/\/iutdijon.u-bourgogne.fr\/www\/actualites\/des-fourmis-dans-les-jambes-vite-rendez-vous-au-forum-explore-le-monde.html#webpage","url":"https:\/\/iutdijon.u-bourgogne.fr\/www\/actualites\/des-fourmis-dans-les-jambes-vite-rendez-vous-au-forum-explore-le-monde.html","name":"Des fourmis dans les jambes ? Vite rendez-vous au forum Explore le monde ! &gt; IUT Dijon-Auxerre-Nevers","isPartOf":{"@id":"https:\/\/iutdijon.u-bourgogne.fr\/www\/#website"},"primaryImageOfPage":{"@id":"https:\/\/iutdijon.u-bourgogne.fr\/www\/actualites\/des-fourmis-dans-les-jambes-vite-rendez-vous-au-forum-explore-le-monde.html#primaryimage"},"datePublished":"2023-11-21T16:51:48+00:00","dateModified":"2023-11-21T16:51:48+00:00","author":{"@id":"https:\/\/iutdijon.u-bourgogne.fr\/www\/#\/schema\/person\/fc0840e606b0fe8198fbc1fc38f254b7"},"breadcrumb":{"@id":"https:\/\/iutdijon.u-bourgogne.fr\/www\/actualites\/des-fourmis-dans-les-jambes-vite-rendez-vous-au-forum-explore-le-monde.html#breadcrumb"},"inLanguage":"fr-FR","potentialAction":[{"@type":"ReadAction","target":["https:\/\/iutdijon.u-bourgogne.fr\/www\/actualites\/des-fourmis-dans-les-jambes-vite-rendez-vous-au-forum-explore-le-monde.html"]}]},{"@type":"BreadcrumbList","@id":"https:\/\/iutdijon.u-bourgogne.fr\/www\/actualites\/des-fourmis-dans-les-jambes-vite-rendez-vous-au-forum-explore-le-monde.html#breadcrumb","itemListElement":[{"@type":"ListItem","position":1,"name":"Accueil","item":"https:\/\/iutdijon.u-bourgogne.fr\/www\/"},{"@type":"ListItem","position":2,"name":"Actualit\u00e9s","item":"https:\/\/iutdijon.u-bourgogne.fr\/www\/category\/actualites"},{"@type":"ListItem","position":3,"name":"Des fourmis dans les jambes ? Vite rendez-vous au forum Explore le monde !"}]},{"@type":"Person","@id":"https:\/\/iutdijon.u-bourgogne.fr\/www\/#\/schema\/person\/fc0840e606b0fe8198fbc1fc38f254b7","name":"Jeanne-Marie BORDELOT","image":{"@type":"ImageObject","@id":"https:\/\/iutdijon.u-bourgogne.fr\/www\/#personlogo","inLanguage":"fr-FR","url":"https:\/\/secure.gravatar.com\/avatar\/aba6f04b7ddaa95d23b791bf7fe581fc?s=96&d=mm&r=g","contentUrl":"https:\/\/secure.gravatar.com\/avatar\/aba6f04b7ddaa95d23b791bf7fe581fc?s=96&d=mm&r=g","caption":"Jeanne-Marie BORDELOT"},"url":"https:\/\/iutdijon.u-bourgogne.fr\/www\/author\/jmbord"}]}},"modified_by":"Jeanne-Marie BORDELOT","_links":{"self":[{"href":"https:\/\/iutdijon.u-bourgogne.fr\/www\/wp-json\/wp\/v2\/posts\/12734"}],"collection":[{"href":"https:\/\/iutdijon.u-bourgogne.fr\/www\/wp-json\/wp\/v2\/posts"}],"about":[{"href":"https:\/\/iutdijon.u-bourgogne.fr\/www\/wp-json\/wp\/v2\/types\/post"}],"author":[{"embeddable":true,"href":"https:\/\/iutdijon.u-bourgogne.fr\/www\/wp-json\/wp\/v2\/users\/3185"}],"replies":[{"embeddable":true,"href":"https:\/\/iutdijon.u-bourgogne.fr\/www\/wp-json\/wp\/v2\/comments?post=12734"}],"version-history":[{"count":1,"href":"https:\/\/iutdijon.u-bourgogne.fr\/www\/wp-json\/wp\/v2\/posts\/12734\/revisions"}],"predecessor-version":[{"id":12736,"href":"https:\/\/iutdijon.u-bourgogne.fr\/www\/wp-json\/wp\/v2\/posts\/12734\/revisions\/12736"}],"wp:featuredmedia":[{"embeddable":true,"href":"https:\/\/iutdijon.u-bourgogne.fr\/www\/wp-json\/wp\/v2\/media\/12735"}],"wp:attachment":[{"href":"https:\/\/iutdijon.u-bourgogne.fr\/www\/wp-json\/wp\/v2\/media?parent=12734"}],"wp:term":[{"taxonomy":"category","embeddable":true,"href":"https:\/\/iutdijon.u-bourgogne.fr\/www\/wp-json\/wp\/v2\/categories?post=12734"},{"taxonomy":"post_tag","embeddable":true,"href":"https:\/\/iutdijon.u-bourgogne.fr\/www\/wp-json\/wp\/v2\/tags?post=12734"}],"curies":[{"name":"wp","href":"https:\/\/api.w.org\/{rel}","templated":true}]}}