{"id":12726,"date":"2023-11-08T10:57:08","date_gmt":"2023-11-08T09:57:08","guid":{"rendered":"https:\/\/iutdijon.u-bourgogne.fr\/www\/?p=12726"},"modified":"2023-11-08T10:57:08","modified_gmt":"2023-11-08T09:57:08","slug":"nos-etudiants-ont-du-talent","status":"publish","type":"post","link":"https:\/\/iutdijon.u-bourgogne.fr\/www\/actualites\/nos-etudiants-ont-du-talent.html","title":{"rendered":"Nos \u00e9tudiants ont du talent !"},"content":{"rendered":"<section class=\"kc-elm kc-css-734226 kc_row\"><div class=\"kc-row-container  kc-container\"><div class=\"kc-wrap-columns\"><div class=\"kc-elm kc-css-620382 kc_col-sm-12 kc_column kc_col-sm-12\"><div class=\"kc-col-container\"><div class=\"kc-elm kc-css-701651 kc_text_block\"><\/p>\n<p class=\"MsoNormal\"><span class=\"chapo\"><b style=\"mso-bidi-font-weight: normal;\">Memocard.io, ou comment un \u00e9tudiant du d\u00e9partement MMI de l\u2019IUT Dijon-Auxerre-Nevers a cr\u00e9\u00e9 une application de r\u00e9vision.<\/b><\/span><\/p>\n<p class=\"MsoNormal\">Beno\u00eet Baraille, \u00e9tudiant en 2<sup>\u00e8me<\/sup> ann\u00e9e de B.U.T. M\u00e9tiers du Multim\u00e9dia et de l\u2019Internet, a cr\u00e9\u00e9 \u00e0 l\u2019\u00e9t\u00e9 2023 une application de r\u00e9vision de listes de mots.<\/p>\n<p class=\"MsoNormal\">Depuis que son professeur d\u2019allemand leur avait pr\u00e9sent\u00e9 l\u2019application Quizlet, une application d\u2019apprentissage par flashcards, Beno\u00eet l\u2019utilisait pour m\u00e9moriser ses cours. Notamment en Premi\u00e8re et Terminale pour l\u2019apprentissage du vocabulaire en langues, mais aussi pour des d\u00e9finitions en SES ou en histoire-g\u00e9ographie\u2026<\/p>\n<p class=\"MsoNormal\">Mais Quizlet est devenu partiellement payant pour quelques options tr\u00e8s utiles et malgr\u00e9 ses recherches, Beno\u00eet n\u2019a pas trouv\u00e9 d\u2019application \u00e9quivalente sans une publicit\u00e9 invasive (ce qui n\u2019est pas particuli\u00e8rement productif quand il s\u2019agit de se concentrer sur ses r\u00e9visions). C\u2019est pourquoi avec Timoth\u00e9e Monnier, un camarade, il a d\u00e9cid\u00e9 de mettre \u00e0 profit les comp\u00e9tences acquises \u00e0 l\u2019IUT en d\u00e9veloppement pour cr\u00e9er son application sur-mesure et gratuite\u00a0!<\/p>\n<p class=\"MsoNormal\">Memocard.io, accessible \u00e0 cette adresse\u00a0: <a href=\"https:\/\/www.memocard.io\/\" target=\"_blank\" title=\"Nouvelle fen\u00eatre : Application memocard.io\" rel=\"noopener\">https:\/\/www.memocard.io\/<\/a>, permet de cr\u00e9er ses listes de mots et de les partager avec les autres utilisateurs qui peuvent les utiliser telles quelles ou les compl\u00e9ter avec leurs propres mots.<\/p>\n<p class=\"MsoNormal\">Afin qu\u2019elle serve au plus grand nombre, Beno\u00eet souhaite qu\u2019elle garde son caract\u00e8re gratuit et aimerait \u00e0 terme que le code soit en open source pour qu\u2019elle puisse \u00e9voluer selon les besoins des utilisateurs.<\/p>\n<p class=\"MsoNormal\">Contacter Beno\u00eet\u00a0: <a href=\"mailto:benoit.baraille@iut-dijon.u-bourgogne.fr\" title=\"Envoyer un mail \u00e0 Beno\u00eet Baraille\">benoit.baraille@iut-dijon.u-bourgogne.fr<\/a><\/p>\n<p>\n<\/div><\/div><\/div><\/div><\/div><\/section>\n","protected":false},"excerpt":{"rendered":"<p>&hellip;<\/p>\n","protected":false},"author":3185,"featured_media":12727,"comment_status":"open","ping_status":"open","sticky":false,"template":"","format":"standard","meta":{"_lmt_disableupdate":"","_lmt_disable":""},"categories":[458],"tags":[],"acf":[],"yoast_head":"<!-- This site is optimized with the Yoast SEO plugin v17.2 - https:\/\/yoast.com\/wordpress\/plugins\/seo\/ -->\n<meta name=\"robots\" content=\"index, follow, max-snippet:-1, max-image-preview:large, max-video-preview:-1\" \/>\n<link rel=\"canonical\" href=\"https:\/\/iutdijon.u-bourgogne.fr\/www\/actualites\/nos-etudiants-ont-du-talent.html\" \/>\n<meta property=\"og:locale\" content=\"fr_FR\" \/>\n<meta property=\"og:type\" content=\"article\" \/>\n<meta property=\"og:title\" content=\"Nos \u00e9tudiants ont du talent ! &gt; IUT Dijon-Auxerre-Nevers\" \/>\n<meta property=\"og:description\" content=\"Memocard.io, ou comment un \u00e9tudiant du d\u00e9partement MMI de l\u2019IUT Dijon-Auxerre-Nevers a cr\u00e9\u00e9 une application de r\u00e9vision. Beno\u00eet Baraille, \u00e9tudiant en 2\u00e8me ann\u00e9e de B.U.T. M\u00e9tiers du Multim\u00e9dia et de l\u2019Internet, a&hellip;\" \/>\n<meta property=\"og:url\" content=\"https:\/\/iutdijon.u-bourgogne.fr\/www\/actualites\/nos-etudiants-ont-du-talent.html\" \/>\n<meta property=\"og:site_name\" content=\"IUT Dijon-Auxerre-Nevers\" \/>\n<meta property=\"article:published_time\" content=\"2023-11-08T09:57:08+00:00\" \/>\n<meta property=\"og:image\" content=\"https:\/\/iutdijon.u-bourgogne.fr\/www\/wp-content\/uploads\/2023\/11\/IMAG_memocard_benoit_baraille.jpg\" \/>\n\t<meta property=\"og:image:width\" content=\"800\" \/>\n\t<meta property=\"og:image:height\" content=\"532\" \/>\n<meta name=\"twitter:card\" content=\"summary_large_image\" \/>\n<meta name=\"twitter:label1\" content=\"\u00c9crit par\" \/>\n\t<meta name=\"twitter:data1\" content=\"Jeanne-Marie BORDELOT\" \/>\n\t<meta name=\"twitter:label2\" content=\"Dur\u00e9e de lecture est.\" \/>\n\t<meta name=\"twitter:data2\" content=\"1 minute\" \/>\n<script type=\"application\/ld+json\" class=\"yoast-schema-graph\">{\"@context\":\"https:\/\/schema.org\",\"@graph\":[{\"@type\":\"WebSite\",\"@id\":\"https:\/\/iutdijon.u-bourgogne.fr\/www\/#website\",\"url\":\"https:\/\/iutdijon.u-bourgogne.fr\/www\/\",\"name\":\"IUT Dijon-Auxerre-Nevers\",\"description\":\"L&#039;IUT Dijon-Auxerre-Nevers propose des formations post-bac dans les secteurs Informatique, Tertiaire et Industriel. Il d\\u00e9livre des dipl\\u00f4mes \\u00e0 Bac+3 (Bachelors Universitaires de Technologie ou Licences Professionnelles).\",\"potentialAction\":[{\"@type\":\"SearchAction\",\"target\":{\"@type\":\"EntryPoint\",\"urlTemplate\":\"https:\/\/iutdijon.u-bourgogne.fr\/www\/?s={search_term_string}\"},\"query-input\":\"required name=search_term_string\"}],\"inLanguage\":\"fr-FR\"},{\"@type\":\"ImageObject\",\"@id\":\"https:\/\/iutdijon.u-bourgogne.fr\/www\/actualites\/nos-etudiants-ont-du-talent.html#primaryimage\",\"inLanguage\":\"fr-FR\",\"url\":\"https:\/\/iutdijon.u-bourgogne.fr\/www\/wp-content\/uploads\/2023\/11\/IMAG_memocard_benoit_baraille.jpg\",\"contentUrl\":\"https:\/\/iutdijon.u-bourgogne.fr\/www\/wp-content\/uploads\/2023\/11\/IMAG_memocard_benoit_baraille.jpg\",\"width\":800,\"height\":532},{\"@type\":\"WebPage\",\"@id\":\"https:\/\/iutdijon.u-bourgogne.fr\/www\/actualites\/nos-etudiants-ont-du-talent.html#webpage\",\"url\":\"https:\/\/iutdijon.u-bourgogne.fr\/www\/actualites\/nos-etudiants-ont-du-talent.html\",\"name\":\"Nos \\u00e9tudiants ont du talent ! &gt; IUT Dijon-Auxerre-Nevers\",\"isPartOf\":{\"@id\":\"https:\/\/iutdijon.u-bourgogne.fr\/www\/#website\"},\"primaryImageOfPage\":{\"@id\":\"https:\/\/iutdijon.u-bourgogne.fr\/www\/actualites\/nos-etudiants-ont-du-talent.html#primaryimage\"},\"datePublished\":\"2023-11-08T09:57:08+00:00\",\"dateModified\":\"2023-11-08T09:57:08+00:00\",\"author\":{\"@id\":\"https:\/\/iutdijon.u-bourgogne.fr\/www\/#\/schema\/person\/fc0840e606b0fe8198fbc1fc38f254b7\"},\"breadcrumb\":{\"@id\":\"https:\/\/iutdijon.u-bourgogne.fr\/www\/actualites\/nos-etudiants-ont-du-talent.html#breadcrumb\"},\"inLanguage\":\"fr-FR\",\"potentialAction\":[{\"@type\":\"ReadAction\",\"target\":[\"https:\/\/iutdijon.u-bourgogne.fr\/www\/actualites\/nos-etudiants-ont-du-talent.html\"]}]},{\"@type\":\"BreadcrumbList\",\"@id\":\"https:\/\/iutdijon.u-bourgogne.fr\/www\/actualites\/nos-etudiants-ont-du-talent.html#breadcrumb\",\"itemListElement\":[{\"@type\":\"ListItem\",\"position\":1,\"name\":\"Accueil\",\"item\":\"https:\/\/iutdijon.u-bourgogne.fr\/www\/\"},{\"@type\":\"ListItem\",\"position\":2,\"name\":\"Actualit\\u00e9s\",\"item\":\"https:\/\/iutdijon.u-bourgogne.fr\/www\/category\/actualites\"},{\"@type\":\"ListItem\",\"position\":3,\"name\":\"Nos \\u00e9tudiants ont du talent !\"}]},{\"@type\":\"Person\",\"@id\":\"https:\/\/iutdijon.u-bourgogne.fr\/www\/#\/schema\/person\/fc0840e606b0fe8198fbc1fc38f254b7\",\"name\":\"Jeanne-Marie BORDELOT\",\"image\":{\"@type\":\"ImageObject\",\"@id\":\"https:\/\/iutdijon.u-bourgogne.fr\/www\/#personlogo\",\"inLanguage\":\"fr-FR\",\"url\":\"https:\/\/secure.gravatar.com\/avatar\/aba6f04b7ddaa95d23b791bf7fe581fc?s=96&d=mm&r=g\",\"contentUrl\":\"https:\/\/secure.gravatar.com\/avatar\/aba6f04b7ddaa95d23b791bf7fe581fc?s=96&d=mm&r=g\",\"caption\":\"Jeanne-Marie BORDELOT\"},\"url\":\"https:\/\/iutdijon.u-bourgogne.fr\/www\/author\/jmbord\"}]}<\/script>\n<!-- \/ Yoast SEO plugin. -->","yoast_head_json":{"robots":{"index":"index","follow":"follow","max-snippet":"max-snippet:-1","max-image-preview":"max-image-preview:large","max-video-preview":"max-video-preview:-1"},"canonical":"https:\/\/iutdijon.u-bourgogne.fr\/www\/actualites\/nos-etudiants-ont-du-talent.html","og_locale":"fr_FR","og_type":"article","og_title":"Nos \u00e9tudiants ont du talent ! &gt; IUT Dijon-Auxerre-Nevers","og_description":"Memocard.io, ou comment un \u00e9tudiant du d\u00e9partement MMI de l\u2019IUT Dijon-Auxerre-Nevers a cr\u00e9\u00e9 une application de r\u00e9vision. Beno\u00eet Baraille, \u00e9tudiant en 2\u00e8me ann\u00e9e de B.U.T. M\u00e9tiers du Multim\u00e9dia et de l\u2019Internet, a&hellip;","og_url":"https:\/\/iutdijon.u-bourgogne.fr\/www\/actualites\/nos-etudiants-ont-du-talent.html","og_site_name":"IUT Dijon-Auxerre-Nevers","article_published_time":"2023-11-08T09:57:08+00:00","og_image":[{"width":800,"height":532,"url":"https:\/\/iutdijon.u-bourgogne.fr\/www\/wp-content\/uploads\/2023\/11\/IMAG_memocard_benoit_baraille.jpg","path":"\/var\/www\/html\/www\/wp-content\/uploads\/2023\/11\/IMAG_memocard_benoit_baraille.jpg","size":"full","id":12727,"alt":"","pixels":425600,"type":"image\/jpeg"}],"twitter_card":"summary_large_image","twitter_misc":{"\u00c9crit par":"Jeanne-Marie BORDELOT","Dur\u00e9e de lecture est.":"1 minute"},"schema":{"@context":"https:\/\/schema.org","@graph":[{"@type":"WebSite","@id":"https:\/\/iutdijon.u-bourgogne.fr\/www\/#website","url":"https:\/\/iutdijon.u-bourgogne.fr\/www\/","name":"IUT Dijon-Auxerre-Nevers","description":"L&#039;IUT Dijon-Auxerre-Nevers propose des formations post-bac dans les secteurs Informatique, Tertiaire et Industriel. Il d\u00e9livre des dipl\u00f4mes \u00e0 Bac+3 (Bachelors Universitaires de Technologie ou Licences Professionnelles).","potentialAction":[{"@type":"SearchAction","target":{"@type":"EntryPoint","urlTemplate":"https:\/\/iutdijon.u-bourgogne.fr\/www\/?s={search_term_string}"},"query-input":"required name=search_term_string"}],"inLanguage":"fr-FR"},{"@type":"ImageObject","@id":"https:\/\/iutdijon.u-bourgogne.fr\/www\/actualites\/nos-etudiants-ont-du-talent.html#primaryimage","inLanguage":"fr-FR","url":"https:\/\/iutdijon.u-bourgogne.fr\/www\/wp-content\/uploads\/2023\/11\/IMAG_memocard_benoit_baraille.jpg","contentUrl":"https:\/\/iutdijon.u-bourgogne.fr\/www\/wp-content\/uploads\/2023\/11\/IMAG_memocard_benoit_baraille.jpg","width":800,"height":532},{"@type":"WebPage","@id":"https:\/\/iutdijon.u-bourgogne.fr\/www\/actualites\/nos-etudiants-ont-du-talent.html#webpage","url":"https:\/\/iutdijon.u-bourgogne.fr\/www\/actualites\/nos-etudiants-ont-du-talent.html","name":"Nos \u00e9tudiants ont du talent ! &gt; IUT Dijon-Auxerre-Nevers","isPartOf":{"@id":"https:\/\/iutdijon.u-bourgogne.fr\/www\/#website"},"primaryImageOfPage":{"@id":"https:\/\/iutdijon.u-bourgogne.fr\/www\/actualites\/nos-etudiants-ont-du-talent.html#primaryimage"},"datePublished":"2023-11-08T09:57:08+00:00","dateModified":"2023-11-08T09:57:08+00:00","author":{"@id":"https:\/\/iutdijon.u-bourgogne.fr\/www\/#\/schema\/person\/fc0840e606b0fe8198fbc1fc38f254b7"},"breadcrumb":{"@id":"https:\/\/iutdijon.u-bourgogne.fr\/www\/actualites\/nos-etudiants-ont-du-talent.html#breadcrumb"},"inLanguage":"fr-FR","potentialAction":[{"@type":"ReadAction","target":["https:\/\/iutdijon.u-bourgogne.fr\/www\/actualites\/nos-etudiants-ont-du-talent.html"]}]},{"@type":"BreadcrumbList","@id":"https:\/\/iutdijon.u-bourgogne.fr\/www\/actualites\/nos-etudiants-ont-du-talent.html#breadcrumb","itemListElement":[{"@type":"ListItem","position":1,"name":"Accueil","item":"https:\/\/iutdijon.u-bourgogne.fr\/www\/"},{"@type":"ListItem","position":2,"name":"Actualit\u00e9s","item":"https:\/\/iutdijon.u-bourgogne.fr\/www\/category\/actualites"},{"@type":"ListItem","position":3,"name":"Nos \u00e9tudiants ont du talent !"}]},{"@type":"Person","@id":"https:\/\/iutdijon.u-bourgogne.fr\/www\/#\/schema\/person\/fc0840e606b0fe8198fbc1fc38f254b7","name":"Jeanne-Marie BORDELOT","image":{"@type":"ImageObject","@id":"https:\/\/iutdijon.u-bourgogne.fr\/www\/#personlogo","inLanguage":"fr-FR","url":"https:\/\/secure.gravatar.com\/avatar\/aba6f04b7ddaa95d23b791bf7fe581fc?s=96&d=mm&r=g","contentUrl":"https:\/\/secure.gravatar.com\/avatar\/aba6f04b7ddaa95d23b791bf7fe581fc?s=96&d=mm&r=g","caption":"Jeanne-Marie BORDELOT"},"url":"https:\/\/iutdijon.u-bourgogne.fr\/www\/author\/jmbord"}]}},"modified_by":"Jeanne-Marie BORDELOT","_links":{"self":[{"href":"https:\/\/iutdijon.u-bourgogne.fr\/www\/wp-json\/wp\/v2\/posts\/12726"}],"collection":[{"href":"https:\/\/iutdijon.u-bourgogne.fr\/www\/wp-json\/wp\/v2\/posts"}],"about":[{"href":"https:\/\/iutdijon.u-bourgogne.fr\/www\/wp-json\/wp\/v2\/types\/post"}],"author":[{"embeddable":true,"href":"https:\/\/iutdijon.u-bourgogne.fr\/www\/wp-json\/wp\/v2\/users\/3185"}],"replies":[{"embeddable":true,"href":"https:\/\/iutdijon.u-bourgogne.fr\/www\/wp-json\/wp\/v2\/comments?post=12726"}],"version-history":[{"count":1,"href":"https:\/\/iutdijon.u-bourgogne.fr\/www\/wp-json\/wp\/v2\/posts\/12726\/revisions"}],"predecessor-version":[{"id":12728,"href":"https:\/\/iutdijon.u-bourgogne.fr\/www\/wp-json\/wp\/v2\/posts\/12726\/revisions\/12728"}],"wp:featuredmedia":[{"embeddable":true,"href":"https:\/\/iutdijon.u-bourgogne.fr\/www\/wp-json\/wp\/v2\/media\/12727"}],"wp:attachment":[{"href":"https:\/\/iutdijon.u-bourgogne.fr\/www\/wp-json\/wp\/v2\/media?parent=12726"}],"wp:term":[{"taxonomy":"category","embeddable":true,"href":"https:\/\/iutdijon.u-bourgogne.fr\/www\/wp-json\/wp\/v2\/categories?post=12726"},{"taxonomy":"post_tag","embeddable":true,"href":"https:\/\/iutdijon.u-bourgogne.fr\/www\/wp-json\/wp\/v2\/tags?post=12726"}],"curies":[{"name":"wp","href":"https:\/\/api.w.org\/{rel}","templated":true}]}}