{"id":12614,"date":"2024-09-13T08:00:09","date_gmt":"2024-09-13T06:00:09","guid":{"rendered":"https:\/\/iutdijon.u-bourgogne.fr\/www\/?p=12614"},"modified":"2024-09-13T09:09:29","modified_gmt":"2024-09-13T07:09:29","slug":"olympiades-du-developpement-durable-rejoignez-lequipe-de-liut-dijon-auxerre-nevers","status":"publish","type":"post","link":"https:\/\/iutdijon.u-bourgogne.fr\/www\/actualites\/olympiades-du-developpement-durable-rejoignez-lequipe-de-liut-dijon-auxerre-nevers.html","title":{"rendered":"Olympiades du d\u00e9veloppement durable : l&rsquo;IUT s&rsquo;engage pour la deuxi\u00e8me ann\u00e9e."},"content":{"rendered":"<p><section class=\"kc-elm kc-css-31842 kc_row\"><div class=\"kc-row-container  kc-container\"><div class=\"kc-wrap-columns\"><div class=\"kc-elm kc-css-549721 kc_col-sm-12 kc_column kc_col-sm-12\"><div class=\"kc-col-container\"><div class=\"kc-elm kc-css-368400 kc_text_block\"><\/p>\n<p><span class=\"chapo\">Du\u00a0 1er au 15 octobre 2024, l&rsquo;IUT Dijon-Auxerre-Nevers participe aux Olympiades du d\u00e9veloppement durable. Et vous ?<\/span><\/p>\n<p>Au programme :<\/p>\n<ul>\n<li>des d\u00e9fis sportifs<\/li>\n<li>des d\u00e9fis cr\u00e9atifs<\/li>\n<li>des quizz<\/li>\n<\/ul>\n<div>Ce challenge a lieu via l&rsquo;application OuiLive t\u00e9l\u00e9chargeable sur <a href=\"https:\/\/play.google.com\/store\/apps\/details?id=com.ouimoveup\" target=\"_blank\" title=\"Nouvelle fen\u00eatre : Google play\" rel=\"noopener\">Android<\/a> et <a href=\"https:\/\/apps.apple.com\/fr\/app\/ouilive\/id1462036306\" target=\"_blank\" title=\"Nouvelle fen\u00eatre : appstore\" rel=\"noopener\">Apple<\/a>.<\/div>\n<div>Saisissez ensuite le code <strong>ODD24 et rejoignez l&rsquo;\u00e9quipe IUT DAN &#8211; Prairie volcanique<br \/>\n<\/strong><\/div>\n<div>Vous pouvez la rejoindre \u00e0 tout moment dans les 15 jours de sa dur\u00e9e, venez vite !<\/div>\n<p>\n<\/div><\/div><\/div><\/div><\/div><\/section><section class=\"kc-elm kc-css-545976 kc_row\"><div class=\"kc-row-container  kc-container\"><div class=\"kc-wrap-columns\"><div class=\"kc-elm kc-css-648958 kc_col-sm-12 kc_column kc_col-sm-12\"><div class=\"kc-col-container\"><div class=\"kc-elm kc-css-566951 kc_text_block\"><\/p>\n<p><span class=\"chapo\">Pour une premi\u00e8re participation, l&rsquo;IUT a align\u00e9 10 participants (5 \u00e9tudiants et 5 personnels) et 3 \u00e9tudiants appartiennent \u00e0 des \u00e9quipes victorieuses !<\/span><\/p>\n<p>Les participants de l&rsquo;IUT ont parcouru 393 km et effectu\u00e9s 498 652 pas durant le d\u00e9fi (mention sp\u00e9ciale \u00e0 une enseignante du d\u00e9partement Informatique de Dijon qui \u00e0 elle seule a fait 159 096 pas pour 133 km parcourus !)<\/p>\n<p>Jade Mezerai fait partie de l&rsquo;\u00e9quipe arriv\u00e9e premi\u00e8re tandis qu&rsquo;Antoine Lu et Roman Kennel \u00e9taient dans l&rsquo;\u00e9quipe arriv\u00e9e deuxi\u00e8me. Bravo \u00e0 eux !<\/p>\n<p>On remet \u00e7a l&rsquo;ann\u00e9e prochaine ?<\/p>\n<p>\n<\/div><\/div><\/div><\/div><\/div><\/section><\/p>\n","protected":false},"excerpt":{"rendered":"<p>&hellip;<\/p>\n","protected":false},"author":3185,"featured_media":12615,"comment_status":"open","ping_status":"open","sticky":false,"template":"","format":"standard","meta":{"_lmt_disableupdate":"no","_lmt_disable":"no"},"categories":[458],"tags":[],"acf":[],"yoast_head":"<!-- This site is optimized with the Yoast SEO plugin v17.2 - https:\/\/yoast.com\/wordpress\/plugins\/seo\/ -->\n<meta name=\"robots\" content=\"index, follow, max-snippet:-1, max-image-preview:large, max-video-preview:-1\" \/>\n<link rel=\"canonical\" href=\"https:\/\/iutdijon.u-bourgogne.fr\/www\/actualites\/olympiades-du-developpement-durable-rejoignez-lequipe-de-liut-dijon-auxerre-nevers.html\" \/>\n<meta property=\"og:locale\" content=\"fr_FR\" \/>\n<meta property=\"og:type\" content=\"article\" \/>\n<meta property=\"og:title\" content=\"Olympiades du d\u00e9veloppement durable : l&#039;IUT s&#039;engage pour la deuxi\u00e8me ann\u00e9e. &gt; IUT Dijon-Auxerre-Nevers\" \/>\n<meta property=\"og:description\" content=\"Du\u00a0 1er au 15 octobre 2024, l&rsquo;IUT Dijon-Auxerre-Nevers participe aux Olympiades du d\u00e9veloppement durable. Et vous ? Au programme : des d\u00e9fis sportifs des d\u00e9fis cr\u00e9atifs des quizz Ce challenge a lieu&hellip;\" \/>\n<meta property=\"og:url\" content=\"https:\/\/iutdijon.u-bourgogne.fr\/www\/actualites\/olympiades-du-developpement-durable-rejoignez-lequipe-de-liut-dijon-auxerre-nevers.html\" \/>\n<meta property=\"og:site_name\" content=\"IUT Dijon-Auxerre-Nevers\" \/>\n<meta property=\"article:published_time\" content=\"2024-09-13T06:00:09+00:00\" \/>\n<meta property=\"article:modified_time\" content=\"2024-09-13T07:09:29+00:00\" \/>\n<meta property=\"og:image\" content=\"https:\/\/iutdijon.u-bourgogne.fr\/www\/wp-content\/uploads\/2023\/10\/IMAG_actus_2022_Olympiades_DD_2022_10_04.png\" \/>\n\t<meta property=\"og:image:width\" content=\"567\" \/>\n\t<meta property=\"og:image:height\" content=\"286\" \/>\n<meta name=\"twitter:card\" content=\"summary_large_image\" \/>\n<meta name=\"twitter:label1\" content=\"\u00c9crit par\" \/>\n\t<meta name=\"twitter:data1\" content=\"Jeanne-Marie BORDELOT\" \/>\n<script type=\"application\/ld+json\" class=\"yoast-schema-graph\">{\"@context\":\"https:\/\/schema.org\",\"@graph\":[{\"@type\":\"WebSite\",\"@id\":\"https:\/\/iutdijon.u-bourgogne.fr\/www\/#website\",\"url\":\"https:\/\/iutdijon.u-bourgogne.fr\/www\/\",\"name\":\"IUT Dijon-Auxerre-Nevers\",\"description\":\"L&#039;IUT Dijon-Auxerre-Nevers propose des formations post-bac dans les secteurs Informatique, Tertiaire et Industriel. Il d\\u00e9livre des dipl\\u00f4mes \\u00e0 Bac+3 (Bachelors Universitaires de Technologie ou Licences Professionnelles).\",\"potentialAction\":[{\"@type\":\"SearchAction\",\"target\":{\"@type\":\"EntryPoint\",\"urlTemplate\":\"https:\/\/iutdijon.u-bourgogne.fr\/www\/?s={search_term_string}\"},\"query-input\":\"required name=search_term_string\"}],\"inLanguage\":\"fr-FR\"},{\"@type\":\"ImageObject\",\"@id\":\"https:\/\/iutdijon.u-bourgogne.fr\/www\/actualites\/olympiades-du-developpement-durable-rejoignez-lequipe-de-liut-dijon-auxerre-nevers.html#primaryimage\",\"inLanguage\":\"fr-FR\",\"url\":\"https:\/\/iutdijon.u-bourgogne.fr\/www\/wp-content\/uploads\/2023\/10\/IMAG_actus_2022_Olympiades_DD_2022_10_04.png\",\"contentUrl\":\"https:\/\/iutdijon.u-bourgogne.fr\/www\/wp-content\/uploads\/2023\/10\/IMAG_actus_2022_Olympiades_DD_2022_10_04.png\",\"width\":567,\"height\":286},{\"@type\":\"WebPage\",\"@id\":\"https:\/\/iutdijon.u-bourgogne.fr\/www\/actualites\/olympiades-du-developpement-durable-rejoignez-lequipe-de-liut-dijon-auxerre-nevers.html#webpage\",\"url\":\"https:\/\/iutdijon.u-bourgogne.fr\/www\/actualites\/olympiades-du-developpement-durable-rejoignez-lequipe-de-liut-dijon-auxerre-nevers.html\",\"name\":\"Olympiades du d\\u00e9veloppement durable : l'IUT s'engage pour la deuxi\\u00e8me ann\\u00e9e. &gt; IUT Dijon-Auxerre-Nevers\",\"isPartOf\":{\"@id\":\"https:\/\/iutdijon.u-bourgogne.fr\/www\/#website\"},\"primaryImageOfPage\":{\"@id\":\"https:\/\/iutdijon.u-bourgogne.fr\/www\/actualites\/olympiades-du-developpement-durable-rejoignez-lequipe-de-liut-dijon-auxerre-nevers.html#primaryimage\"},\"datePublished\":\"2024-09-13T06:00:09+00:00\",\"dateModified\":\"2024-09-13T07:09:29+00:00\",\"author\":{\"@id\":\"https:\/\/iutdijon.u-bourgogne.fr\/www\/#\/schema\/person\/fc0840e606b0fe8198fbc1fc38f254b7\"},\"breadcrumb\":{\"@id\":\"https:\/\/iutdijon.u-bourgogne.fr\/www\/actualites\/olympiades-du-developpement-durable-rejoignez-lequipe-de-liut-dijon-auxerre-nevers.html#breadcrumb\"},\"inLanguage\":\"fr-FR\",\"potentialAction\":[{\"@type\":\"ReadAction\",\"target\":[\"https:\/\/iutdijon.u-bourgogne.fr\/www\/actualites\/olympiades-du-developpement-durable-rejoignez-lequipe-de-liut-dijon-auxerre-nevers.html\"]}]},{\"@type\":\"BreadcrumbList\",\"@id\":\"https:\/\/iutdijon.u-bourgogne.fr\/www\/actualites\/olympiades-du-developpement-durable-rejoignez-lequipe-de-liut-dijon-auxerre-nevers.html#breadcrumb\",\"itemListElement\":[{\"@type\":\"ListItem\",\"position\":1,\"name\":\"Accueil\",\"item\":\"https:\/\/iutdijon.u-bourgogne.fr\/www\/\"},{\"@type\":\"ListItem\",\"position\":2,\"name\":\"Actualit\\u00e9s\",\"item\":\"https:\/\/iutdijon.u-bourgogne.fr\/www\/category\/actualites\"},{\"@type\":\"ListItem\",\"position\":3,\"name\":\"Olympiades du d\\u00e9veloppement durable : l&#8217;IUT s&#8217;engage pour la deuxi\\u00e8me ann\\u00e9e.\"}]},{\"@type\":\"Person\",\"@id\":\"https:\/\/iutdijon.u-bourgogne.fr\/www\/#\/schema\/person\/fc0840e606b0fe8198fbc1fc38f254b7\",\"name\":\"Jeanne-Marie BORDELOT\",\"image\":{\"@type\":\"ImageObject\",\"@id\":\"https:\/\/iutdijon.u-bourgogne.fr\/www\/#personlogo\",\"inLanguage\":\"fr-FR\",\"url\":\"https:\/\/secure.gravatar.com\/avatar\/aba6f04b7ddaa95d23b791bf7fe581fc?s=96&d=mm&r=g\",\"contentUrl\":\"https:\/\/secure.gravatar.com\/avatar\/aba6f04b7ddaa95d23b791bf7fe581fc?s=96&d=mm&r=g\",\"caption\":\"Jeanne-Marie BORDELOT\"},\"url\":\"https:\/\/iutdijon.u-bourgogne.fr\/www\/author\/jmbord\"}]}<\/script>\n<!-- \/ Yoast SEO plugin. -->","yoast_head_json":{"robots":{"index":"index","follow":"follow","max-snippet":"max-snippet:-1","max-image-preview":"max-image-preview:large","max-video-preview":"max-video-preview:-1"},"canonical":"https:\/\/iutdijon.u-bourgogne.fr\/www\/actualites\/olympiades-du-developpement-durable-rejoignez-lequipe-de-liut-dijon-auxerre-nevers.html","og_locale":"fr_FR","og_type":"article","og_title":"Olympiades du d\u00e9veloppement durable : l'IUT s'engage pour la deuxi\u00e8me ann\u00e9e. &gt; IUT Dijon-Auxerre-Nevers","og_description":"Du\u00a0 1er au 15 octobre 2024, l&rsquo;IUT Dijon-Auxerre-Nevers participe aux Olympiades du d\u00e9veloppement durable. Et vous ? Au programme : des d\u00e9fis sportifs des d\u00e9fis cr\u00e9atifs des quizz Ce challenge a lieu&hellip;","og_url":"https:\/\/iutdijon.u-bourgogne.fr\/www\/actualites\/olympiades-du-developpement-durable-rejoignez-lequipe-de-liut-dijon-auxerre-nevers.html","og_site_name":"IUT Dijon-Auxerre-Nevers","article_published_time":"2024-09-13T06:00:09+00:00","article_modified_time":"2024-09-13T07:09:29+00:00","og_image":[{"width":567,"height":286,"url":"https:\/\/iutdijon.u-bourgogne.fr\/www\/wp-content\/uploads\/2023\/10\/IMAG_actus_2022_Olympiades_DD_2022_10_04.png","path":"\/var\/www\/html\/www\/wp-content\/uploads\/2023\/10\/IMAG_actus_2022_Olympiades_DD_2022_10_04.png","size":"full","id":12615,"alt":"","pixels":162162,"type":"image\/png"}],"twitter_card":"summary_large_image","twitter_misc":{"\u00c9crit par":"Jeanne-Marie BORDELOT"},"schema":{"@context":"https:\/\/schema.org","@graph":[{"@type":"WebSite","@id":"https:\/\/iutdijon.u-bourgogne.fr\/www\/#website","url":"https:\/\/iutdijon.u-bourgogne.fr\/www\/","name":"IUT Dijon-Auxerre-Nevers","description":"L&#039;IUT Dijon-Auxerre-Nevers propose des formations post-bac dans les secteurs Informatique, Tertiaire et Industriel. Il d\u00e9livre des dipl\u00f4mes \u00e0 Bac+3 (Bachelors Universitaires de Technologie ou Licences Professionnelles).","potentialAction":[{"@type":"SearchAction","target":{"@type":"EntryPoint","urlTemplate":"https:\/\/iutdijon.u-bourgogne.fr\/www\/?s={search_term_string}"},"query-input":"required name=search_term_string"}],"inLanguage":"fr-FR"},{"@type":"ImageObject","@id":"https:\/\/iutdijon.u-bourgogne.fr\/www\/actualites\/olympiades-du-developpement-durable-rejoignez-lequipe-de-liut-dijon-auxerre-nevers.html#primaryimage","inLanguage":"fr-FR","url":"https:\/\/iutdijon.u-bourgogne.fr\/www\/wp-content\/uploads\/2023\/10\/IMAG_actus_2022_Olympiades_DD_2022_10_04.png","contentUrl":"https:\/\/iutdijon.u-bourgogne.fr\/www\/wp-content\/uploads\/2023\/10\/IMAG_actus_2022_Olympiades_DD_2022_10_04.png","width":567,"height":286},{"@type":"WebPage","@id":"https:\/\/iutdijon.u-bourgogne.fr\/www\/actualites\/olympiades-du-developpement-durable-rejoignez-lequipe-de-liut-dijon-auxerre-nevers.html#webpage","url":"https:\/\/iutdijon.u-bourgogne.fr\/www\/actualites\/olympiades-du-developpement-durable-rejoignez-lequipe-de-liut-dijon-auxerre-nevers.html","name":"Olympiades du d\u00e9veloppement durable : l'IUT s'engage pour la deuxi\u00e8me ann\u00e9e. &gt; IUT Dijon-Auxerre-Nevers","isPartOf":{"@id":"https:\/\/iutdijon.u-bourgogne.fr\/www\/#website"},"primaryImageOfPage":{"@id":"https:\/\/iutdijon.u-bourgogne.fr\/www\/actualites\/olympiades-du-developpement-durable-rejoignez-lequipe-de-liut-dijon-auxerre-nevers.html#primaryimage"},"datePublished":"2024-09-13T06:00:09+00:00","dateModified":"2024-09-13T07:09:29+00:00","author":{"@id":"https:\/\/iutdijon.u-bourgogne.fr\/www\/#\/schema\/person\/fc0840e606b0fe8198fbc1fc38f254b7"},"breadcrumb":{"@id":"https:\/\/iutdijon.u-bourgogne.fr\/www\/actualites\/olympiades-du-developpement-durable-rejoignez-lequipe-de-liut-dijon-auxerre-nevers.html#breadcrumb"},"inLanguage":"fr-FR","potentialAction":[{"@type":"ReadAction","target":["https:\/\/iutdijon.u-bourgogne.fr\/www\/actualites\/olympiades-du-developpement-durable-rejoignez-lequipe-de-liut-dijon-auxerre-nevers.html"]}]},{"@type":"BreadcrumbList","@id":"https:\/\/iutdijon.u-bourgogne.fr\/www\/actualites\/olympiades-du-developpement-durable-rejoignez-lequipe-de-liut-dijon-auxerre-nevers.html#breadcrumb","itemListElement":[{"@type":"ListItem","position":1,"name":"Accueil","item":"https:\/\/iutdijon.u-bourgogne.fr\/www\/"},{"@type":"ListItem","position":2,"name":"Actualit\u00e9s","item":"https:\/\/iutdijon.u-bourgogne.fr\/www\/category\/actualites"},{"@type":"ListItem","position":3,"name":"Olympiades du d\u00e9veloppement durable : l&#8217;IUT s&#8217;engage pour la deuxi\u00e8me ann\u00e9e."}]},{"@type":"Person","@id":"https:\/\/iutdijon.u-bourgogne.fr\/www\/#\/schema\/person\/fc0840e606b0fe8198fbc1fc38f254b7","name":"Jeanne-Marie BORDELOT","image":{"@type":"ImageObject","@id":"https:\/\/iutdijon.u-bourgogne.fr\/www\/#personlogo","inLanguage":"fr-FR","url":"https:\/\/secure.gravatar.com\/avatar\/aba6f04b7ddaa95d23b791bf7fe581fc?s=96&d=mm&r=g","contentUrl":"https:\/\/secure.gravatar.com\/avatar\/aba6f04b7ddaa95d23b791bf7fe581fc?s=96&d=mm&r=g","caption":"Jeanne-Marie BORDELOT"},"url":"https:\/\/iutdijon.u-bourgogne.fr\/www\/author\/jmbord"}]}},"modified_by":"Jeanne-Marie BORDELOT","_links":{"self":[{"href":"https:\/\/iutdijon.u-bourgogne.fr\/www\/wp-json\/wp\/v2\/posts\/12614"}],"collection":[{"href":"https:\/\/iutdijon.u-bourgogne.fr\/www\/wp-json\/wp\/v2\/posts"}],"about":[{"href":"https:\/\/iutdijon.u-bourgogne.fr\/www\/wp-json\/wp\/v2\/types\/post"}],"author":[{"embeddable":true,"href":"https:\/\/iutdijon.u-bourgogne.fr\/www\/wp-json\/wp\/v2\/users\/3185"}],"replies":[{"embeddable":true,"href":"https:\/\/iutdijon.u-bourgogne.fr\/www\/wp-json\/wp\/v2\/comments?post=12614"}],"version-history":[{"count":6,"href":"https:\/\/iutdijon.u-bourgogne.fr\/www\/wp-json\/wp\/v2\/posts\/12614\/revisions"}],"predecessor-version":[{"id":13826,"href":"https:\/\/iutdijon.u-bourgogne.fr\/www\/wp-json\/wp\/v2\/posts\/12614\/revisions\/13826"}],"wp:featuredmedia":[{"embeddable":true,"href":"https:\/\/iutdijon.u-bourgogne.fr\/www\/wp-json\/wp\/v2\/media\/12615"}],"wp:attachment":[{"href":"https:\/\/iutdijon.u-bourgogne.fr\/www\/wp-json\/wp\/v2\/media?parent=12614"}],"wp:term":[{"taxonomy":"category","embeddable":true,"href":"https:\/\/iutdijon.u-bourgogne.fr\/www\/wp-json\/wp\/v2\/categories?post=12614"},{"taxonomy":"post_tag","embeddable":true,"href":"https:\/\/iutdijon.u-bourgogne.fr\/www\/wp-json\/wp\/v2\/tags?post=12614"}],"curies":[{"name":"wp","href":"https:\/\/api.w.org\/{rel}","templated":true}]}}