{"id":12189,"date":"2023-05-24T09:03:55","date_gmt":"2023-05-24T07:03:55","guid":{"rendered":"https:\/\/iutdijon.u-bourgogne.fr\/www\/?p=12189"},"modified":"2025-06-16T10:44:32","modified_gmt":"2025-06-16T08:44:32","slug":"dates-de-rentree-b-u-t","status":"publish","type":"post","link":"https:\/\/iutdijon.u-bourgogne.fr\/www\/scolarite\/calendriers\/dates-de-rentree-b-u-t.html","title":{"rendered":"Dates de rentr\u00e9e B.U.T."},"content":{"rendered":"<section class=\"kc-elm kc-css-796826 kc_row\"><div class=\"kc-row-container  kc-container\"><div class=\"kc-wrap-columns\"><div class=\"kc-elm kc-css-851533 kc_col-sm-8 kc_column kc_col-sm-8\"><div class=\"kc-col-container\"><div class=\"kc-elm kc-css-358750 kc_text_block\"><\/p>\n<h2>Dates et lieux de rentr\u00e9e en B.U.T. &#8211; 2025-26<\/h2>\n<p>\n<\/div><div data-closeall=\"true\" class=\"kc-elm kc-css-490126 kc_accordion_wrapper\">\n<div class=\"kc-elm kc-css-153239 kc_accordion_section group \"><h3 class=\"kc_accordion_header ui-accordion-header\"><span class=\"ui-accordion-header-icon ui-icon\"><\/span><a href=\"#genie-biologique\" data-prevent=\"scroll\"><i class=\"\"><\/i> G\u00e9nie Biologique<\/a><\/h3><div class=\"kc_accordion_content ui-accordion-content kc_clearfix\"><div class=\"kc-panel-body\"><div class=\"kc-elm kc-css-112357 kc_text_block\"><\/p>\n<h3>B.U.T. 1<\/h3>\n<ul>\n<li>Date de rentr\u00e9e : <strong>1<sup>er<\/sup> septembre 2025<\/strong><\/li>\n<li>Horaire : 11h<\/li>\n<li>Salle : Amphi 2<\/li>\n<\/ul>\n<h3>B.U.T. 2 &#8211; Formation temps plein<\/h3>\n<div><strong>Parcours BMB<br \/>\n<\/strong><\/div>\n<ul>\n<li>Date de rentr\u00e9e : <strong>2 septembre 2025<\/strong><\/li>\n<li>Horaire : 9h<\/li>\n<li>Salle : IC-224<\/li>\n<\/ul>\n<div><strong>Parcours SAB<\/strong><\/div>\n<div>\n<ul>\n<li>Date de rentr\u00e9e : <strong>1<sup>er<\/sup> septembre 2025<\/strong><\/li>\n<li>Horaire : 13h30<\/li>\n<li>Salle : INFO &#8211; 204 &#8211; C3<\/li>\n<\/ul>\n<h3>B.U.T. 2 &#8211; Alternance<\/h3>\n<div>\n<div><strong>Parcours SAB<br \/>\n<\/strong><\/div>\n<ul>\n<li>Date de rentr\u00e9e : <strong>2 septembre 2025<\/strong><\/li>\n<li>Horaire : 13h30<\/li>\n<li>Salle : GB-R21<\/li>\n<\/ul>\n<div>\n<h3>B.U.T. 3<\/h3>\n<div><strong>Parcours BMB<\/strong><\/div>\n<div>\n<ul>\n<li>Date de rentr\u00e9e : <strong>22 septembre 2025<\/strong><\/li>\n<li>Horaire : 9h<\/li>\n<li>Salle : IC-224<\/li>\n<\/ul>\n<div><strong>Parcours SAB<br \/>\n<\/strong><\/div>\n<div>\n<ul>\n<li>Date de rentr\u00e9e : <strong>15 septembre 2025<\/strong><\/li>\n<li>Horaire : 10h<\/li>\n<li>Salle : Amphi 2<\/li>\n<\/ul>\n<\/div>\n<\/div>\n<\/div>\n<\/div>\n<\/div>\n<p>\n<\/div><\/div><\/div><\/div><div class=\"kc-elm kc-css-307008 kc_accordion_section group \"><h3 class=\"kc_accordion_header ui-accordion-header\"><span class=\"ui-accordion-header-icon ui-icon\"><\/span><a href=\"#genie-civil-construction-durable-auxerre\" data-prevent=\"scroll\"><i class=\"\"><\/i> G\u00e9nie Civil - Construction Durable - Auxerre<\/a><\/h3><div class=\"kc_accordion_content ui-accordion-content kc_clearfix\"><div class=\"kc-panel-body\"><div class=\"kc-elm kc-css-688576 kc_text_block\"><\/p>\n<h3>B.U.T. 1<\/h3>\n<p><strong>Parcours BEC &#8211; TB &#8211; TP &#8211; Formation \u00e0 temps plein<\/strong><\/p>\n<ul>\n<li>Date de rentr\u00e9e : <strong>1<sup>er<\/sup> septembre 2025<\/strong><\/li>\n<li>Horaire : 14h<\/li>\n<li>Salle : Amphi TC<\/li>\n<\/ul>\n<p><strong>Parcours BEC &#8211; TB &#8211; TP &#8211; Formation en alternance<\/strong><\/p>\n<ul>\n<li>Date de rentr\u00e9e : <strong>1<sup>er<\/sup> septembre 2025<\/strong><\/li>\n<li>Horaire :\u00a0 9h15<\/li>\n<li>Salle : 106<\/li>\n<\/ul>\n<h3>B.U.T. 2<\/h3>\n<div><strong>Parcours BEC &#8211; TB &#8211; TP<br \/>\n<\/strong><\/div>\n<ul>\n<li>Date de rentr\u00e9e : <strong>1<sup>er<\/sup> septembre 2025<\/strong><\/li>\n<li>Horaire : 9h15<\/li>\n<li>Salle : 118<\/li>\n<\/ul>\n<div>\n<ul><\/ul>\n<h3>B.U.T. 3<\/h3>\n<div>\n<div>\n<div><strong>Parcours BEC &#8211; TB &#8211; TP<br \/>\n<\/strong><\/div>\n<div>\n<ul>\n<li>Date de rentr\u00e9e : <strong>1<sup>er<\/sup> septembre 2025<\/strong><\/li>\n<li>Horaire : 10h45<\/li>\n<li>Salle : 118<\/li>\n<\/ul>\n<\/div>\n<\/div>\n<\/div>\n<\/div>\n<p>\n<\/div><\/div><\/div><\/div><div class=\"kc-elm kc-css-244559 kc_accordion_section group \"><h3 class=\"kc_accordion_header ui-accordion-header\"><span class=\"ui-accordion-header-icon ui-icon\"><\/span><a href=\"#genie-mecanique-et-productique\" data-prevent=\"scroll\"><i class=\"\"><\/i> G\u00e9nie M\u00e9canique et Productique<\/a><\/h3><div class=\"kc_accordion_content ui-accordion-content kc_clearfix\"><div class=\"kc-panel-body\"><div class=\"kc-elm kc-css-937316 kc_text_block\"><\/p>\n<h3>B.U.T. 1<\/h3>\n<ul>\n<li>Date de rentr\u00e9e : <strong>2 septembre 2025<\/strong><\/li>\n<li>Horaire : 9h<\/li>\n<li>Salle : Amphi 1<\/li>\n<\/ul>\n<ul><\/ul>\n<h3>B.U.T. 2<\/h3>\n<div><strong>Parcours IPI &#8211; MPI &#8211; SINREV<br \/>\n<\/strong><\/div>\n<ul>\n<li>Date de rentr\u00e9e : <strong>1<sup>er<\/sup> septembre 2025<\/strong><\/li>\n<li>Horaire : 9h<\/li>\n<li>Salle : Amphi 1<\/li>\n<\/ul>\n<div>\n<ul><\/ul>\n<h3>B.U.T. 3<\/h3>\n<div>\n<div>\n<div><strong>Parcours IPI &#8211; MPI &#8211; SINREV<br \/>\n<\/strong><\/div>\n<div>\n<ul>\n<li>Date de rentr\u00e9e : <strong>1<sup>er<\/sup> septembre 2025<\/strong><\/li>\n<li>Horaire : 10h30<\/li>\n<li>Salle : Amphi 1<\/li>\n<\/ul>\n<\/div>\n<\/div>\n<\/div>\n<\/div>\n<p>\n<\/div><\/div><\/div><\/div><div class=\"kc-elm kc-css-325872 kc_accordion_section group \"><h3 class=\"kc_accordion_header ui-accordion-header\"><span class=\"ui-accordion-header-icon ui-icon\"><\/span><a href=\"#gestion-administrative-et-commerciale-des-organisations\" data-prevent=\"scroll\"><i class=\"\"><\/i> Gestion Administrative et Commerciale des Organisations<\/a><\/h3><div class=\"kc_accordion_content ui-accordion-content kc_clearfix\"><div class=\"kc-panel-body\"><div class=\"kc-elm kc-css-265674 kc_text_block\"><\/p>\n<h3>B.U.T. 1<\/h3>\n<ul>\n<li>Date de rentr\u00e9e : <strong>29 ao\u00fbt 2025<\/strong><\/li>\n<li>Horaire : 9h<\/li>\n<li>Salle : Amphi 3<\/li>\n<\/ul>\n<ul><\/ul>\n<h3>B.U.T. 2<\/h3>\n<div><strong>Parcours MCMO &#8211; MRPE<br \/>\n<\/strong><\/div>\n<ul>\n<li>Date de rentr\u00e9e : <strong>1<sup>er<\/sup> septembre 2025<\/strong><\/li>\n<li>Horaire : 10h<\/li>\n<li>Salle : Amphi 3<\/li>\n<\/ul>\n<div>\n<ul><\/ul>\n<div>\n<ul><\/ul>\n<div>\n<h3>B.U.T. 3<\/h3>\n<div><strong>Parcours MCMO &#8211; MRPE<br \/>\n<\/strong><\/div>\n<div>\n<ul>\n<li>Date de rentr\u00e9e : <strong>15 septembre 2025<\/strong><\/li>\n<li>Horaire : 9h<\/li>\n<li>Salle : Amphi 3<\/li>\n<\/ul>\n<\/div>\n<\/div>\n<\/div>\n<\/div>\n<p>\n<\/div><\/div><\/div><\/div><div class=\"kc-elm kc-css-452038 kc_accordion_section group \"><h3 class=\"kc_accordion_header ui-accordion-header\"><span class=\"ui-accordion-header-icon ui-icon\"><\/span><a href=\"#gestion-des-entreprises-et-des-administrations\" data-prevent=\"scroll\"><i class=\"\"><\/i> Gestion des Entreprises et des Administrations<\/a><\/h3><div class=\"kc_accordion_content ui-accordion-content kc_clearfix\"><div class=\"kc-panel-body\"><div class=\"kc-elm kc-css-627554 kc_text_block\"><\/p>\n<h3>B.U.T. 1<\/h3>\n<ul>\n<li>Date de rentr\u00e9e :\u00a0<strong> 4 septembre 2025<\/strong><\/li>\n<li>Horaire : 14h<\/li>\n<li>Salle : Amphi 3<\/li>\n<\/ul>\n<ul><\/ul>\n<h3>B.U.T. 2<\/h3>\n<div><strong>Parcours GC2F &#8211; GEMA &#8211; GPRH<br \/>\n<\/strong><\/div>\n<ul>\n<li>Date de rentr\u00e9e : <strong>2 septembre 2025<\/strong><\/li>\n<li>Horaire : 8h<\/li>\n<li>Salle : Amphi 3<\/li>\n<\/ul>\n<div>\n<ul><\/ul>\n<div>\n<ul><\/ul>\n<div>\n<h3>B.U.T. 3<\/h3>\n<div><strong>Parcours GC2F &#8211; GEMA &#8211; GPRH<br \/>\n<\/strong><\/div>\n<div>\n<ul>\n<li>Date de rentr\u00e9e : <strong>8 septembre 2025<\/strong><\/li>\n<li>Horaire : 8h30<\/li>\n<li>Salle : Amphi 1<\/li>\n<\/ul>\n<\/div>\n<\/div>\n<\/div>\n<\/div>\n<p>\n<\/div><\/div><\/div><\/div><div class=\"kc-elm kc-css-827392 kc_accordion_section group \"><h3 class=\"kc_accordion_header ui-accordion-header\"><span class=\"ui-accordion-header-icon ui-icon\"><\/span><a href=\"#information-communication\" data-prevent=\"scroll\"><i class=\"\"><\/i> Information - Communication<\/a><\/h3><div class=\"kc_accordion_content ui-accordion-content kc_clearfix\"><div class=\"kc-panel-body\"><div class=\"kc-elm kc-css-503490 kc_text_block\"><\/p>\n<h3>B.U.T. 1<\/h3>\n<p><strong>Parcours COMOR &#8211; MLP<\/strong><\/p>\n<ul>\n<li>Date de rentr\u00e9e :\u00a0<strong> 1<sup>er<\/sup> septembre 2025<\/strong><\/li>\n<li>Horaire : 8h30<\/li>\n<li>Salle : Amphi 2<\/li>\n<\/ul>\n<ul><\/ul>\n<h3>B.U.T. 2<\/h3>\n<div><strong>Parcours COMOR &#8211; MLP<br \/>\n<\/strong><\/div>\n<ul>\n<li>Date de rentr\u00e9e : <strong>8 septembre 2025<\/strong><\/li>\n<li>Horaire : 8h<\/li>\n<li>Salle : Amphi 3<\/li>\n<\/ul>\n<div>\n<ul><\/ul>\n<div>\n<ul><\/ul>\n<div>\n<h3>B.U.T. 3<\/h3>\n<div><strong>Parcours COMOR &#8211; MLP<br \/>\n<\/strong><\/div>\n<div>\n<ul>\n<li>Date de rentr\u00e9e : <strong>8 septembre 2025<\/strong><\/li>\n<li>Horaire : 9h<\/li>\n<li>Salle : Amphi 2<\/li>\n<\/ul>\n<\/div>\n<\/div>\n<\/div>\n<\/div>\n<p>\n<\/div><\/div><\/div><\/div><div class=\"kc-elm kc-css-371940 kc_accordion_section group \"><h3 class=\"kc_accordion_header ui-accordion-header\"><span class=\"ui-accordion-header-icon ui-icon\"><\/span><a href=\"#informatique-dijon\" data-prevent=\"scroll\"><i class=\"\"><\/i> Informatique - Dijon<\/a><\/h3><div class=\"kc_accordion_content ui-accordion-content kc_clearfix\"><div class=\"kc-panel-body\"><div class=\"kc-elm kc-css-897353 kc_text_block\"><\/p>\n<h3>B.U.T. 1<\/h3>\n<ul>\n<li>Date de rentr\u00e9e : <strong>1<sup>er<\/sup> septembre 2025<\/strong><strong><br \/>\n<\/strong><\/li>\n<li>Horaire : 8h<\/li>\n<li>Salle : Amphi 3<\/li>\n<\/ul>\n<h3>B.U.T. 2<\/h3>\n<div><strong>Parcours CDV<br \/>\n<\/strong><\/div>\n<ul>\n<li>Date de rentr\u00e9e : <strong>1<sup>er<\/sup> septembre 2025<\/strong><strong><br \/>\n<\/strong><\/li>\n<li>Horaire : 8h30<\/li>\n<li>Salle : INFO-150<\/li>\n<\/ul>\n<div>\n<ul><\/ul>\n<div>\n<ul><\/ul>\n<div>\n<h3>B.U.T. 3<\/h3>\n<div><strong>Parcours CDV<br \/>\n<\/strong><\/div>\n<div>\n<ul>\n<li>Date de rentr\u00e9e : <strong>1<sup>er<\/sup> septembre 2025<\/strong><\/li>\n<li>Horaire : 10h<\/li>\n<li>Salle : INFO-150<\/li>\n<\/ul>\n<\/div>\n<\/div>\n<\/div>\n<\/div>\n<p>\n<\/div><\/div><\/div><\/div><div class=\"kc-elm kc-css-81845 kc_accordion_section group \"><h3 class=\"kc_accordion_header ui-accordion-header\"><span class=\"ui-accordion-header-icon ui-icon\"><\/span><a href=\"#informatique-nevers\" data-prevent=\"scroll\"><i class=\"\"><\/i> Informatique - Nevers<\/a><\/h3><div class=\"kc_accordion_content ui-accordion-content kc_clearfix\"><div class=\"kc-panel-body\"><div class=\"kc-elm kc-css-289469 kc_text_block\"><\/p>\n<h3>B.U.T. 1<\/h3>\n<ul>\n<li>Date de rentr\u00e9e : <strong>8 septembre 2025<\/strong><\/li>\n<li>Horaire : 8h30<\/li>\n<li>Salle : C101<\/li>\n<\/ul>\n<h3>B.U.T. 2<\/h3>\n<div><strong>Parcours CDV<br \/>\n<\/strong><\/div>\n<ul>\n<li>Date de rentr\u00e9e : <strong>1<sup>er<\/sup> septembre 2025<\/strong><\/li>\n<li>Horaire : 8h<\/li>\n<li>Salle :<\/li>\n<\/ul>\n<div>\n<ul><\/ul>\n<div>\n<ul><\/ul>\n<div>\n<h3>B.U.T. 3<\/h3>\n<div><strong>Parcours CDV<br \/>\n<\/strong><\/div>\n<div>\n<ul>\n<li>Date de rentr\u00e9e : <strong>1<sup>er<\/sup> septembre 2025<\/strong><\/li>\n<li>Horaire : 8h<\/li>\n<li>Salle :<\/li>\n<\/ul>\n<\/div>\n<\/div>\n<\/div>\n<\/div>\n<p>\n<\/div><\/div><\/div><\/div><div class=\"kc-elm kc-css-651760 kc_accordion_section group \"><h3 class=\"kc_accordion_header ui-accordion-header\"><span class=\"ui-accordion-header-icon ui-icon\"><\/span><a href=\"#metiers-du-multimedia-et-de-laposinternet\" data-prevent=\"scroll\"><i class=\"\"><\/i> M\u00e9tiers du Multim\u00e9dia et de l:apos:Internet<\/a><\/h3><div class=\"kc_accordion_content ui-accordion-content kc_clearfix\"><div class=\"kc-panel-body\"><div class=\"kc-elm kc-css-356641 kc_text_block\"><\/p>\n<h3>B.U.T. 1<\/h3>\n<ul>\n<li>Date de rentr\u00e9e :\u00a0<strong> 3 septembre 2025<\/strong><\/li>\n<li>Horaire : 9h30<\/li>\n<li>Salle : Amphi 3<\/li>\n<\/ul>\n<h3>B.U.T. 2<\/h3>\n<div><strong>Parcours CN &#8211; DWDI &#8211; SCN2D<br \/>\n<\/strong><\/div>\n<ul>\n<li>Date de rentr\u00e9e : <strong>8 septembre 2025<\/strong><\/li>\n<li>Horaire : 9h30<\/li>\n<li>Salle : Amphi 3<\/li>\n<\/ul>\n<div>\n<ul><\/ul>\n<div>\n<ul><\/ul>\n<div>\n<h3>B.U.T. 3<\/h3>\n<div><strong>Parcours CN &#8211; DWDI &#8211; SCN2D<br \/>\n<\/strong><\/div>\n<div>\n<ul>\n<li>Date de rentr\u00e9e : <strong>15 septembre 2025<\/strong><\/li>\n<li>Horaire : 9h30<\/li>\n<li>Salle : INFO-204<\/li>\n<\/ul>\n<\/div>\n<\/div>\n<\/div>\n<\/div>\n<p>\n<\/div><\/div><\/div><\/div><div class=\"kc-elm kc-css-469648 kc_accordion_section group \"><h3 class=\"kc_accordion_header ui-accordion-header\"><span class=\"ui-accordion-header-icon ui-icon\"><\/span><a href=\"#reseaux-et-telecommunications-auxerre\" data-prevent=\"scroll\"><i class=\"\"><\/i> R\u00e9seaux et T\u00e9l\u00e9communications - Auxerre<\/a><\/h3><div class=\"kc_accordion_content ui-accordion-content kc_clearfix\"><div class=\"kc-panel-body\"><div class=\"kc-elm kc-css-319896 kc_text_block\"><\/p>\n<h3>B.U.T. 1<\/h3>\n<ul>\n<li>Date de rentr\u00e9e :\u00a0<strong> 1<sup>er<\/sup> septembre 2025<\/strong><\/li>\n<li>Horaire : 8h15<\/li>\n<li>Salle : Amphi RT<\/li>\n<\/ul>\n<h3>B.U.T. 2 et 3<\/h3>\n<ul>\n<li>Date de rentr\u00e9e :\u00a0<strong> 1<sup>er<\/sup> septembre 2025<\/strong><\/li>\n<li>Horaire : 9h15<\/li>\n<li>Salle : Amphi RT<\/li>\n<\/ul>\n<ul><\/ul>\n<ul><\/ul>\n<p>\n<\/div><\/div><\/div><\/div><div class=\"kc-elm kc-css-861324 kc_accordion_section group \"><h3 class=\"kc_accordion_header ui-accordion-header\"><span class=\"ui-accordion-header-icon ui-icon\"><\/span><a href=\"#techniques-de-commercialisation-auxerre\" data-prevent=\"scroll\"><i class=\"\"><\/i> Techniques de Commercialisation - Auxerre<\/a><\/h3><div class=\"kc_accordion_content ui-accordion-content kc_clearfix\"><div class=\"kc-panel-body\"><div class=\"kc-elm kc-css-3961 kc_text_block\"><\/p>\n<h3>B.U.T. 1 &#8211; Formation temps plein<\/h3>\n<ul>\n<li>Date de rentr\u00e9e :\u00a0<strong> 2 septembre 2025<\/strong><\/li>\n<li>Horaire : 10h<\/li>\n<li>Salle : Amphi TC<\/li>\n<\/ul>\n<h3>B.U.T. 1 &#8211; Alternance<\/h3>\n<ul>\n<li>Date de rentr\u00e9e :\u00a0<strong> 8 septembre 2025<\/strong><\/li>\n<li>Horaire : 8h30<\/li>\n<li>Salle : 11<\/li>\n<\/ul>\n<h3>B.U.T. 2<strong><\/strong><\/h3>\n<p><strong>Parcours BDMRC &#8211; BIAV &#8211; MDEBE<\/strong><\/p>\n<ul>\n<li>Date de rentr\u00e9e : <strong>1<sup>er<\/sup> septembre 2025<\/strong><\/li>\n<li>Horaire : 9h<\/li>\n<li>Salle : Amphi TC<\/li>\n<\/ul>\n<div>\n<ul><\/ul>\n<div>\n<ul><\/ul>\n<div>\n<h3>B.U.T. 3<\/h3>\n<p><strong>Parcours BDMRC<\/strong><\/p>\n<div>\n<ul>\n<li>Date de rentr\u00e9e : <strong>15 septembre 2025<\/strong><\/li>\n<li>Horaire : 10h<\/li>\n<li>Salle : Amphi TC<\/li>\n<\/ul>\n<p><strong>Parcours BIAV<\/strong><\/p>\n<div>\n<ul>\n<li>Date de rentr\u00e9e : <strong>8 septembre 2025<\/strong><\/li>\n<li>Horaire : 10h<\/li>\n<li>Salle : Amphi TC<\/li>\n<\/ul>\n<p><strong>Parcours MDEBE<\/strong><\/p>\n<div>\n<ul>\n<li>Date de rentr\u00e9e : <strong>15 septembre 2025<\/strong><\/li>\n<li>Horaire : 8h30<\/li>\n<li>Salle : Amphi TC<\/li>\n<\/ul>\n<\/div>\n<\/div>\n<\/div>\n<\/div>\n<\/div>\n<\/div>\n<p>\n<\/div><\/div><\/div><\/div><\/div>\n\n<div class=\"kc-elm kc-css-99133 kc-pro-button kc-button-1\">\n\t<a href=\"https:\/\/iutdijon.u-bourgogne.fr\/www\/scolarite\/calendriers\/vacances-formations-a-temps-plein.html\" title=\"Site de l:apos:IUT : calendriers des suspensions de cours\">\n\t\t<span class=\"creative_title\">Voir aussi : suspensions de cours<\/span>\t<\/a>\n<\/div>\n<\/div><\/div><div id=\"gk-sidebar\" class=\"kc-elm kc-css-294579 kc_col-sm-4 kc_column kc_col-sm-4\"><div class=\"kc-col-container\"><div class=\"widget pagesinwidgets_post_section kc-elm kc-css-915947\">\t\t\t<div class=\"homepost_section\">\r\n\t\t\t\t<style type=\"text\/css\"><\/style>\n<section class=\"kc-elm kc-css-2685154 kc_row\">\n<div class=\"kc-row-container  kc-container\">\n<div class=\"kc-wrap-columns\">\n<div class=\"kc-elm kc-css-231870 kc_col-sm-12 kc_column kc_col-sm-12\">\n<div class=\"kc-col-container\">\n<div class=\"kc-elm kc-css-574843 kc_text_block contacts\">\n<h2>Contacts<\/h2>\n<ul>\n<li><strong><span>Responsable<\/span> : <\/strong>Dante PARINI<br \/>\nT\u00e9l. 03 80 39 64 10 I <a href=\"mailto:dante.parini@iut-dijon.u-bourgogne.fr\" title=\"Dante.parini@iut-dijon.u-bourgogne.fr\">dante.parini<span id=\"cloak77908\">@iut-dijon.u-bourgogne.fr<\/span><\/a><\/li>\n<li><strong><span>Contact scolarit\u00e9 d\u00e9partements GEA, DUCG et DUSCG<\/span> : <\/strong>GUYON CHRISTINE<br \/>\nT\u00e9l. 03 80 39 65 39 I christine.guyon<a href=\"mailto:kenza.hafiane@iut-dijon.u-bourgogne.fr\" title=\"Kenza.hafiane@iut-dijon.u-bourgogne.fr\"><span id=\"cloak77908\">@iut-dijon.u-bourgogne.fr<\/span><\/a><\/li>\n<li><strong><span>Contact scolarit\u00e9 d\u00e9partements INFO et GB<\/span> : <\/strong>Nasr-Eddine BENHADDOU<br \/>\nT\u00e9l. 03 80 39 65 69 I <a href=\"mailto:n.benhaddou@iut-dijon.u-bourgogne.fr\" title=\"N.benhaddou@iut-dijon.u-bourgogne.fr\">n.benhaddou<span id=\"cloak77908\">@iut-dijon.u-bourgogne.fr<\/span><\/a><\/li>\n<li><strong><span>Contact scolarit\u00e9 d\u00e9partements GACO et MMI<\/span> : <\/strong>Roseline FABIANO<br \/>\nT\u00e9l. 03 80 39 65 19 I roseline.fabiano<a href=\"mailto:edith.daval@iut-dijon.u-bourgogne.fr\" title=\"Edith.daval@iut-dijon.u-bourgogne.fr\"><span id=\"cloak77908\">@iut-dijon.u-bourgogne.fr<\/span><\/a><\/li>\n<li><strong><span>Contact scolarit\u00e9 d\u00e9partement GMP et IC<\/span> : <\/strong>Calvin SELINGUES<br \/>\nT\u00e9l. 03 80 39 65 34 I <a href=\"https:\/\/iutdijon.u-bourgogne.fr\/www\/contacts\/calvin.selingues@iut-dijon.u-bourgogne.fr\" rel=\"\" title=\"Envoyer un mail \u00e0 Liana Bensaim\">calvin.selingues<span id=\"cloak77908\">@iut-dijon.u-bourgogne.fr<\/span><\/a><\/li>\n<li><strong><span>Contact scolarit\u00e9 d\u00e9partements GCCD, RT et TC<\/span> : <\/strong>Katia SERRADJ<br \/>\nT\u00e9l. 03 80 39 65 33 I <a href=\"mailto:scol1@iut-dijon.u-bourgogne.fr\" title=\"Scol1@iut-dijon.u-bourgogne.fr\"><span id=\"cloak77908\">scol1@iut-dijon.u-bourgogne.fr<\/span><\/a><\/li>\n<li><strong>Contact scolarit\u00e9 Relations internationales<\/strong> :\u00a0<br \/>\nT\u00e9l 03 80 39 64 49 | <a href=\"mailto:ri@iut-dijon.u-bourgogne.fr\" title=\"Envoyer un mail aux relations internationales de l'IUT\">ri@iut-dijon.u-bourgogne.fr<\/a><\/li>\n<\/ul>\n<\/div>\n<\/div>\n<\/div>\n<\/div>\n<\/div>\n<\/section>\n\t\t\t\t<\/div>\r\n\t\t\t<\/div><\/div><\/div><\/div><\/div><\/section>\n","protected":false},"excerpt":{"rendered":"<p>&hellip;<\/p>\n","protected":false},"author":3185,"featured_media":0,"comment_status":"open","ping_status":"open","sticky":false,"template":"","format":"standard","meta":{"_lmt_disableupdate":"no","_lmt_disable":"no"},"categories":[888],"tags":[],"acf":[],"yoast_head":"<!-- This site is optimized with the Yoast SEO plugin v17.2 - https:\/\/yoast.com\/wordpress\/plugins\/seo\/ -->\n<meta name=\"robots\" content=\"index, follow, max-snippet:-1, max-image-preview:large, max-video-preview:-1\" \/>\n<link rel=\"canonical\" href=\"https:\/\/iutdijon.u-bourgogne.fr\/www\/scolarite\/calendriers\/dates-de-rentree-b-u-t.html\" \/>\n<meta property=\"og:locale\" content=\"fr_FR\" \/>\n<meta property=\"og:type\" content=\"article\" \/>\n<meta property=\"og:title\" content=\"Dates de rentr\u00e9e B.U.T. &gt; IUT Dijon-Auxerre-Nevers\" \/>\n<meta property=\"og:description\" content=\"Dates et lieux de rentr\u00e9e en B.U.T. &#8211; 2025-26 G\u00e9nie Biologique B.U.T. 1 Date de rentr\u00e9e : 1er septembre 2025 Horaire : 11h Salle : Amphi 2 B.U.T. 2 &#8211; Formation temps&hellip;\" \/>\n<meta property=\"og:url\" content=\"https:\/\/iutdijon.u-bourgogne.fr\/www\/scolarite\/calendriers\/dates-de-rentree-b-u-t.html\" \/>\n<meta property=\"og:site_name\" content=\"IUT Dijon-Auxerre-Nevers\" \/>\n<meta property=\"article:published_time\" content=\"2023-05-24T07:03:55+00:00\" \/>\n<meta property=\"article:modified_time\" content=\"2025-06-16T08:44:32+00:00\" \/>\n<meta name=\"twitter:card\" content=\"summary_large_image\" \/>\n<meta name=\"twitter:label1\" content=\"\u00c9crit par\" \/>\n\t<meta name=\"twitter:data1\" content=\"Jeanne-Marie BORDELOT\" \/>\n\t<meta name=\"twitter:label2\" content=\"Dur\u00e9e de lecture est.\" \/>\n\t<meta name=\"twitter:data2\" content=\"4 minutes\" \/>\n<script type=\"application\/ld+json\" class=\"yoast-schema-graph\">{\"@context\":\"https:\/\/schema.org\",\"@graph\":[{\"@type\":\"WebSite\",\"@id\":\"https:\/\/iutdijon.u-bourgogne.fr\/www\/#website\",\"url\":\"https:\/\/iutdijon.u-bourgogne.fr\/www\/\",\"name\":\"IUT Dijon-Auxerre-Nevers\",\"description\":\"L&#039;IUT Dijon-Auxerre-Nevers propose des formations post-bac dans les secteurs Informatique, Tertiaire et Industriel. Il d\\u00e9livre des dipl\\u00f4mes \\u00e0 Bac+3 (Bachelors Universitaires de Technologie ou Licences Professionnelles).\",\"potentialAction\":[{\"@type\":\"SearchAction\",\"target\":{\"@type\":\"EntryPoint\",\"urlTemplate\":\"https:\/\/iutdijon.u-bourgogne.fr\/www\/?s={search_term_string}\"},\"query-input\":\"required name=search_term_string\"}],\"inLanguage\":\"fr-FR\"},{\"@type\":\"WebPage\",\"@id\":\"https:\/\/iutdijon.u-bourgogne.fr\/www\/scolarite\/calendriers\/dates-de-rentree-b-u-t.html#webpage\",\"url\":\"https:\/\/iutdijon.u-bourgogne.fr\/www\/scolarite\/calendriers\/dates-de-rentree-b-u-t.html\",\"name\":\"Dates de rentr\\u00e9e B.U.T. &gt; IUT Dijon-Auxerre-Nevers\",\"isPartOf\":{\"@id\":\"https:\/\/iutdijon.u-bourgogne.fr\/www\/#website\"},\"datePublished\":\"2023-05-24T07:03:55+00:00\",\"dateModified\":\"2025-06-16T08:44:32+00:00\",\"author\":{\"@id\":\"https:\/\/iutdijon.u-bourgogne.fr\/www\/#\/schema\/person\/fc0840e606b0fe8198fbc1fc38f254b7\"},\"breadcrumb\":{\"@id\":\"https:\/\/iutdijon.u-bourgogne.fr\/www\/scolarite\/calendriers\/dates-de-rentree-b-u-t.html#breadcrumb\"},\"inLanguage\":\"fr-FR\",\"potentialAction\":[{\"@type\":\"ReadAction\",\"target\":[\"https:\/\/iutdijon.u-bourgogne.fr\/www\/scolarite\/calendriers\/dates-de-rentree-b-u-t.html\"]}]},{\"@type\":\"BreadcrumbList\",\"@id\":\"https:\/\/iutdijon.u-bourgogne.fr\/www\/scolarite\/calendriers\/dates-de-rentree-b-u-t.html#breadcrumb\",\"itemListElement\":[{\"@type\":\"ListItem\",\"position\":1,\"name\":\"Accueil\",\"item\":\"https:\/\/iutdijon.u-bourgogne.fr\/www\/\"},{\"@type\":\"ListItem\",\"position\":2,\"name\":\"Scolarit\\u00e9\",\"item\":\"https:\/\/iutdijon.u-bourgogne.fr\/www\/category\/scolarite\"},{\"@type\":\"ListItem\",\"position\":3,\"name\":\"Calendriers\",\"item\":\"https:\/\/iutdijon.u-bourgogne.fr\/www\/category\/scolarite\/calendriers\"},{\"@type\":\"ListItem\",\"position\":4,\"name\":\"Dates de rentr\\u00e9e B.U.T.\"}]},{\"@type\":\"Person\",\"@id\":\"https:\/\/iutdijon.u-bourgogne.fr\/www\/#\/schema\/person\/fc0840e606b0fe8198fbc1fc38f254b7\",\"name\":\"Jeanne-Marie BORDELOT\",\"image\":{\"@type\":\"ImageObject\",\"@id\":\"https:\/\/iutdijon.u-bourgogne.fr\/www\/#personlogo\",\"inLanguage\":\"fr-FR\",\"url\":\"https:\/\/secure.gravatar.com\/avatar\/aba6f04b7ddaa95d23b791bf7fe581fc?s=96&d=mm&r=g\",\"contentUrl\":\"https:\/\/secure.gravatar.com\/avatar\/aba6f04b7ddaa95d23b791bf7fe581fc?s=96&d=mm&r=g\",\"caption\":\"Jeanne-Marie BORDELOT\"},\"url\":\"https:\/\/iutdijon.u-bourgogne.fr\/www\/author\/jmbord\"}]}<\/script>\n<!-- \/ Yoast SEO plugin. -->","yoast_head_json":{"robots":{"index":"index","follow":"follow","max-snippet":"max-snippet:-1","max-image-preview":"max-image-preview:large","max-video-preview":"max-video-preview:-1"},"canonical":"https:\/\/iutdijon.u-bourgogne.fr\/www\/scolarite\/calendriers\/dates-de-rentree-b-u-t.html","og_locale":"fr_FR","og_type":"article","og_title":"Dates de rentr\u00e9e B.U.T. &gt; IUT Dijon-Auxerre-Nevers","og_description":"Dates et lieux de rentr\u00e9e en B.U.T. &#8211; 2025-26 G\u00e9nie Biologique B.U.T. 1 Date de rentr\u00e9e : 1er septembre 2025 Horaire : 11h Salle : Amphi 2 B.U.T. 2 &#8211; Formation temps&hellip;","og_url":"https:\/\/iutdijon.u-bourgogne.fr\/www\/scolarite\/calendriers\/dates-de-rentree-b-u-t.html","og_site_name":"IUT Dijon-Auxerre-Nevers","article_published_time":"2023-05-24T07:03:55+00:00","article_modified_time":"2025-06-16T08:44:32+00:00","twitter_card":"summary_large_image","twitter_misc":{"\u00c9crit par":"Jeanne-Marie BORDELOT","Dur\u00e9e de lecture est.":"4 minutes"},"schema":{"@context":"https:\/\/schema.org","@graph":[{"@type":"WebSite","@id":"https:\/\/iutdijon.u-bourgogne.fr\/www\/#website","url":"https:\/\/iutdijon.u-bourgogne.fr\/www\/","name":"IUT Dijon-Auxerre-Nevers","description":"L&#039;IUT Dijon-Auxerre-Nevers propose des formations post-bac dans les secteurs Informatique, Tertiaire et Industriel. Il d\u00e9livre des dipl\u00f4mes \u00e0 Bac+3 (Bachelors Universitaires de Technologie ou Licences Professionnelles).","potentialAction":[{"@type":"SearchAction","target":{"@type":"EntryPoint","urlTemplate":"https:\/\/iutdijon.u-bourgogne.fr\/www\/?s={search_term_string}"},"query-input":"required name=search_term_string"}],"inLanguage":"fr-FR"},{"@type":"WebPage","@id":"https:\/\/iutdijon.u-bourgogne.fr\/www\/scolarite\/calendriers\/dates-de-rentree-b-u-t.html#webpage","url":"https:\/\/iutdijon.u-bourgogne.fr\/www\/scolarite\/calendriers\/dates-de-rentree-b-u-t.html","name":"Dates de rentr\u00e9e B.U.T. &gt; IUT Dijon-Auxerre-Nevers","isPartOf":{"@id":"https:\/\/iutdijon.u-bourgogne.fr\/www\/#website"},"datePublished":"2023-05-24T07:03:55+00:00","dateModified":"2025-06-16T08:44:32+00:00","author":{"@id":"https:\/\/iutdijon.u-bourgogne.fr\/www\/#\/schema\/person\/fc0840e606b0fe8198fbc1fc38f254b7"},"breadcrumb":{"@id":"https:\/\/iutdijon.u-bourgogne.fr\/www\/scolarite\/calendriers\/dates-de-rentree-b-u-t.html#breadcrumb"},"inLanguage":"fr-FR","potentialAction":[{"@type":"ReadAction","target":["https:\/\/iutdijon.u-bourgogne.fr\/www\/scolarite\/calendriers\/dates-de-rentree-b-u-t.html"]}]},{"@type":"BreadcrumbList","@id":"https:\/\/iutdijon.u-bourgogne.fr\/www\/scolarite\/calendriers\/dates-de-rentree-b-u-t.html#breadcrumb","itemListElement":[{"@type":"ListItem","position":1,"name":"Accueil","item":"https:\/\/iutdijon.u-bourgogne.fr\/www\/"},{"@type":"ListItem","position":2,"name":"Scolarit\u00e9","item":"https:\/\/iutdijon.u-bourgogne.fr\/www\/category\/scolarite"},{"@type":"ListItem","position":3,"name":"Calendriers","item":"https:\/\/iutdijon.u-bourgogne.fr\/www\/category\/scolarite\/calendriers"},{"@type":"ListItem","position":4,"name":"Dates de rentr\u00e9e B.U.T."}]},{"@type":"Person","@id":"https:\/\/iutdijon.u-bourgogne.fr\/www\/#\/schema\/person\/fc0840e606b0fe8198fbc1fc38f254b7","name":"Jeanne-Marie BORDELOT","image":{"@type":"ImageObject","@id":"https:\/\/iutdijon.u-bourgogne.fr\/www\/#personlogo","inLanguage":"fr-FR","url":"https:\/\/secure.gravatar.com\/avatar\/aba6f04b7ddaa95d23b791bf7fe581fc?s=96&d=mm&r=g","contentUrl":"https:\/\/secure.gravatar.com\/avatar\/aba6f04b7ddaa95d23b791bf7fe581fc?s=96&d=mm&r=g","caption":"Jeanne-Marie BORDELOT"},"url":"https:\/\/iutdijon.u-bourgogne.fr\/www\/author\/jmbord"}]}},"modified_by":"Jeanne-Marie BORDELOT","_links":{"self":[{"href":"https:\/\/iutdijon.u-bourgogne.fr\/www\/wp-json\/wp\/v2\/posts\/12189"}],"collection":[{"href":"https:\/\/iutdijon.u-bourgogne.fr\/www\/wp-json\/wp\/v2\/posts"}],"about":[{"href":"https:\/\/iutdijon.u-bourgogne.fr\/www\/wp-json\/wp\/v2\/types\/post"}],"author":[{"embeddable":true,"href":"https:\/\/iutdijon.u-bourgogne.fr\/www\/wp-json\/wp\/v2\/users\/3185"}],"replies":[{"embeddable":true,"href":"https:\/\/iutdijon.u-bourgogne.fr\/www\/wp-json\/wp\/v2\/comments?post=12189"}],"version-history":[{"count":60,"href":"https:\/\/iutdijon.u-bourgogne.fr\/www\/wp-json\/wp\/v2\/posts\/12189\/revisions"}],"predecessor-version":[{"id":14608,"href":"https:\/\/iutdijon.u-bourgogne.fr\/www\/wp-json\/wp\/v2\/posts\/12189\/revisions\/14608"}],"wp:attachment":[{"href":"https:\/\/iutdijon.u-bourgogne.fr\/www\/wp-json\/wp\/v2\/media?parent=12189"}],"wp:term":[{"taxonomy":"category","embeddable":true,"href":"https:\/\/iutdijon.u-bourgogne.fr\/www\/wp-json\/wp\/v2\/categories?post=12189"},{"taxonomy":"post_tag","embeddable":true,"href":"https:\/\/iutdijon.u-bourgogne.fr\/www\/wp-json\/wp\/v2\/tags?post=12189"}],"curies":[{"name":"wp","href":"https:\/\/api.w.org\/{rel}","templated":true}]}}