{"id":10822,"date":"2023-02-10T08:09:14","date_gmt":"2023-02-10T07:09:14","guid":{"rendered":"https:\/\/iutdijon.u-bourgogne.fr\/www\/?p=10822"},"modified":"2023-02-21T15:16:29","modified_gmt":"2023-02-21T14:16:29","slug":"job-datings-metiers-du-numerique-ou-rh-comptabilite-rendez-vous-en-mars","status":"publish","type":"post","link":"https:\/\/iutdijon.u-bourgogne.fr\/www\/actualites\/job-datings-metiers-du-numerique-ou-rh-comptabilite-rendez-vous-en-mars.html","title":{"rendered":"Job-datings m\u00e9tiers du num\u00e9rique ou RH &#038; comptabilit\u00e9 : rendez-vous en mars !"},"content":{"rendered":"<section class=\"kc-elm kc-css-267848 kc_row\"><div class=\"kc-row-container  kc-container\"><div class=\"kc-wrap-columns\"><div class=\"kc-elm kc-css-730379 kc_col-sm-12 kc_column kc_col-sm-12\"><div class=\"kc-col-container\"><div class=\"kc-elm kc-css-538510 kc_text_block\"><\/p>\n<p><span class=\"chapo\">Futurs alternants dans les formations suivantes, vous pouvez participer aux job-datings organis\u00e9s par le SEFCA et l&rsquo;IUT. <br \/>\n<\/span><\/p>\n<p>&nbsp;<\/p>\n<p>\n<\/div><div data-closeall=\"true\" class=\"kc-elm kc-css-567149 kc_accordion_wrapper\">\n<div class=\"kc-elm kc-css-315858 kc_accordion_section group \"><h3 class=\"kc_accordion_header ui-accordion-header\"><span class=\"ui-accordion-header-icon ui-icon\"><\/span><a href=\"#le-2-mars-2023-job-dating-rh-comptabilite\" data-prevent=\"scroll\"><i class=\"\"><\/i> Le 2 mars 2023 : job-dating RH &amp; Comptabilit\u00e9<\/a><\/h3><div class=\"kc_accordion_content ui-accordion-content kc_clearfix\"><div class=\"kc-panel-body\"><div class=\"kc-elm kc-css-436967 kc_text_block\"><\/p>\n<p>Si vous pensez vous inscrire en alternance en<\/p>\n<ul>\n<li>Licence Professionnelle Gestion des Ressources Humaines \u00e0 Auxerre<\/li>\n<li>Licence Professionnelle Gestion de la Paie et du Social,<\/li>\n<li>Dipl\u00f4me Universitaire de Comptabilit\u00e9 et de Gestion,<\/li>\n<li>BUT GEA, parcours Gestion et pilotage des ressources humaines<\/li>\n<li>BUT GEA, parcours Gestion entrepreneuriat et management d\u2019activit\u00e9s<\/li>\n<li>BUT GEA, parcours Gestion comptable, fiscale et financi\u00e8re\u00a0<\/li>\n<li>Dipl\u00f4me Universitaire Sup\u00e9rieur de Comptabilit\u00e9 et de Gestion<\/li>\n<\/ul>\n<p>vous pouvez vous<a href=\"https:\/\/sefca.u-bourgogne.fr\/actualites-sefca\/2-non-categorise\/472-job-dating-rh-comptabilite-3.html\" target=\"_blank\" title=\"Nouvelle fen\u00eatre : SEFCA\" rel=\"noopener\"> inscrire pour participer au job-dating Alternance<\/a> et rencontrer<\/p>\n<ul>\n<li>\n<p>AUCAP TERRAVEA<br \/>\n<a href=\"https:\/\/sefca.u-bourgogne.fr\/images\/stories\/Plaquette_AUCAP_-_nume\u0301rique-2023_BD.pdf\">Plaquette de pr\u00e9sentation<\/a><\/p>\n<\/li>\n<li>\n<p>Cerfrance<br \/>\n<a href=\"https:\/\/sefca.u-bourgogne.fr\/images\/stories\/Pr\u00e9sentation_JOBDATING_IUT_DIJON_AUXERRE_2023-compress\u00e9.pdf\">Pr\u00e9sentation<\/a><br \/>\n<a href=\"https:\/\/sefca.u-bourgogne.fr\/images\/stories\/offre_alternance_comptabilit\u00e9_DCG_DSCG_2023.pdf\">Offre d&rsquo;alternance<\/a><\/p>\n<\/li>\n<li>\n<p>Direction R\u00e9gionale des Finances Publiques BFC<br \/>\n<a href=\"https:\/\/www.economie.gouv.fr\/dgfip\" target=\"_blank\" rel=\"noopener\" title=\"Nouvelle fen\u00eatre : Site du minist\u00e8re de l'\u00e9conomie\">https:\/\/www.economie.gouv.fr\/dgfip<\/a><\/p>\n<\/li>\n<li>\n<p>Eca Nexia<br \/>\n<a href=\"https:\/\/sefca.u-bourgogne.fr\/images\/stories\/20230302-Pr\u00e9sentation_ECA_Jobdating-IUT-Dijon-Auxerre-comp.pdf\">Pr\u00e9sentation<\/a><\/p>\n<\/li>\n<li>\n<p>Exco Socodec<br \/>\n<a href=\"https:\/\/sefca.u-bourgogne.fr\/images\/stories\/Pr\u00e9sentation_Exco_Socodec_Job_Dating_-_03.2023.pdf\">Pr\u00e9sentation<\/a><\/p>\n<\/li>\n<li>\n<p>FCE Consulting<br \/>\n<a href=\"https:\/\/www.groupelds.com\/\" target=\"_blank\" rel=\"noopener\" title=\"Nouvelle fen\u00eatre : Site du Groupe ELDS\">https:\/\/www.groupelds.com\/<\/a><\/p>\n<\/li>\n<li>\n<p>Groupe Andr\u00e9<br \/>\n<a href=\"https:\/\/sefca.u-bourgogne.fr\/images\/stories\/groupe_andr\u00e9.pdf\">Pr\u00e9sentation<\/a><\/p>\n<\/li>\n<li>\n<p>Le Pole RH<br \/>\nCabinet d\u2019Expertise Sociale innovant, dynamique et \u00e0 la pointe des technologies, Le P\u00f4le RH intervient aupr\u00e8s d\u2019une client\u00e8le diversifi\u00e9e de PME, TPE, artisans, commer\u00e7ants, agriculteurs, viticulteurs et professions lib\u00e9rales, mais aussi aupr\u00e8s de certains clients \u00e9trangers. Les collaborateurs sont r\u00e9partis sur plusieurs sites bas\u00e9s principalement en Champagne, Bourgogne et Provence \u2013 Alpes C\u00f4te d\u2019Azur<\/p>\n<\/li>\n<li>\n<p>PFK Arsilon<br \/>\n<a href=\"https:\/\/sefca.u-bourgogne.fr\/images\/stories\/OFFRE_ALTERNANCE_EXPERTISE_-_PKF_Arsilon_Dijon.pdf\" title=\"Offre D\u2019alternance\">Offre d&rsquo;alternance<\/a><\/p>\n<\/li>\n<li>\n<p>Transarc<br \/>\n<a href=\"https:\/\/sefca.u-bourgogne.fr\/images\/stories\/Offre_alternance_Adjoint_Op\u00e9rationnel_H-F.pdf\" title=\"Offre Alternance Adjoint Op\u00e9rationnel (H\/F)\">Offre alternance Adjoint Op\u00e9rationnel (H\/F)<\/a><br \/>\n<a href=\"https:\/\/sefca.u-bourgogne.fr\/images\/stories\/Offre_alternance_gestionnaire_paie.pdf\" title=\"Offre Alternance Gestionnaire Paie\">Offre alternance Gestionnaire paie<\/a><br \/>\n<a href=\"https:\/\/sefca.u-bourgogne.fr\/images\/stories\/Offre_dapprentissage_-_Comptabilit\u00e9_H-F.pdf\" title=\"Offre D\u2019apprentissage \u2013 Comptabilit\u00e9 (H\/F)\">Offre d&rsquo;apprentissage &#8211; comptabilit\u00e9 (H\/F)<\/a><\/p>\n<\/li>\n<li>\n<p>Terre de conseil<br \/>\n<a href=\"https:\/\/www.terredeconseil.fr\/\" target=\"_blank\" rel=\"noopener\" title=\"Nouvelle fen\u00eatre : Site de Terre de Conseil\">https:\/\/www.terredeconseil.fr\/<\/a><\/p>\n<\/li>\n<li>KPMG<\/li>\n<li>SAS ESTELA Intermarch\u00e9 &#8211; Dijon (21)<\/li>\n<\/ul>\n<p><span class=\"chapo\">Les inscriptions sont ouvertes jusqu&rsquo;au 24 f\u00e9vrier inclus.<\/span><\/p>\n<p>\n<\/div><\/div><\/div><\/div><div class=\"kc-elm kc-css-950776 kc_accordion_section group \"><h3 class=\"kc_accordion_header ui-accordion-header\"><span class=\"ui-accordion-header-icon ui-icon\"><\/span><a href=\"#le-9-mars-2023-job-dating-metiers-du-numerique\" data-prevent=\"scroll\"><i class=\"\"><\/i> Le 9 mars 2023 : job-dating M\u00e9tiers du num\u00e9rique<\/a><\/h3><div class=\"kc_accordion_content ui-accordion-content kc_clearfix\"><div class=\"kc-panel-body\"><div class=\"kc-elm kc-css-507638 kc_text_block\"><\/p>\n<p>Si vous pensez vous inscrire en alternance en<\/p>\n<ul>\n<li>BUT Informatique &#8211; Dijon ou Nevers<\/li>\n<li>BUT M\u00e9tiers du Multim\u00e9dia et de l&rsquo;Internet (MMI) &#8211; Dijon<\/li>\n<li>BUT Information &#8211; Communication, COMOR &#8211; Dijon<\/li>\n<li>BUT R\u00e9seaux et t\u00e9l\u00e9communications &#8211; Auxerre<\/li>\n<\/ul>\n<p>vous pouvez vous<a href=\"https:\/\/sefca.u-bourgogne.fr\/actualites-sefca\/2-non-categorise\/473-job-dating-rh-metiers-du-numerique-4.html\" target=\"_blank\" title=\"Nouvelle fen\u00eatre : SEFCA\" rel=\"noopener\"> inscrire pour participer au job-dating Alternance<\/a> et rencontrer<\/p>\n<ul>\n<li>\n<p>Atol CD\u00a0<br \/>\n<a href=\"https:\/\/www.atolcd.com\/\" target=\"_blank\" rel=\"noopener\" title=\"Nouvelle fen\u00eatre : Site d'Atol CD\">https:\/\/www.atolcd.com\/<\/a><\/p>\n<\/li>\n<li>\n<p>SAS BARAPAPABOX<br \/>\n<a href=\"https:\/\/lebarapapa.com\/\" target=\"_blank\" rel=\"noopener\" title=\"Nouvelle fen\u00eatre : Site du Bar \u00e0 Papa\">https:\/\/lebarapapa.com\/<\/a><\/p>\n<\/li>\n<li>\n<p>Direction R\u00e9gionale des Affaires Culturelles BFC<br \/>\n<a href=\"https:\/\/sefca.u-bourgogne.fr\/images\/stories\/2020_FP_Apprenti_SG_SI_VD_002.pdf\" title=\"Offre D\u2019apprentissage\">Offre d&rsquo;apprentissage<\/a><\/p>\n<\/li>\n<li>\n<p>Enedis<br \/>\n<a href=\"https:\/\/www.enedis.fr\/\" target=\"_blank\" rel=\"noopener\" title=\"Nouvelle fen\u00eatre : Site d'ENEDIS\">https:\/\/www.enedis.fr\/<\/a><\/p>\n<\/li>\n<li>\n<p>Exco Socodec<br \/>\n<a href=\"https:\/\/sefca.u-bourgogne.fr\/images\/stories\/Exco_Socodec_inscription_num.pdf\" title=\"Pr\u00e9sentation\">Pr\u00e9sentation<\/a><\/p>\n<\/li>\n<li>\n<p>Orange<br \/>\n<a href=\"https:\/\/www.orange.fr\/portail\" target=\"_blank\" rel=\"noopener\" title=\"Nouvelle fen\u00eatre : Site d'Orange\">https:\/\/www.orange.fr\/portail<\/a><\/p>\n<\/li>\n<li>APRR<\/li>\n<li>NEOS-SDI<\/li>\n<\/ul>\n<p><span class=\"chapo\">Les inscriptions sont ouvertes jusqu&rsquo;au 2 mars inclus.<\/span><\/p>\n<p>\n<\/div><\/div><\/div><\/div><\/div>\n<\/div><\/div><\/div><\/div><\/section>\n","protected":false},"excerpt":{"rendered":"<p>&hellip;<\/p>\n","protected":false},"author":3185,"featured_media":10824,"comment_status":"open","ping_status":"open","sticky":false,"template":"","format":"standard","meta":{"_lmt_disableupdate":"no","_lmt_disable":"no"},"categories":[458],"tags":[],"acf":[],"yoast_head":"<!-- This site is optimized with the Yoast SEO plugin v17.2 - https:\/\/yoast.com\/wordpress\/plugins\/seo\/ -->\n<meta name=\"robots\" content=\"index, follow, max-snippet:-1, max-image-preview:large, max-video-preview:-1\" \/>\n<link rel=\"canonical\" href=\"https:\/\/iutdijon.u-bourgogne.fr\/www\/actualites\/job-datings-metiers-du-numerique-ou-rh-comptabilite-rendez-vous-en-mars.html\" \/>\n<meta property=\"og:locale\" content=\"fr_FR\" \/>\n<meta property=\"og:type\" content=\"article\" \/>\n<meta property=\"og:title\" content=\"Job-datings m\u00e9tiers du num\u00e9rique ou RH &amp; comptabilit\u00e9 : rendez-vous en mars ! &gt; IUT Dijon-Auxerre-Nevers\" \/>\n<meta property=\"og:description\" content=\"Futurs alternants dans les formations suivantes, vous pouvez participer aux job-datings organis\u00e9s par le SEFCA et l&rsquo;IUT. &nbsp; Le 2 mars 2023 : job-dating RH &amp; Comptabilit\u00e9 Si vous pensez vous inscrire&hellip;\" \/>\n<meta property=\"og:url\" content=\"https:\/\/iutdijon.u-bourgogne.fr\/www\/actualites\/job-datings-metiers-du-numerique-ou-rh-comptabilite-rendez-vous-en-mars.html\" \/>\n<meta property=\"og:site_name\" content=\"IUT Dijon-Auxerre-Nevers\" \/>\n<meta property=\"article:published_time\" content=\"2023-02-10T07:09:14+00:00\" \/>\n<meta property=\"article:modified_time\" content=\"2023-02-21T14:16:29+00:00\" \/>\n<meta property=\"og:image\" content=\"https:\/\/iutdijon.u-bourgogne.fr\/www\/wp-content\/uploads\/2023\/02\/IMAG_job-dating_2023.jpg\" \/>\n\t<meta property=\"og:image:width\" content=\"543\" \/>\n\t<meta property=\"og:image:height\" content=\"304\" \/>\n<meta name=\"twitter:card\" content=\"summary_large_image\" \/>\n<meta name=\"twitter:label1\" content=\"\u00c9crit par\" \/>\n\t<meta name=\"twitter:data1\" content=\"Jeanne-Marie BORDELOT\" \/>\n\t<meta name=\"twitter:label2\" content=\"Dur\u00e9e de lecture est.\" \/>\n\t<meta name=\"twitter:data2\" content=\"2 minutes\" \/>\n<script type=\"application\/ld+json\" class=\"yoast-schema-graph\">{\"@context\":\"https:\/\/schema.org\",\"@graph\":[{\"@type\":\"WebSite\",\"@id\":\"https:\/\/iutdijon.u-bourgogne.fr\/www\/#website\",\"url\":\"https:\/\/iutdijon.u-bourgogne.fr\/www\/\",\"name\":\"IUT Dijon-Auxerre-Nevers\",\"description\":\"L&#039;IUT Dijon-Auxerre-Nevers propose des formations post-bac dans les secteurs Informatique, Tertiaire et Industriel. Il d\\u00e9livre des dipl\\u00f4mes \\u00e0 Bac+3 (Bachelors Universitaires de Technologie ou Licences Professionnelles).\",\"potentialAction\":[{\"@type\":\"SearchAction\",\"target\":{\"@type\":\"EntryPoint\",\"urlTemplate\":\"https:\/\/iutdijon.u-bourgogne.fr\/www\/?s={search_term_string}\"},\"query-input\":\"required name=search_term_string\"}],\"inLanguage\":\"fr-FR\"},{\"@type\":\"ImageObject\",\"@id\":\"https:\/\/iutdijon.u-bourgogne.fr\/www\/actualites\/job-datings-metiers-du-numerique-ou-rh-comptabilite-rendez-vous-en-mars.html#primaryimage\",\"inLanguage\":\"fr-FR\",\"url\":\"https:\/\/iutdijon.u-bourgogne.fr\/www\/wp-content\/uploads\/2023\/02\/IMAG_job-dating_2023.jpg\",\"contentUrl\":\"https:\/\/iutdijon.u-bourgogne.fr\/www\/wp-content\/uploads\/2023\/02\/IMAG_job-dating_2023.jpg\",\"width\":543,\"height\":304},{\"@type\":\"WebPage\",\"@id\":\"https:\/\/iutdijon.u-bourgogne.fr\/www\/actualites\/job-datings-metiers-du-numerique-ou-rh-comptabilite-rendez-vous-en-mars.html#webpage\",\"url\":\"https:\/\/iutdijon.u-bourgogne.fr\/www\/actualites\/job-datings-metiers-du-numerique-ou-rh-comptabilite-rendez-vous-en-mars.html\",\"name\":\"Job-datings m\\u00e9tiers du num\\u00e9rique ou RH & comptabilit\\u00e9 : rendez-vous en mars ! &gt; IUT Dijon-Auxerre-Nevers\",\"isPartOf\":{\"@id\":\"https:\/\/iutdijon.u-bourgogne.fr\/www\/#website\"},\"primaryImageOfPage\":{\"@id\":\"https:\/\/iutdijon.u-bourgogne.fr\/www\/actualites\/job-datings-metiers-du-numerique-ou-rh-comptabilite-rendez-vous-en-mars.html#primaryimage\"},\"datePublished\":\"2023-02-10T07:09:14+00:00\",\"dateModified\":\"2023-02-21T14:16:29+00:00\",\"author\":{\"@id\":\"https:\/\/iutdijon.u-bourgogne.fr\/www\/#\/schema\/person\/fc0840e606b0fe8198fbc1fc38f254b7\"},\"breadcrumb\":{\"@id\":\"https:\/\/iutdijon.u-bourgogne.fr\/www\/actualites\/job-datings-metiers-du-numerique-ou-rh-comptabilite-rendez-vous-en-mars.html#breadcrumb\"},\"inLanguage\":\"fr-FR\",\"potentialAction\":[{\"@type\":\"ReadAction\",\"target\":[\"https:\/\/iutdijon.u-bourgogne.fr\/www\/actualites\/job-datings-metiers-du-numerique-ou-rh-comptabilite-rendez-vous-en-mars.html\"]}]},{\"@type\":\"BreadcrumbList\",\"@id\":\"https:\/\/iutdijon.u-bourgogne.fr\/www\/actualites\/job-datings-metiers-du-numerique-ou-rh-comptabilite-rendez-vous-en-mars.html#breadcrumb\",\"itemListElement\":[{\"@type\":\"ListItem\",\"position\":1,\"name\":\"Accueil\",\"item\":\"https:\/\/iutdijon.u-bourgogne.fr\/www\/\"},{\"@type\":\"ListItem\",\"position\":2,\"name\":\"Actualit\\u00e9s\",\"item\":\"https:\/\/iutdijon.u-bourgogne.fr\/www\/category\/actualites\"},{\"@type\":\"ListItem\",\"position\":3,\"name\":\"Job-datings m\\u00e9tiers du num\\u00e9rique ou RH &#038; comptabilit\\u00e9 : rendez-vous en mars !\"}]},{\"@type\":\"Person\",\"@id\":\"https:\/\/iutdijon.u-bourgogne.fr\/www\/#\/schema\/person\/fc0840e606b0fe8198fbc1fc38f254b7\",\"name\":\"Jeanne-Marie BORDELOT\",\"image\":{\"@type\":\"ImageObject\",\"@id\":\"https:\/\/iutdijon.u-bourgogne.fr\/www\/#personlogo\",\"inLanguage\":\"fr-FR\",\"url\":\"https:\/\/secure.gravatar.com\/avatar\/aba6f04b7ddaa95d23b791bf7fe581fc?s=96&d=mm&r=g\",\"contentUrl\":\"https:\/\/secure.gravatar.com\/avatar\/aba6f04b7ddaa95d23b791bf7fe581fc?s=96&d=mm&r=g\",\"caption\":\"Jeanne-Marie BORDELOT\"},\"url\":\"https:\/\/iutdijon.u-bourgogne.fr\/www\/author\/jmbord\"}]}<\/script>\n<!-- \/ Yoast SEO plugin. -->","yoast_head_json":{"robots":{"index":"index","follow":"follow","max-snippet":"max-snippet:-1","max-image-preview":"max-image-preview:large","max-video-preview":"max-video-preview:-1"},"canonical":"https:\/\/iutdijon.u-bourgogne.fr\/www\/actualites\/job-datings-metiers-du-numerique-ou-rh-comptabilite-rendez-vous-en-mars.html","og_locale":"fr_FR","og_type":"article","og_title":"Job-datings m\u00e9tiers du num\u00e9rique ou RH & comptabilit\u00e9 : rendez-vous en mars ! &gt; IUT Dijon-Auxerre-Nevers","og_description":"Futurs alternants dans les formations suivantes, vous pouvez participer aux job-datings organis\u00e9s par le SEFCA et l&rsquo;IUT. &nbsp; Le 2 mars 2023 : job-dating RH &amp; Comptabilit\u00e9 Si vous pensez vous inscrire&hellip;","og_url":"https:\/\/iutdijon.u-bourgogne.fr\/www\/actualites\/job-datings-metiers-du-numerique-ou-rh-comptabilite-rendez-vous-en-mars.html","og_site_name":"IUT Dijon-Auxerre-Nevers","article_published_time":"2023-02-10T07:09:14+00:00","article_modified_time":"2023-02-21T14:16:29+00:00","og_image":[{"width":543,"height":304,"url":"https:\/\/iutdijon.u-bourgogne.fr\/www\/wp-content\/uploads\/2023\/02\/IMAG_job-dating_2023.jpg","path":"\/var\/www\/html\/www\/wp-content\/uploads\/2023\/02\/IMAG_job-dating_2023.jpg","size":"full","id":10824,"alt":"","pixels":165072,"type":"image\/jpeg"}],"twitter_card":"summary_large_image","twitter_misc":{"\u00c9crit par":"Jeanne-Marie BORDELOT","Dur\u00e9e de lecture est.":"2 minutes"},"schema":{"@context":"https:\/\/schema.org","@graph":[{"@type":"WebSite","@id":"https:\/\/iutdijon.u-bourgogne.fr\/www\/#website","url":"https:\/\/iutdijon.u-bourgogne.fr\/www\/","name":"IUT Dijon-Auxerre-Nevers","description":"L&#039;IUT Dijon-Auxerre-Nevers propose des formations post-bac dans les secteurs Informatique, Tertiaire et Industriel. Il d\u00e9livre des dipl\u00f4mes \u00e0 Bac+3 (Bachelors Universitaires de Technologie ou Licences Professionnelles).","potentialAction":[{"@type":"SearchAction","target":{"@type":"EntryPoint","urlTemplate":"https:\/\/iutdijon.u-bourgogne.fr\/www\/?s={search_term_string}"},"query-input":"required name=search_term_string"}],"inLanguage":"fr-FR"},{"@type":"ImageObject","@id":"https:\/\/iutdijon.u-bourgogne.fr\/www\/actualites\/job-datings-metiers-du-numerique-ou-rh-comptabilite-rendez-vous-en-mars.html#primaryimage","inLanguage":"fr-FR","url":"https:\/\/iutdijon.u-bourgogne.fr\/www\/wp-content\/uploads\/2023\/02\/IMAG_job-dating_2023.jpg","contentUrl":"https:\/\/iutdijon.u-bourgogne.fr\/www\/wp-content\/uploads\/2023\/02\/IMAG_job-dating_2023.jpg","width":543,"height":304},{"@type":"WebPage","@id":"https:\/\/iutdijon.u-bourgogne.fr\/www\/actualites\/job-datings-metiers-du-numerique-ou-rh-comptabilite-rendez-vous-en-mars.html#webpage","url":"https:\/\/iutdijon.u-bourgogne.fr\/www\/actualites\/job-datings-metiers-du-numerique-ou-rh-comptabilite-rendez-vous-en-mars.html","name":"Job-datings m\u00e9tiers du num\u00e9rique ou RH & comptabilit\u00e9 : rendez-vous en mars ! &gt; IUT Dijon-Auxerre-Nevers","isPartOf":{"@id":"https:\/\/iutdijon.u-bourgogne.fr\/www\/#website"},"primaryImageOfPage":{"@id":"https:\/\/iutdijon.u-bourgogne.fr\/www\/actualites\/job-datings-metiers-du-numerique-ou-rh-comptabilite-rendez-vous-en-mars.html#primaryimage"},"datePublished":"2023-02-10T07:09:14+00:00","dateModified":"2023-02-21T14:16:29+00:00","author":{"@id":"https:\/\/iutdijon.u-bourgogne.fr\/www\/#\/schema\/person\/fc0840e606b0fe8198fbc1fc38f254b7"},"breadcrumb":{"@id":"https:\/\/iutdijon.u-bourgogne.fr\/www\/actualites\/job-datings-metiers-du-numerique-ou-rh-comptabilite-rendez-vous-en-mars.html#breadcrumb"},"inLanguage":"fr-FR","potentialAction":[{"@type":"ReadAction","target":["https:\/\/iutdijon.u-bourgogne.fr\/www\/actualites\/job-datings-metiers-du-numerique-ou-rh-comptabilite-rendez-vous-en-mars.html"]}]},{"@type":"BreadcrumbList","@id":"https:\/\/iutdijon.u-bourgogne.fr\/www\/actualites\/job-datings-metiers-du-numerique-ou-rh-comptabilite-rendez-vous-en-mars.html#breadcrumb","itemListElement":[{"@type":"ListItem","position":1,"name":"Accueil","item":"https:\/\/iutdijon.u-bourgogne.fr\/www\/"},{"@type":"ListItem","position":2,"name":"Actualit\u00e9s","item":"https:\/\/iutdijon.u-bourgogne.fr\/www\/category\/actualites"},{"@type":"ListItem","position":3,"name":"Job-datings m\u00e9tiers du num\u00e9rique ou RH &#038; comptabilit\u00e9 : rendez-vous en mars !"}]},{"@type":"Person","@id":"https:\/\/iutdijon.u-bourgogne.fr\/www\/#\/schema\/person\/fc0840e606b0fe8198fbc1fc38f254b7","name":"Jeanne-Marie BORDELOT","image":{"@type":"ImageObject","@id":"https:\/\/iutdijon.u-bourgogne.fr\/www\/#personlogo","inLanguage":"fr-FR","url":"https:\/\/secure.gravatar.com\/avatar\/aba6f04b7ddaa95d23b791bf7fe581fc?s=96&d=mm&r=g","contentUrl":"https:\/\/secure.gravatar.com\/avatar\/aba6f04b7ddaa95d23b791bf7fe581fc?s=96&d=mm&r=g","caption":"Jeanne-Marie BORDELOT"},"url":"https:\/\/iutdijon.u-bourgogne.fr\/www\/author\/jmbord"}]}},"modified_by":"Jeanne-Marie BORDELOT","_links":{"self":[{"href":"https:\/\/iutdijon.u-bourgogne.fr\/www\/wp-json\/wp\/v2\/posts\/10822"}],"collection":[{"href":"https:\/\/iutdijon.u-bourgogne.fr\/www\/wp-json\/wp\/v2\/posts"}],"about":[{"href":"https:\/\/iutdijon.u-bourgogne.fr\/www\/wp-json\/wp\/v2\/types\/post"}],"author":[{"embeddable":true,"href":"https:\/\/iutdijon.u-bourgogne.fr\/www\/wp-json\/wp\/v2\/users\/3185"}],"replies":[{"embeddable":true,"href":"https:\/\/iutdijon.u-bourgogne.fr\/www\/wp-json\/wp\/v2\/comments?post=10822"}],"version-history":[{"count":7,"href":"https:\/\/iutdijon.u-bourgogne.fr\/www\/wp-json\/wp\/v2\/posts\/10822\/revisions"}],"predecessor-version":[{"id":10855,"href":"https:\/\/iutdijon.u-bourgogne.fr\/www\/wp-json\/wp\/v2\/posts\/10822\/revisions\/10855"}],"wp:featuredmedia":[{"embeddable":true,"href":"https:\/\/iutdijon.u-bourgogne.fr\/www\/wp-json\/wp\/v2\/media\/10824"}],"wp:attachment":[{"href":"https:\/\/iutdijon.u-bourgogne.fr\/www\/wp-json\/wp\/v2\/media?parent=10822"}],"wp:term":[{"taxonomy":"category","embeddable":true,"href":"https:\/\/iutdijon.u-bourgogne.fr\/www\/wp-json\/wp\/v2\/categories?post=10822"},{"taxonomy":"post_tag","embeddable":true,"href":"https:\/\/iutdijon.u-bourgogne.fr\/www\/wp-json\/wp\/v2\/tags?post=10822"}],"curies":[{"name":"wp","href":"https:\/\/api.w.org\/{rel}","templated":true}]}}