{"id":10543,"date":"2022-11-24T08:30:56","date_gmt":"2022-11-24T07:30:56","guid":{"rendered":"https:\/\/iutdijon.u-bourgogne.fr\/www\/?p=10543"},"modified":"2022-11-23T13:52:52","modified_gmt":"2022-11-23T12:52:52","slug":"2eme-edition-du-duo-day-a-liut-retour-sur-une-journee-dimmersion","status":"publish","type":"post","link":"https:\/\/iutdijon.u-bourgogne.fr\/www\/actualites\/2eme-edition-du-duo-day-a-liut-retour-sur-une-journee-dimmersion.html","title":{"rendered":"2\u00e8me \u00e9dition du Duo day \u00e0 l&rsquo;IUT : retour sur une journ\u00e9e d&rsquo;immersion"},"content":{"rendered":"<p><section class=\"kc-elm kc-css-84401 kc_row\"><div class=\"kc-row-container  kc-container\"><div class=\"kc-wrap-columns\"><div class=\"kc-elm kc-css-192771 kc_col-sm-12 kc_column kc_col-sm-12\"><div class=\"kc-col-container\"><div class=\"kc-elm kc-css-134512 kc_text_block\"><\/p>\n<p><span class=\"chapo\">Le 17 novembre 2022 avait lieu le Duo day. Pour la deuxi\u00e8me ann\u00e9e, l&rsquo;IUT participait en temps qu&rsquo;\u00e9tablissement d&rsquo;accueil et \u00e9tablissement relais pour ses \u00e9tudiants. Petit retour sur une journ\u00e9e riche en \u00e9changes.<\/span><\/p>\n<p>Plusieurs \u00e9tudiants ont pu b\u00e9n\u00e9ficier du dispositif pour d\u00e9couvrir un milieu de travail. Comme Agathe et Nada :<\/p>\n<p>\n<\/div><div class=\"kc-elm kc-css-284564\" style=\"height: 20px; clear: both; width:100%;\"><\/div>\n<div class=\"kc-elm kc-css-693831 kc-testimo kc-testi-layout-2\">\n\n\t<div class=\"content-title\">Journ\u00e9e d:apos:Agathe \u00e0 la librairie :quot:La fleur qui pousse \u00e0 l:apos:int\u00e9rieur:quot:<\/div><div class=\"content-desc\">\"Ce stage s\u2019est d\u00e9roul\u00e9 dans le cadre du dispositif Duo Day le 17 novembre 2022 \u00e0 la librairie ind\u00e9pendante g\u00e9n\u00e9raliste La Fleur qui pousse \u00e0 l\u2019int\u00e9rieur, \u00e0 Dijon. Je suis arriv\u00e9e \u00e0 la librairie \u00e0 10h, celle-ci ouvrait \u00e0 11h. Chlo\u00e9, Hermine et Camille m\u2019ont alors accueillies. Elles m\u2019ont expliqu\u00e9 le rituel du matin\u00a0: la r\u00e9ception des colis dans lesquels se trouvent les ouvrages et qui sont\u00a0: soit des commandes (particuliers, collectivit\u00e9s) soit du r\u00e9assort, c\u2019est-\u00e0-dire le r\u00e9approvisionnement pour constituer le fonds. Ensuite, j\u2019ai pu observer les diff\u00e9rentes parties du fonds, les conseils donn\u00e9s aux clients, l\u2019encaissement. J\u2019ai \u00e9galement assist\u00e9 \u00e0 un \u00e9change entre le personnel et Emmanuelle, repr\u00e9sentante de la maison d\u2019\u00e9dition Flammarion qui choisissaient des ouvrages pour le d\u00e9but d\u2019ann\u00e9e 2023. A midi, Julien est arriv\u00e9.\r\n\r\nJe suis all\u00e9e en pause puis je suis revenue \u00e0 14h30. J\u2019ai aid\u00e9 Camille pour trier les commandes trop anciennes non r\u00e9cup\u00e9r\u00e9es et relancer les clients en question (mail, t\u00e9l\u00e9phone). J\u2019ai \u00e9galement pu assister \u00e0 un rendez-vous entre les membres du personnel et un fournisseur de la Maison d\u2019\u00e9dition Les Ar\u00e8nes afin de choisir les futures acquisitions pour la p\u00e9riode de janvier \u00e0 mars 2023. J\u2019ai aussi assist\u00e9e Chlo\u00e9 \u00e0 am\u00e9nager un rayon pour les premi\u00e8res lectures. Le Duo Day s\u2019est termin\u00e9 dans la bonne humeur vers 18h30. Cette exp\u00e9rience fut enrichissante et m\u2019a donn\u00e9 envie d\u2019approfondir mes comp\u00e9tences dans ce domaine.\"<\/div>\n<\/div>\n<div class=\"kc-elm kc-css-331681\" style=\"height: 20px; clear: both; width:100%;\"><\/div><\/div><\/div><\/div><\/div><\/section><section class=\"kc-elm kc-css-823064 kc_row\"><div class=\"kc-row-container  kc-container\"><div class=\"kc-wrap-columns\"><div class=\"kc-elm kc-css-461461 kc_col-sm-5 kc_column kc_col-sm-5\"><div class=\"kc-col-container\"><div class=\"kc-elm kc-css-458730 kc_shortcode kc_single_image\">\r\n\r\n        <img src=\"https:\/\/iutdijon.u-bourgogne.fr\/www\/wp-content\/uploads\/2022\/11\/IMAG_illustration_duoday-169x300.jpg\" class=\"\" alt=\"\" \/>    <\/div>\r\n<\/div><\/div><div class=\"kc-elm kc-css-194111 kc_col-sm-7 kc_column kc_col-sm-7\"><div class=\"kc-col-container\">\n<div class=\"kc-elm kc-css-839783 kc-testimo kc-testi-layout-2\">\n\n\t<div class=\"content-title\">Journ\u00e9e de Nada au magasin The Body Shop<\/div><div class=\"content-desc\">Tout d'abord \u00e0 mon arriv\u00e9e, j'ai \u00e9t\u00e9 tr\u00e8s bien accueillie par la responsable qui m'a pr\u00e9sent\u00e9 les autres membres, par la suite elle m'a pr\u00e9sent\u00e9 le magasin ainsi que les diff\u00e9rents produits qu'on peux y trouver. En d\u00e9but d'apr\u00e8s-midi j'ai \u00e9t\u00e9 \u00e0 l'accueil \u00e0 conseiller les clients ensuite je suis all\u00e9e au magasin \u00c9ram accompagn\u00e9e d'une vendeuse afin de pr\u00e9senter la marque The Body Shop au niveau du commerce \u00e9quitable ainsi que sa nouvelle gamme de No\u00ebl. J'ai pass\u00e9 une tr\u00e8s bonne journ\u00e9e et je ne regrette pas de m'\u00eatre inscrite.<\/div>\n<\/div>\n<\/div><\/div><\/div><\/div><\/section><section class=\"kc-elm kc-css-343227 kc_row\"><div class=\"kc-row-container  kc-container\"><div class=\"kc-wrap-columns\"><div class=\"kc-elm kc-css-831793 kc_col-sm-12 kc_column kc_col-sm-12\"><div class=\"kc-col-container\"><div class=\"kc-elm kc-css-299877 kc_text_block\"><\/p>\n<p>6 personnels de l&rsquo;IUT ont \u00e9galement accueilli des personnes en situation de handicap pour leur faire d\u00e9couvrir leur m\u00e9tier, les diff\u00e9rentes t\u00e2ches qu&rsquo;elles accomplissent et l&rsquo;organisation de l&rsquo;IUT. La pause m\u00e9ridienne a \u00e9t\u00e9 l&rsquo;occasion de d\u00e9jeuner ensemble afin d&rsquo;\u00e9changer sur leurs exp\u00e9riences.<\/p>\n<p>\n<\/div><div class=\"kc-elm kc-css-963378\">\r\n\t<div class=\"kc-carousel_images kc-elm kc-css-963378\">\r\n\t\r\n\t\t<div class=\"kc-carousel-images owl-carousel-images kc-sync1 \" data-owl-i-options='{\"items\":\"1\",\"tablet\":\"1\",\"mobile\":\"1\",\"speed\":\"500\",\"navigation\":\"yes\",\"pagination\":\"yes\",\"autoheight\":\"\",\"progressbar\":\"\",\"delay\":\"8\",\"autoplay\":\"yes\",\"showthumb\":\"\",\"num_thumb\":\"5\"}'>\r\n\t\r\n\t\t\t\t\t<div class=\"item\">\r\n\t\r\n\t\t\t\t\t\t\t<img src=\"https:\/\/iutdijon.u-bourgogne.fr\/www\/wp-content\/uploads\/2022\/11\/IMG_4628-scaled.jpg\"  alt=\"\"\/>\r\n\t\r\n\t\t\t\t\r\n\t\t\t<\/div>\r\n\t\r\n\t\t\t\t\t<div class=\"item\">\r\n\t\r\n\t\t\t\t\t\t\t<img src=\"https:\/\/iutdijon.u-bourgogne.fr\/www\/wp-content\/uploads\/2022\/11\/IMG_4651-scaled.jpg\"  alt=\"\"\/>\r\n\t\r\n\t\t\t\t\r\n\t\t\t<\/div>\r\n\t\r\n\t\t\t\t\t<div class=\"item\">\r\n\t\r\n\t\t\t\t\t\t\t<img src=\"https:\/\/iutdijon.u-bourgogne.fr\/www\/wp-content\/uploads\/2022\/11\/IMG_4652-scaled.jpg\"  alt=\"\"\/>\r\n\t\r\n\t\t\t\t\r\n\t\t\t<\/div>\r\n\t\r\n\t\t\t\t\t<div class=\"item\">\r\n\t\r\n\t\t\t\t\t\t\t<img src=\"https:\/\/iutdijon.u-bourgogne.fr\/www\/wp-content\/uploads\/2022\/11\/IMG_4664-scaled.jpg\"  alt=\"\"\/>\r\n\t\r\n\t\t\t\t\r\n\t\t\t<\/div>\r\n\t\r\n\t\t\t\t\t<div class=\"item\">\r\n\t\r\n\t\t\t\t\t\t\t<img src=\"https:\/\/iutdijon.u-bourgogne.fr\/www\/wp-content\/uploads\/2022\/11\/IMG_4619-scaled.jpg\"  alt=\"\"\/>\r\n\t\r\n\t\t\t\t\r\n\t\t\t<\/div>\r\n\t\r\n\t\t\t\r\n\t\t<\/div>\r\n\t\r\n\t\t\t<\/div>\r\n<\/div>\r\n<\/div><\/div><\/div><\/div><\/section><\/p>\n","protected":false},"excerpt":{"rendered":"<p>&hellip;<\/p>\n","protected":false},"author":3185,"featured_media":10544,"comment_status":"open","ping_status":"open","sticky":false,"template":"","format":"standard","meta":{"_lmt_disableupdate":"no","_lmt_disable":"no"},"categories":[458],"tags":[],"acf":[],"yoast_head":"<!-- This site is optimized with the Yoast SEO plugin v17.2 - https:\/\/yoast.com\/wordpress\/plugins\/seo\/ -->\n<meta name=\"robots\" content=\"index, follow, max-snippet:-1, max-image-preview:large, max-video-preview:-1\" \/>\n<link rel=\"canonical\" href=\"https:\/\/iutdijon.u-bourgogne.fr\/www\/actualites\/2eme-edition-du-duo-day-a-liut-retour-sur-une-journee-dimmersion.html\" \/>\n<meta property=\"og:locale\" content=\"fr_FR\" \/>\n<meta property=\"og:type\" content=\"article\" \/>\n<meta property=\"og:title\" content=\"2\u00e8me \u00e9dition du Duo day \u00e0 l&#039;IUT : retour sur une journ\u00e9e d&#039;immersion &gt; IUT Dijon-Auxerre-Nevers\" \/>\n<meta property=\"og:description\" content=\"Le 17 novembre 2022 avait lieu le Duo day. Pour la deuxi\u00e8me ann\u00e9e, l&rsquo;IUT participait en temps qu&rsquo;\u00e9tablissement d&rsquo;accueil et \u00e9tablissement relais pour ses \u00e9tudiants. Petit retour sur une journ\u00e9e riche en&hellip;\" \/>\n<meta property=\"og:url\" content=\"https:\/\/iutdijon.u-bourgogne.fr\/www\/actualites\/2eme-edition-du-duo-day-a-liut-retour-sur-une-journee-dimmersion.html\" \/>\n<meta property=\"og:site_name\" content=\"IUT Dijon-Auxerre-Nevers\" \/>\n<meta property=\"article:published_time\" content=\"2022-11-24T07:30:56+00:00\" \/>\n<meta property=\"article:modified_time\" content=\"2022-11-23T12:52:52+00:00\" \/>\n<meta property=\"og:image\" content=\"https:\/\/iutdijon.u-bourgogne.fr\/www\/wp-content\/uploads\/2022\/11\/IMAG_duoday_2022.jpg\" \/>\n\t<meta property=\"og:image:width\" content=\"800\" \/>\n\t<meta property=\"og:image:height\" content=\"532\" \/>\n<meta name=\"twitter:card\" content=\"summary_large_image\" \/>\n<meta name=\"twitter:label1\" content=\"\u00c9crit par\" \/>\n\t<meta name=\"twitter:data1\" content=\"Jeanne-Marie BORDELOT\" \/>\n\t<meta name=\"twitter:label2\" content=\"Dur\u00e9e de lecture est.\" \/>\n\t<meta name=\"twitter:data2\" content=\"2 minutes\" \/>\n<script type=\"application\/ld+json\" class=\"yoast-schema-graph\">{\"@context\":\"https:\/\/schema.org\",\"@graph\":[{\"@type\":\"WebSite\",\"@id\":\"https:\/\/iutdijon.u-bourgogne.fr\/www\/#website\",\"url\":\"https:\/\/iutdijon.u-bourgogne.fr\/www\/\",\"name\":\"IUT Dijon-Auxerre-Nevers\",\"description\":\"L&#039;IUT Dijon-Auxerre-Nevers propose des formations post-bac dans les secteurs Informatique, Tertiaire et Industriel. Il d\\u00e9livre des dipl\\u00f4mes \\u00e0 Bac+3 (Bachelors Universitaires de Technologie ou Licences Professionnelles).\",\"potentialAction\":[{\"@type\":\"SearchAction\",\"target\":{\"@type\":\"EntryPoint\",\"urlTemplate\":\"https:\/\/iutdijon.u-bourgogne.fr\/www\/?s={search_term_string}\"},\"query-input\":\"required name=search_term_string\"}],\"inLanguage\":\"fr-FR\"},{\"@type\":\"ImageObject\",\"@id\":\"https:\/\/iutdijon.u-bourgogne.fr\/www\/actualites\/2eme-edition-du-duo-day-a-liut-retour-sur-une-journee-dimmersion.html#primaryimage\",\"inLanguage\":\"fr-FR\",\"url\":\"https:\/\/iutdijon.u-bourgogne.fr\/www\/wp-content\/uploads\/2022\/11\/IMAG_duoday_2022.jpg\",\"contentUrl\":\"https:\/\/iutdijon.u-bourgogne.fr\/www\/wp-content\/uploads\/2022\/11\/IMAG_duoday_2022.jpg\",\"width\":800,\"height\":532},{\"@type\":\"WebPage\",\"@id\":\"https:\/\/iutdijon.u-bourgogne.fr\/www\/actualites\/2eme-edition-du-duo-day-a-liut-retour-sur-une-journee-dimmersion.html#webpage\",\"url\":\"https:\/\/iutdijon.u-bourgogne.fr\/www\/actualites\/2eme-edition-du-duo-day-a-liut-retour-sur-une-journee-dimmersion.html\",\"name\":\"2\\u00e8me \\u00e9dition du Duo day \\u00e0 l'IUT : retour sur une journ\\u00e9e d'immersion &gt; IUT Dijon-Auxerre-Nevers\",\"isPartOf\":{\"@id\":\"https:\/\/iutdijon.u-bourgogne.fr\/www\/#website\"},\"primaryImageOfPage\":{\"@id\":\"https:\/\/iutdijon.u-bourgogne.fr\/www\/actualites\/2eme-edition-du-duo-day-a-liut-retour-sur-une-journee-dimmersion.html#primaryimage\"},\"datePublished\":\"2022-11-24T07:30:56+00:00\",\"dateModified\":\"2022-11-23T12:52:52+00:00\",\"author\":{\"@id\":\"https:\/\/iutdijon.u-bourgogne.fr\/www\/#\/schema\/person\/fc0840e606b0fe8198fbc1fc38f254b7\"},\"breadcrumb\":{\"@id\":\"https:\/\/iutdijon.u-bourgogne.fr\/www\/actualites\/2eme-edition-du-duo-day-a-liut-retour-sur-une-journee-dimmersion.html#breadcrumb\"},\"inLanguage\":\"fr-FR\",\"potentialAction\":[{\"@type\":\"ReadAction\",\"target\":[\"https:\/\/iutdijon.u-bourgogne.fr\/www\/actualites\/2eme-edition-du-duo-day-a-liut-retour-sur-une-journee-dimmersion.html\"]}]},{\"@type\":\"BreadcrumbList\",\"@id\":\"https:\/\/iutdijon.u-bourgogne.fr\/www\/actualites\/2eme-edition-du-duo-day-a-liut-retour-sur-une-journee-dimmersion.html#breadcrumb\",\"itemListElement\":[{\"@type\":\"ListItem\",\"position\":1,\"name\":\"Accueil\",\"item\":\"https:\/\/iutdijon.u-bourgogne.fr\/www\/\"},{\"@type\":\"ListItem\",\"position\":2,\"name\":\"Actualit\\u00e9s\",\"item\":\"https:\/\/iutdijon.u-bourgogne.fr\/www\/category\/actualites\"},{\"@type\":\"ListItem\",\"position\":3,\"name\":\"2\\u00e8me \\u00e9dition du Duo day \\u00e0 l&rsquo;IUT : retour sur une journ\\u00e9e d&rsquo;immersion\"}]},{\"@type\":\"Person\",\"@id\":\"https:\/\/iutdijon.u-bourgogne.fr\/www\/#\/schema\/person\/fc0840e606b0fe8198fbc1fc38f254b7\",\"name\":\"Jeanne-Marie BORDELOT\",\"image\":{\"@type\":\"ImageObject\",\"@id\":\"https:\/\/iutdijon.u-bourgogne.fr\/www\/#personlogo\",\"inLanguage\":\"fr-FR\",\"url\":\"https:\/\/secure.gravatar.com\/avatar\/aba6f04b7ddaa95d23b791bf7fe581fc?s=96&d=mm&r=g\",\"contentUrl\":\"https:\/\/secure.gravatar.com\/avatar\/aba6f04b7ddaa95d23b791bf7fe581fc?s=96&d=mm&r=g\",\"caption\":\"Jeanne-Marie BORDELOT\"},\"url\":\"https:\/\/iutdijon.u-bourgogne.fr\/www\/author\/jmbord\"}]}<\/script>\n<!-- \/ Yoast SEO plugin. -->","yoast_head_json":{"robots":{"index":"index","follow":"follow","max-snippet":"max-snippet:-1","max-image-preview":"max-image-preview:large","max-video-preview":"max-video-preview:-1"},"canonical":"https:\/\/iutdijon.u-bourgogne.fr\/www\/actualites\/2eme-edition-du-duo-day-a-liut-retour-sur-une-journee-dimmersion.html","og_locale":"fr_FR","og_type":"article","og_title":"2\u00e8me \u00e9dition du Duo day \u00e0 l'IUT : retour sur une journ\u00e9e d'immersion &gt; IUT Dijon-Auxerre-Nevers","og_description":"Le 17 novembre 2022 avait lieu le Duo day. Pour la deuxi\u00e8me ann\u00e9e, l&rsquo;IUT participait en temps qu&rsquo;\u00e9tablissement d&rsquo;accueil et \u00e9tablissement relais pour ses \u00e9tudiants. Petit retour sur une journ\u00e9e riche en&hellip;","og_url":"https:\/\/iutdijon.u-bourgogne.fr\/www\/actualites\/2eme-edition-du-duo-day-a-liut-retour-sur-une-journee-dimmersion.html","og_site_name":"IUT Dijon-Auxerre-Nevers","article_published_time":"2022-11-24T07:30:56+00:00","article_modified_time":"2022-11-23T12:52:52+00:00","og_image":[{"width":800,"height":532,"url":"https:\/\/iutdijon.u-bourgogne.fr\/www\/wp-content\/uploads\/2022\/11\/IMAG_duoday_2022.jpg","path":"\/var\/www\/html\/www\/wp-content\/uploads\/2022\/11\/IMAG_duoday_2022.jpg","size":"full","id":10544,"alt":"","pixels":425600,"type":"image\/jpeg"}],"twitter_card":"summary_large_image","twitter_misc":{"\u00c9crit par":"Jeanne-Marie BORDELOT","Dur\u00e9e de lecture est.":"2 minutes"},"schema":{"@context":"https:\/\/schema.org","@graph":[{"@type":"WebSite","@id":"https:\/\/iutdijon.u-bourgogne.fr\/www\/#website","url":"https:\/\/iutdijon.u-bourgogne.fr\/www\/","name":"IUT Dijon-Auxerre-Nevers","description":"L&#039;IUT Dijon-Auxerre-Nevers propose des formations post-bac dans les secteurs Informatique, Tertiaire et Industriel. Il d\u00e9livre des dipl\u00f4mes \u00e0 Bac+3 (Bachelors Universitaires de Technologie ou Licences Professionnelles).","potentialAction":[{"@type":"SearchAction","target":{"@type":"EntryPoint","urlTemplate":"https:\/\/iutdijon.u-bourgogne.fr\/www\/?s={search_term_string}"},"query-input":"required name=search_term_string"}],"inLanguage":"fr-FR"},{"@type":"ImageObject","@id":"https:\/\/iutdijon.u-bourgogne.fr\/www\/actualites\/2eme-edition-du-duo-day-a-liut-retour-sur-une-journee-dimmersion.html#primaryimage","inLanguage":"fr-FR","url":"https:\/\/iutdijon.u-bourgogne.fr\/www\/wp-content\/uploads\/2022\/11\/IMAG_duoday_2022.jpg","contentUrl":"https:\/\/iutdijon.u-bourgogne.fr\/www\/wp-content\/uploads\/2022\/11\/IMAG_duoday_2022.jpg","width":800,"height":532},{"@type":"WebPage","@id":"https:\/\/iutdijon.u-bourgogne.fr\/www\/actualites\/2eme-edition-du-duo-day-a-liut-retour-sur-une-journee-dimmersion.html#webpage","url":"https:\/\/iutdijon.u-bourgogne.fr\/www\/actualites\/2eme-edition-du-duo-day-a-liut-retour-sur-une-journee-dimmersion.html","name":"2\u00e8me \u00e9dition du Duo day \u00e0 l'IUT : retour sur une journ\u00e9e d'immersion &gt; IUT Dijon-Auxerre-Nevers","isPartOf":{"@id":"https:\/\/iutdijon.u-bourgogne.fr\/www\/#website"},"primaryImageOfPage":{"@id":"https:\/\/iutdijon.u-bourgogne.fr\/www\/actualites\/2eme-edition-du-duo-day-a-liut-retour-sur-une-journee-dimmersion.html#primaryimage"},"datePublished":"2022-11-24T07:30:56+00:00","dateModified":"2022-11-23T12:52:52+00:00","author":{"@id":"https:\/\/iutdijon.u-bourgogne.fr\/www\/#\/schema\/person\/fc0840e606b0fe8198fbc1fc38f254b7"},"breadcrumb":{"@id":"https:\/\/iutdijon.u-bourgogne.fr\/www\/actualites\/2eme-edition-du-duo-day-a-liut-retour-sur-une-journee-dimmersion.html#breadcrumb"},"inLanguage":"fr-FR","potentialAction":[{"@type":"ReadAction","target":["https:\/\/iutdijon.u-bourgogne.fr\/www\/actualites\/2eme-edition-du-duo-day-a-liut-retour-sur-une-journee-dimmersion.html"]}]},{"@type":"BreadcrumbList","@id":"https:\/\/iutdijon.u-bourgogne.fr\/www\/actualites\/2eme-edition-du-duo-day-a-liut-retour-sur-une-journee-dimmersion.html#breadcrumb","itemListElement":[{"@type":"ListItem","position":1,"name":"Accueil","item":"https:\/\/iutdijon.u-bourgogne.fr\/www\/"},{"@type":"ListItem","position":2,"name":"Actualit\u00e9s","item":"https:\/\/iutdijon.u-bourgogne.fr\/www\/category\/actualites"},{"@type":"ListItem","position":3,"name":"2\u00e8me \u00e9dition du Duo day \u00e0 l&rsquo;IUT : retour sur une journ\u00e9e d&rsquo;immersion"}]},{"@type":"Person","@id":"https:\/\/iutdijon.u-bourgogne.fr\/www\/#\/schema\/person\/fc0840e606b0fe8198fbc1fc38f254b7","name":"Jeanne-Marie BORDELOT","image":{"@type":"ImageObject","@id":"https:\/\/iutdijon.u-bourgogne.fr\/www\/#personlogo","inLanguage":"fr-FR","url":"https:\/\/secure.gravatar.com\/avatar\/aba6f04b7ddaa95d23b791bf7fe581fc?s=96&d=mm&r=g","contentUrl":"https:\/\/secure.gravatar.com\/avatar\/aba6f04b7ddaa95d23b791bf7fe581fc?s=96&d=mm&r=g","caption":"Jeanne-Marie BORDELOT"},"url":"https:\/\/iutdijon.u-bourgogne.fr\/www\/author\/jmbord"}]}},"modified_by":"Jeanne-Marie BORDELOT","_links":{"self":[{"href":"https:\/\/iutdijon.u-bourgogne.fr\/www\/wp-json\/wp\/v2\/posts\/10543"}],"collection":[{"href":"https:\/\/iutdijon.u-bourgogne.fr\/www\/wp-json\/wp\/v2\/posts"}],"about":[{"href":"https:\/\/iutdijon.u-bourgogne.fr\/www\/wp-json\/wp\/v2\/types\/post"}],"author":[{"embeddable":true,"href":"https:\/\/iutdijon.u-bourgogne.fr\/www\/wp-json\/wp\/v2\/users\/3185"}],"replies":[{"embeddable":true,"href":"https:\/\/iutdijon.u-bourgogne.fr\/www\/wp-json\/wp\/v2\/comments?post=10543"}],"version-history":[{"count":10,"href":"https:\/\/iutdijon.u-bourgogne.fr\/www\/wp-json\/wp\/v2\/posts\/10543\/revisions"}],"predecessor-version":[{"id":10560,"href":"https:\/\/iutdijon.u-bourgogne.fr\/www\/wp-json\/wp\/v2\/posts\/10543\/revisions\/10560"}],"wp:featuredmedia":[{"embeddable":true,"href":"https:\/\/iutdijon.u-bourgogne.fr\/www\/wp-json\/wp\/v2\/media\/10544"}],"wp:attachment":[{"href":"https:\/\/iutdijon.u-bourgogne.fr\/www\/wp-json\/wp\/v2\/media?parent=10543"}],"wp:term":[{"taxonomy":"category","embeddable":true,"href":"https:\/\/iutdijon.u-bourgogne.fr\/www\/wp-json\/wp\/v2\/categories?post=10543"},{"taxonomy":"post_tag","embeddable":true,"href":"https:\/\/iutdijon.u-bourgogne.fr\/www\/wp-json\/wp\/v2\/tags?post=10543"}],"curies":[{"name":"wp","href":"https:\/\/api.w.org\/{rel}","templated":true}]}}