{"id":10425,"date":"2022-11-14T11:56:38","date_gmt":"2022-11-14T10:56:38","guid":{"rendered":"https:\/\/iutdijon.u-bourgogne.fr\/www\/?p=10425"},"modified":"2022-11-14T11:56:38","modified_gmt":"2022-11-14T10:56:38","slug":"participez-a-la-journee-detudes-la-circulation-des-emotions-et-des-affects-dans-les-reseaux-sociaux-numeriques","status":"publish","type":"post","link":"https:\/\/iutdijon.u-bourgogne.fr\/www\/actualites\/participez-a-la-journee-detudes-la-circulation-des-emotions-et-des-affects-dans-les-reseaux-sociaux-numeriques.html","title":{"rendered":"Participez \u00e0 la journ\u00e9e d&rsquo;\u00e9tudes \u00ab\u00a0La circulation des \u00e9motions et des affects dans les r\u00e9seaux sociaux num\u00e9riques\u00a0\u00bb"},"content":{"rendered":"<section class=\"kc-elm kc-css-766998 kc_row\"><div class=\"kc-row-container  kc-container\"><div class=\"kc-wrap-columns\"><div class=\"kc-elm kc-css-987057 kc_col-sm-12 kc_column kc_col-sm-12\"><div class=\"kc-col-container\"><div class=\"kc-elm kc-css-304018 kc_text_block\"><\/p>\n<p><span class=\"chapo\">Le jeudi 1<sup>er<\/sup> d\u00e9cembre 2022, de 9h \u00e0 17h, le laboratoire CIMEOS, le projet Cocktail et l&rsquo;IUT Dijon-Auxerre proposent une journ\u00e9e d&rsquo;\u00e9tude consacr\u00e9e \u00e0 la circulation des \u00e9motions et des affects dans les r\u00e9seaux sociaux num\u00e9riques.<\/span><\/p>\n<p>Organis\u00e9e et anim\u00e9e par Gilles Brachotte et Pascal Lardellier, cette journ\u00e9e permettra d&rsquo;aborder, au travers de nombreuses conf\u00e9rences, la question des \u00e9motions dans les r\u00e9seaux sociaux num\u00e9riques.<\/p>\n<p>Ouverte \u00e0 tous, elle se tiendra en salle du Conseil, dans le d\u00e9partement MMI de l&rsquo;IUT Dijon-Auxerre.<\/p>\n<p>Consultez le <a class=\"download-link\" title=\"\" href=\"https:\/\/iutdijon.u-bourgogne.fr\/www\/telechargement\/10429\/?tmstv=1777536938\" rel=\"nofollow\">programme complet de la journ\u00e9e d'\u00e9tudes<\/a><\/p>\n<p>\n<\/div><\/div><\/div><\/div><\/div><\/section>\n","protected":false},"excerpt":{"rendered":"<p>&hellip;<\/p>\n","protected":false},"author":3185,"featured_media":10426,"comment_status":"open","ping_status":"open","sticky":false,"template":"","format":"standard","meta":{"_lmt_disableupdate":"no","_lmt_disable":"no"},"categories":[458],"tags":[],"acf":[],"yoast_head":"<!-- This site is optimized with the Yoast SEO plugin v17.2 - https:\/\/yoast.com\/wordpress\/plugins\/seo\/ -->\n<meta name=\"robots\" content=\"index, follow, max-snippet:-1, max-image-preview:large, max-video-preview:-1\" \/>\n<link rel=\"canonical\" href=\"https:\/\/iutdijon.u-bourgogne.fr\/www\/actualites\/participez-a-la-journee-detudes-la-circulation-des-emotions-et-des-affects-dans-les-reseaux-sociaux-numeriques.html\" \/>\n<meta property=\"og:locale\" content=\"fr_FR\" \/>\n<meta property=\"og:type\" content=\"article\" \/>\n<meta property=\"og:title\" content=\"Participez \u00e0 la journ\u00e9e d&#039;\u00e9tudes &quot;La circulation des \u00e9motions et des affects dans les r\u00e9seaux sociaux num\u00e9riques&quot; &gt; IUT Dijon-Auxerre-Nevers\" \/>\n<meta property=\"og:description\" content=\"Le jeudi 1er d\u00e9cembre 2022, de 9h \u00e0 17h, le laboratoire CIMEOS, le projet Cocktail et l&rsquo;IUT Dijon-Auxerre proposent une journ\u00e9e d&rsquo;\u00e9tude consacr\u00e9e \u00e0 la circulation des \u00e9motions et des affects dans&hellip;\" \/>\n<meta property=\"og:url\" content=\"https:\/\/iutdijon.u-bourgogne.fr\/www\/actualites\/participez-a-la-journee-detudes-la-circulation-des-emotions-et-des-affects-dans-les-reseaux-sociaux-numeriques.html\" \/>\n<meta property=\"og:site_name\" content=\"IUT Dijon-Auxerre-Nevers\" \/>\n<meta property=\"article:published_time\" content=\"2022-11-14T10:56:38+00:00\" \/>\n<meta property=\"og:image\" content=\"https:\/\/iutdijon.u-bourgogne.fr\/www\/wp-content\/uploads\/2022\/11\/IMAG_journee_etudes_cimeos_12_2022.jpg\" \/>\n\t<meta property=\"og:image:width\" content=\"800\" \/>\n\t<meta property=\"og:image:height\" content=\"532\" \/>\n<meta name=\"twitter:card\" content=\"summary_large_image\" \/>\n<meta name=\"twitter:label1\" content=\"\u00c9crit par\" \/>\n\t<meta name=\"twitter:data1\" content=\"Jeanne-Marie BORDELOT\" \/>\n<script type=\"application\/ld+json\" class=\"yoast-schema-graph\">{\"@context\":\"https:\/\/schema.org\",\"@graph\":[{\"@type\":\"WebSite\",\"@id\":\"https:\/\/iutdijon.u-bourgogne.fr\/www\/#website\",\"url\":\"https:\/\/iutdijon.u-bourgogne.fr\/www\/\",\"name\":\"IUT Dijon-Auxerre-Nevers\",\"description\":\"L&#039;IUT Dijon-Auxerre-Nevers propose des formations post-bac dans les secteurs Informatique, Tertiaire et Industriel. Il d\\u00e9livre des dipl\\u00f4mes \\u00e0 Bac+3 (Bachelors Universitaires de Technologie ou Licences Professionnelles).\",\"potentialAction\":[{\"@type\":\"SearchAction\",\"target\":{\"@type\":\"EntryPoint\",\"urlTemplate\":\"https:\/\/iutdijon.u-bourgogne.fr\/www\/?s={search_term_string}\"},\"query-input\":\"required name=search_term_string\"}],\"inLanguage\":\"fr-FR\"},{\"@type\":\"ImageObject\",\"@id\":\"https:\/\/iutdijon.u-bourgogne.fr\/www\/actualites\/participez-a-la-journee-detudes-la-circulation-des-emotions-et-des-affects-dans-les-reseaux-sociaux-numeriques.html#primaryimage\",\"inLanguage\":\"fr-FR\",\"url\":\"https:\/\/iutdijon.u-bourgogne.fr\/www\/wp-content\/uploads\/2022\/11\/IMAG_journee_etudes_cimeos_12_2022.jpg\",\"contentUrl\":\"https:\/\/iutdijon.u-bourgogne.fr\/www\/wp-content\/uploads\/2022\/11\/IMAG_journee_etudes_cimeos_12_2022.jpg\",\"width\":800,\"height\":532},{\"@type\":\"WebPage\",\"@id\":\"https:\/\/iutdijon.u-bourgogne.fr\/www\/actualites\/participez-a-la-journee-detudes-la-circulation-des-emotions-et-des-affects-dans-les-reseaux-sociaux-numeriques.html#webpage\",\"url\":\"https:\/\/iutdijon.u-bourgogne.fr\/www\/actualites\/participez-a-la-journee-detudes-la-circulation-des-emotions-et-des-affects-dans-les-reseaux-sociaux-numeriques.html\",\"name\":\"Participez \\u00e0 la journ\\u00e9e d'\\u00e9tudes \\\"La circulation des \\u00e9motions et des affects dans les r\\u00e9seaux sociaux num\\u00e9riques\\\" &gt; IUT Dijon-Auxerre-Nevers\",\"isPartOf\":{\"@id\":\"https:\/\/iutdijon.u-bourgogne.fr\/www\/#website\"},\"primaryImageOfPage\":{\"@id\":\"https:\/\/iutdijon.u-bourgogne.fr\/www\/actualites\/participez-a-la-journee-detudes-la-circulation-des-emotions-et-des-affects-dans-les-reseaux-sociaux-numeriques.html#primaryimage\"},\"datePublished\":\"2022-11-14T10:56:38+00:00\",\"dateModified\":\"2022-11-14T10:56:38+00:00\",\"author\":{\"@id\":\"https:\/\/iutdijon.u-bourgogne.fr\/www\/#\/schema\/person\/fc0840e606b0fe8198fbc1fc38f254b7\"},\"breadcrumb\":{\"@id\":\"https:\/\/iutdijon.u-bourgogne.fr\/www\/actualites\/participez-a-la-journee-detudes-la-circulation-des-emotions-et-des-affects-dans-les-reseaux-sociaux-numeriques.html#breadcrumb\"},\"inLanguage\":\"fr-FR\",\"potentialAction\":[{\"@type\":\"ReadAction\",\"target\":[\"https:\/\/iutdijon.u-bourgogne.fr\/www\/actualites\/participez-a-la-journee-detudes-la-circulation-des-emotions-et-des-affects-dans-les-reseaux-sociaux-numeriques.html\"]}]},{\"@type\":\"BreadcrumbList\",\"@id\":\"https:\/\/iutdijon.u-bourgogne.fr\/www\/actualites\/participez-a-la-journee-detudes-la-circulation-des-emotions-et-des-affects-dans-les-reseaux-sociaux-numeriques.html#breadcrumb\",\"itemListElement\":[{\"@type\":\"ListItem\",\"position\":1,\"name\":\"Accueil\",\"item\":\"https:\/\/iutdijon.u-bourgogne.fr\/www\/\"},{\"@type\":\"ListItem\",\"position\":2,\"name\":\"Actualit\\u00e9s\",\"item\":\"https:\/\/iutdijon.u-bourgogne.fr\/www\/category\/actualites\"},{\"@type\":\"ListItem\",\"position\":3,\"name\":\"Participez \\u00e0 la journ\\u00e9e d&#8217;\\u00e9tudes &#8220;La circulation des \\u00e9motions et des affects dans les r\\u00e9seaux sociaux num\\u00e9riques&#8221;\"}]},{\"@type\":\"Person\",\"@id\":\"https:\/\/iutdijon.u-bourgogne.fr\/www\/#\/schema\/person\/fc0840e606b0fe8198fbc1fc38f254b7\",\"name\":\"Jeanne-Marie BORDELOT\",\"image\":{\"@type\":\"ImageObject\",\"@id\":\"https:\/\/iutdijon.u-bourgogne.fr\/www\/#personlogo\",\"inLanguage\":\"fr-FR\",\"url\":\"https:\/\/secure.gravatar.com\/avatar\/aba6f04b7ddaa95d23b791bf7fe581fc?s=96&d=mm&r=g\",\"contentUrl\":\"https:\/\/secure.gravatar.com\/avatar\/aba6f04b7ddaa95d23b791bf7fe581fc?s=96&d=mm&r=g\",\"caption\":\"Jeanne-Marie BORDELOT\"},\"url\":\"https:\/\/iutdijon.u-bourgogne.fr\/www\/author\/jmbord\"}]}<\/script>\n<!-- \/ Yoast SEO plugin. -->","yoast_head_json":{"robots":{"index":"index","follow":"follow","max-snippet":"max-snippet:-1","max-image-preview":"max-image-preview:large","max-video-preview":"max-video-preview:-1"},"canonical":"https:\/\/iutdijon.u-bourgogne.fr\/www\/actualites\/participez-a-la-journee-detudes-la-circulation-des-emotions-et-des-affects-dans-les-reseaux-sociaux-numeriques.html","og_locale":"fr_FR","og_type":"article","og_title":"Participez \u00e0 la journ\u00e9e d'\u00e9tudes \"La circulation des \u00e9motions et des affects dans les r\u00e9seaux sociaux num\u00e9riques\" &gt; IUT Dijon-Auxerre-Nevers","og_description":"Le jeudi 1er d\u00e9cembre 2022, de 9h \u00e0 17h, le laboratoire CIMEOS, le projet Cocktail et l&rsquo;IUT Dijon-Auxerre proposent une journ\u00e9e d&rsquo;\u00e9tude consacr\u00e9e \u00e0 la circulation des \u00e9motions et des affects dans&hellip;","og_url":"https:\/\/iutdijon.u-bourgogne.fr\/www\/actualites\/participez-a-la-journee-detudes-la-circulation-des-emotions-et-des-affects-dans-les-reseaux-sociaux-numeriques.html","og_site_name":"IUT Dijon-Auxerre-Nevers","article_published_time":"2022-11-14T10:56:38+00:00","og_image":[{"width":800,"height":532,"url":"https:\/\/iutdijon.u-bourgogne.fr\/www\/wp-content\/uploads\/2022\/11\/IMAG_journee_etudes_cimeos_12_2022.jpg","path":"\/var\/www\/html\/www\/wp-content\/uploads\/2022\/11\/IMAG_journee_etudes_cimeos_12_2022.jpg","size":"full","id":10426,"alt":"","pixels":425600,"type":"image\/jpeg"}],"twitter_card":"summary_large_image","twitter_misc":{"\u00c9crit par":"Jeanne-Marie BORDELOT"},"schema":{"@context":"https:\/\/schema.org","@graph":[{"@type":"WebSite","@id":"https:\/\/iutdijon.u-bourgogne.fr\/www\/#website","url":"https:\/\/iutdijon.u-bourgogne.fr\/www\/","name":"IUT Dijon-Auxerre-Nevers","description":"L&#039;IUT Dijon-Auxerre-Nevers propose des formations post-bac dans les secteurs Informatique, Tertiaire et Industriel. Il d\u00e9livre des dipl\u00f4mes \u00e0 Bac+3 (Bachelors Universitaires de Technologie ou Licences Professionnelles).","potentialAction":[{"@type":"SearchAction","target":{"@type":"EntryPoint","urlTemplate":"https:\/\/iutdijon.u-bourgogne.fr\/www\/?s={search_term_string}"},"query-input":"required name=search_term_string"}],"inLanguage":"fr-FR"},{"@type":"ImageObject","@id":"https:\/\/iutdijon.u-bourgogne.fr\/www\/actualites\/participez-a-la-journee-detudes-la-circulation-des-emotions-et-des-affects-dans-les-reseaux-sociaux-numeriques.html#primaryimage","inLanguage":"fr-FR","url":"https:\/\/iutdijon.u-bourgogne.fr\/www\/wp-content\/uploads\/2022\/11\/IMAG_journee_etudes_cimeos_12_2022.jpg","contentUrl":"https:\/\/iutdijon.u-bourgogne.fr\/www\/wp-content\/uploads\/2022\/11\/IMAG_journee_etudes_cimeos_12_2022.jpg","width":800,"height":532},{"@type":"WebPage","@id":"https:\/\/iutdijon.u-bourgogne.fr\/www\/actualites\/participez-a-la-journee-detudes-la-circulation-des-emotions-et-des-affects-dans-les-reseaux-sociaux-numeriques.html#webpage","url":"https:\/\/iutdijon.u-bourgogne.fr\/www\/actualites\/participez-a-la-journee-detudes-la-circulation-des-emotions-et-des-affects-dans-les-reseaux-sociaux-numeriques.html","name":"Participez \u00e0 la journ\u00e9e d'\u00e9tudes \"La circulation des \u00e9motions et des affects dans les r\u00e9seaux sociaux num\u00e9riques\" &gt; IUT Dijon-Auxerre-Nevers","isPartOf":{"@id":"https:\/\/iutdijon.u-bourgogne.fr\/www\/#website"},"primaryImageOfPage":{"@id":"https:\/\/iutdijon.u-bourgogne.fr\/www\/actualites\/participez-a-la-journee-detudes-la-circulation-des-emotions-et-des-affects-dans-les-reseaux-sociaux-numeriques.html#primaryimage"},"datePublished":"2022-11-14T10:56:38+00:00","dateModified":"2022-11-14T10:56:38+00:00","author":{"@id":"https:\/\/iutdijon.u-bourgogne.fr\/www\/#\/schema\/person\/fc0840e606b0fe8198fbc1fc38f254b7"},"breadcrumb":{"@id":"https:\/\/iutdijon.u-bourgogne.fr\/www\/actualites\/participez-a-la-journee-detudes-la-circulation-des-emotions-et-des-affects-dans-les-reseaux-sociaux-numeriques.html#breadcrumb"},"inLanguage":"fr-FR","potentialAction":[{"@type":"ReadAction","target":["https:\/\/iutdijon.u-bourgogne.fr\/www\/actualites\/participez-a-la-journee-detudes-la-circulation-des-emotions-et-des-affects-dans-les-reseaux-sociaux-numeriques.html"]}]},{"@type":"BreadcrumbList","@id":"https:\/\/iutdijon.u-bourgogne.fr\/www\/actualites\/participez-a-la-journee-detudes-la-circulation-des-emotions-et-des-affects-dans-les-reseaux-sociaux-numeriques.html#breadcrumb","itemListElement":[{"@type":"ListItem","position":1,"name":"Accueil","item":"https:\/\/iutdijon.u-bourgogne.fr\/www\/"},{"@type":"ListItem","position":2,"name":"Actualit\u00e9s","item":"https:\/\/iutdijon.u-bourgogne.fr\/www\/category\/actualites"},{"@type":"ListItem","position":3,"name":"Participez \u00e0 la journ\u00e9e d&#8217;\u00e9tudes &#8220;La circulation des \u00e9motions et des affects dans les r\u00e9seaux sociaux num\u00e9riques&#8221;"}]},{"@type":"Person","@id":"https:\/\/iutdijon.u-bourgogne.fr\/www\/#\/schema\/person\/fc0840e606b0fe8198fbc1fc38f254b7","name":"Jeanne-Marie BORDELOT","image":{"@type":"ImageObject","@id":"https:\/\/iutdijon.u-bourgogne.fr\/www\/#personlogo","inLanguage":"fr-FR","url":"https:\/\/secure.gravatar.com\/avatar\/aba6f04b7ddaa95d23b791bf7fe581fc?s=96&d=mm&r=g","contentUrl":"https:\/\/secure.gravatar.com\/avatar\/aba6f04b7ddaa95d23b791bf7fe581fc?s=96&d=mm&r=g","caption":"Jeanne-Marie BORDELOT"},"url":"https:\/\/iutdijon.u-bourgogne.fr\/www\/author\/jmbord"}]}},"modified_by":"Jeanne-Marie BORDELOT","_links":{"self":[{"href":"https:\/\/iutdijon.u-bourgogne.fr\/www\/wp-json\/wp\/v2\/posts\/10425"}],"collection":[{"href":"https:\/\/iutdijon.u-bourgogne.fr\/www\/wp-json\/wp\/v2\/posts"}],"about":[{"href":"https:\/\/iutdijon.u-bourgogne.fr\/www\/wp-json\/wp\/v2\/types\/post"}],"author":[{"embeddable":true,"href":"https:\/\/iutdijon.u-bourgogne.fr\/www\/wp-json\/wp\/v2\/users\/3185"}],"replies":[{"embeddable":true,"href":"https:\/\/iutdijon.u-bourgogne.fr\/www\/wp-json\/wp\/v2\/comments?post=10425"}],"version-history":[{"count":2,"href":"https:\/\/iutdijon.u-bourgogne.fr\/www\/wp-json\/wp\/v2\/posts\/10425\/revisions"}],"predecessor-version":[{"id":10431,"href":"https:\/\/iutdijon.u-bourgogne.fr\/www\/wp-json\/wp\/v2\/posts\/10425\/revisions\/10431"}],"wp:featuredmedia":[{"embeddable":true,"href":"https:\/\/iutdijon.u-bourgogne.fr\/www\/wp-json\/wp\/v2\/media\/10426"}],"wp:attachment":[{"href":"https:\/\/iutdijon.u-bourgogne.fr\/www\/wp-json\/wp\/v2\/media?parent=10425"}],"wp:term":[{"taxonomy":"category","embeddable":true,"href":"https:\/\/iutdijon.u-bourgogne.fr\/www\/wp-json\/wp\/v2\/categories?post=10425"},{"taxonomy":"post_tag","embeddable":true,"href":"https:\/\/iutdijon.u-bourgogne.fr\/www\/wp-json\/wp\/v2\/tags?post=10425"}],"curies":[{"name":"wp","href":"https:\/\/api.w.org\/{rel}","templated":true}]}}