{"id":10388,"date":"2022-11-07T11:00:22","date_gmt":"2022-11-07T10:00:22","guid":{"rendered":"https:\/\/iutdijon.u-bourgogne.fr\/www\/?p=10388"},"modified":"2022-10-31T08:33:05","modified_gmt":"2022-10-31T07:33:05","slug":"ministere-de-la-sante-et-de-la-prevention-mise-en-place-du-numero-de-prevention-3114","status":"publish","type":"post","link":"https:\/\/iutdijon.u-bourgogne.fr\/www\/actualites\/ministere-de-la-sante-et-de-la-prevention-mise-en-place-du-numero-de-prevention-3114.html","title":{"rendered":"Minist\u00e8re de la Sant\u00e9 et de la pr\u00e9vention : Mise en place du num\u00e9ro de pr\u00e9vention 3114"},"content":{"rendered":"<p><span class=\"chapo\">Le Minist\u00e8re de la Sant\u00e9 et de la pr\u00e9vention mets en place un num\u00e9ro national ainsi qu&rsquo;une site internet pour pr\u00e9venir du suicide.<\/span><\/p>\n<p>Le Minist\u00e8re de la Sant\u00e9 et de la pr\u00e9vention d\u00e9ploie un num\u00e9ro national de pr\u00e9vention du suicide afin d\u2019aider les personnes souffrant d\u2019id\u00e9es ou tendances suicidaires via une prise en charge professionnelle assur\u00e9e par des infirmiers et des psychologues sp\u00e9cifiquement form\u00e9s \u00e0 l\u2019\u00e9coute. Ils seront charg\u00e9s d\u2019\u00e9valuer le risque suicidaire, d\u2019orienter selon les besoins des individus et aussi d\u2019intervenir en cas de crise.<\/p>\n<p>Le 31 14 est \u00e9galement fait pour les professionnels qui pourraient \u00eatre inquiets pour un \u00e9tudiant ou encore si ils ont besoin d\u2019un avis sp\u00e9cialis\u00e9. Les m\u00e9decins r\u00e9f\u00e9rents des services de sant\u00e9 universitaires sont inform\u00e9s de la possibilit\u00e9 de relation directe avec l\u2019un des m\u00e9decins-coordinateurs des centres de r\u00e9ponses.<\/p>\n<p>La ligne est assur\u00e9e 24h\/24 et 7j\/7, et vous pouvez \u00e9galement retrouver de nombreuses information sur le site internet <a href=\"https:\/\/3114.fr\/\" target=\"_blank\" title=\"nouvelle fen\u00eatre : 3114.fr\" rel=\"noopener\">3114.fr<\/a>.<\/p>\n<p>&nbsp;<\/p>\n<p><center><img loading=\"lazy\" src=\"https:\/\/iutdijon.u-bourgogne.fr\/www\/wp-content\/uploads\/2022\/10\/Affiche-3114-212x300.jpg\" alt=\"\" width=\"424\" height=\"600\" class=\"alignnone size-medium wp-image-10390\" srcset=\"https:\/\/iutdijon.u-bourgogne.fr\/www\/wp-content\/uploads\/2022\/10\/Affiche-3114-212x300.jpg 212w, https:\/\/iutdijon.u-bourgogne.fr\/www\/wp-content\/uploads\/2022\/10\/Affiche-3114-1414x2000.jpg 1414w, https:\/\/iutdijon.u-bourgogne.fr\/www\/wp-content\/uploads\/2022\/10\/Affiche-3114-768x1086.jpg 768w, https:\/\/iutdijon.u-bourgogne.fr\/www\/wp-content\/uploads\/2022\/10\/Affiche-3114-1086x1536.jpg 1086w, https:\/\/iutdijon.u-bourgogne.fr\/www\/wp-content\/uploads\/2022\/10\/Affiche-3114-1448x2048.jpg 1448w, https:\/\/iutdijon.u-bourgogne.fr\/www\/wp-content\/uploads\/2022\/10\/Affiche-3114.jpg 1810w\" sizes=\"(max-width: 424px) 100vw, 424px\" \/><\/center><\/p>\n","protected":false},"excerpt":{"rendered":"<p>Le Minist\u00e8re de la Sant\u00e9 et de la pr\u00e9vention mets en place un num\u00e9ro national ainsi qu&rsquo;une site internet pour pr\u00e9venir du suicide. Le Minist\u00e8re de la Sant\u00e9 et de la pr\u00e9vention&hellip;<\/p>\n","protected":false},"author":3185,"featured_media":10389,"comment_status":"open","ping_status":"open","sticky":false,"template":"","format":"standard","meta":{"_lmt_disableupdate":"yes","_lmt_disable":"no"},"categories":[458],"tags":[],"acf":[],"yoast_head":"<!-- This site is optimized with the Yoast SEO plugin v17.2 - https:\/\/yoast.com\/wordpress\/plugins\/seo\/ -->\n<meta name=\"robots\" content=\"index, follow, max-snippet:-1, max-image-preview:large, max-video-preview:-1\" \/>\n<link rel=\"canonical\" href=\"https:\/\/iutdijon.u-bourgogne.fr\/www\/actualites\/ministere-de-la-sante-et-de-la-prevention-mise-en-place-du-numero-de-prevention-3114.html\" \/>\n<meta property=\"og:locale\" content=\"fr_FR\" \/>\n<meta property=\"og:type\" content=\"article\" \/>\n<meta property=\"og:title\" content=\"Minist\u00e8re de la Sant\u00e9 et de la pr\u00e9vention : Mise en place du num\u00e9ro de pr\u00e9vention 3114 &gt; IUT Dijon-Auxerre-Nevers\" \/>\n<meta property=\"og:description\" content=\"Le Minist\u00e8re de la Sant\u00e9 et de la pr\u00e9vention mets en place un num\u00e9ro national ainsi qu&rsquo;une site internet pour pr\u00e9venir du suicide. Le Minist\u00e8re de la Sant\u00e9 et de la pr\u00e9vention&hellip;\" \/>\n<meta property=\"og:url\" content=\"https:\/\/iutdijon.u-bourgogne.fr\/www\/actualites\/ministere-de-la-sante-et-de-la-prevention-mise-en-place-du-numero-de-prevention-3114.html\" \/>\n<meta property=\"og:site_name\" content=\"IUT Dijon-Auxerre-Nevers\" \/>\n<meta property=\"article:published_time\" content=\"2022-11-07T10:00:22+00:00\" \/>\n<meta property=\"article:modified_time\" content=\"2022-10-31T07:33:05+00:00\" \/>\n<meta property=\"og:image\" content=\"https:\/\/iutdijon.u-bourgogne.fr\/www\/wp-content\/uploads\/2022\/10\/Logo-Jaune.png\" \/>\n\t<meta property=\"og:image:width\" content=\"2479\" \/>\n\t<meta property=\"og:image:height\" content=\"1380\" \/>\n<meta name=\"twitter:card\" content=\"summary_large_image\" \/>\n<meta name=\"twitter:label1\" content=\"\u00c9crit par\" \/>\n\t<meta name=\"twitter:data1\" content=\"Jeanne-Marie BORDELOT\" \/>\n\t<meta name=\"twitter:label2\" content=\"Dur\u00e9e de lecture est.\" \/>\n\t<meta name=\"twitter:data2\" content=\"1 minute\" \/>\n<script type=\"application\/ld+json\" class=\"yoast-schema-graph\">{\"@context\":\"https:\/\/schema.org\",\"@graph\":[{\"@type\":\"WebSite\",\"@id\":\"https:\/\/iutdijon.u-bourgogne.fr\/www\/#website\",\"url\":\"https:\/\/iutdijon.u-bourgogne.fr\/www\/\",\"name\":\"IUT Dijon-Auxerre-Nevers\",\"description\":\"L&#039;IUT Dijon-Auxerre-Nevers propose des formations post-bac dans les secteurs Informatique, Tertiaire et Industriel. Il d\\u00e9livre des dipl\\u00f4mes \\u00e0 Bac+3 (Bachelors Universitaires de Technologie ou Licences Professionnelles).\",\"potentialAction\":[{\"@type\":\"SearchAction\",\"target\":{\"@type\":\"EntryPoint\",\"urlTemplate\":\"https:\/\/iutdijon.u-bourgogne.fr\/www\/?s={search_term_string}\"},\"query-input\":\"required name=search_term_string\"}],\"inLanguage\":\"fr-FR\"},{\"@type\":\"ImageObject\",\"@id\":\"https:\/\/iutdijon.u-bourgogne.fr\/www\/actualites\/ministere-de-la-sante-et-de-la-prevention-mise-en-place-du-numero-de-prevention-3114.html#primaryimage\",\"inLanguage\":\"fr-FR\",\"url\":\"https:\/\/iutdijon.u-bourgogne.fr\/www\/wp-content\/uploads\/2022\/10\/Logo-Jaune.png\",\"contentUrl\":\"https:\/\/iutdijon.u-bourgogne.fr\/www\/wp-content\/uploads\/2022\/10\/Logo-Jaune.png\",\"width\":2479,\"height\":1380},{\"@type\":\"WebPage\",\"@id\":\"https:\/\/iutdijon.u-bourgogne.fr\/www\/actualites\/ministere-de-la-sante-et-de-la-prevention-mise-en-place-du-numero-de-prevention-3114.html#webpage\",\"url\":\"https:\/\/iutdijon.u-bourgogne.fr\/www\/actualites\/ministere-de-la-sante-et-de-la-prevention-mise-en-place-du-numero-de-prevention-3114.html\",\"name\":\"Minist\\u00e8re de la Sant\\u00e9 et de la pr\\u00e9vention : Mise en place du num\\u00e9ro de pr\\u00e9vention 3114 &gt; IUT Dijon-Auxerre-Nevers\",\"isPartOf\":{\"@id\":\"https:\/\/iutdijon.u-bourgogne.fr\/www\/#website\"},\"primaryImageOfPage\":{\"@id\":\"https:\/\/iutdijon.u-bourgogne.fr\/www\/actualites\/ministere-de-la-sante-et-de-la-prevention-mise-en-place-du-numero-de-prevention-3114.html#primaryimage\"},\"datePublished\":\"2022-11-07T10:00:22+00:00\",\"dateModified\":\"2022-10-31T07:33:05+00:00\",\"author\":{\"@id\":\"https:\/\/iutdijon.u-bourgogne.fr\/www\/#\/schema\/person\/fc0840e606b0fe8198fbc1fc38f254b7\"},\"breadcrumb\":{\"@id\":\"https:\/\/iutdijon.u-bourgogne.fr\/www\/actualites\/ministere-de-la-sante-et-de-la-prevention-mise-en-place-du-numero-de-prevention-3114.html#breadcrumb\"},\"inLanguage\":\"fr-FR\",\"potentialAction\":[{\"@type\":\"ReadAction\",\"target\":[\"https:\/\/iutdijon.u-bourgogne.fr\/www\/actualites\/ministere-de-la-sante-et-de-la-prevention-mise-en-place-du-numero-de-prevention-3114.html\"]}]},{\"@type\":\"BreadcrumbList\",\"@id\":\"https:\/\/iutdijon.u-bourgogne.fr\/www\/actualites\/ministere-de-la-sante-et-de-la-prevention-mise-en-place-du-numero-de-prevention-3114.html#breadcrumb\",\"itemListElement\":[{\"@type\":\"ListItem\",\"position\":1,\"name\":\"Accueil\",\"item\":\"https:\/\/iutdijon.u-bourgogne.fr\/www\/\"},{\"@type\":\"ListItem\",\"position\":2,\"name\":\"Actualit\\u00e9s\",\"item\":\"https:\/\/iutdijon.u-bourgogne.fr\/www\/category\/actualites\"},{\"@type\":\"ListItem\",\"position\":3,\"name\":\"Minist\\u00e8re de la Sant\\u00e9 et de la pr\\u00e9vention : Mise en place du num\\u00e9ro de pr\\u00e9vention 3114\"}]},{\"@type\":\"Person\",\"@id\":\"https:\/\/iutdijon.u-bourgogne.fr\/www\/#\/schema\/person\/fc0840e606b0fe8198fbc1fc38f254b7\",\"name\":\"Jeanne-Marie BORDELOT\",\"image\":{\"@type\":\"ImageObject\",\"@id\":\"https:\/\/iutdijon.u-bourgogne.fr\/www\/#personlogo\",\"inLanguage\":\"fr-FR\",\"url\":\"https:\/\/secure.gravatar.com\/avatar\/aba6f04b7ddaa95d23b791bf7fe581fc?s=96&d=mm&r=g\",\"contentUrl\":\"https:\/\/secure.gravatar.com\/avatar\/aba6f04b7ddaa95d23b791bf7fe581fc?s=96&d=mm&r=g\",\"caption\":\"Jeanne-Marie BORDELOT\"},\"url\":\"https:\/\/iutdijon.u-bourgogne.fr\/www\/author\/jmbord\"}]}<\/script>\n<!-- \/ Yoast SEO plugin. -->","yoast_head_json":{"robots":{"index":"index","follow":"follow","max-snippet":"max-snippet:-1","max-image-preview":"max-image-preview:large","max-video-preview":"max-video-preview:-1"},"canonical":"https:\/\/iutdijon.u-bourgogne.fr\/www\/actualites\/ministere-de-la-sante-et-de-la-prevention-mise-en-place-du-numero-de-prevention-3114.html","og_locale":"fr_FR","og_type":"article","og_title":"Minist\u00e8re de la Sant\u00e9 et de la pr\u00e9vention : Mise en place du num\u00e9ro de pr\u00e9vention 3114 &gt; IUT Dijon-Auxerre-Nevers","og_description":"Le Minist\u00e8re de la Sant\u00e9 et de la pr\u00e9vention mets en place un num\u00e9ro national ainsi qu&rsquo;une site internet pour pr\u00e9venir du suicide. Le Minist\u00e8re de la Sant\u00e9 et de la pr\u00e9vention&hellip;","og_url":"https:\/\/iutdijon.u-bourgogne.fr\/www\/actualites\/ministere-de-la-sante-et-de-la-prevention-mise-en-place-du-numero-de-prevention-3114.html","og_site_name":"IUT Dijon-Auxerre-Nevers","article_published_time":"2022-11-07T10:00:22+00:00","article_modified_time":"2022-10-31T07:33:05+00:00","og_image":[{"width":2479,"height":1380,"url":"https:\/\/iutdijon.u-bourgogne.fr\/www\/wp-content\/uploads\/2022\/10\/Logo-Jaune.png","path":"\/var\/www\/html\/www\/wp-content\/uploads\/2022\/10\/Logo-Jaune.png","size":"full","id":10389,"alt":"","pixels":3421020,"type":"image\/png"}],"twitter_card":"summary_large_image","twitter_misc":{"\u00c9crit par":"Jeanne-Marie BORDELOT","Dur\u00e9e de lecture est.":"1 minute"},"schema":{"@context":"https:\/\/schema.org","@graph":[{"@type":"WebSite","@id":"https:\/\/iutdijon.u-bourgogne.fr\/www\/#website","url":"https:\/\/iutdijon.u-bourgogne.fr\/www\/","name":"IUT Dijon-Auxerre-Nevers","description":"L&#039;IUT Dijon-Auxerre-Nevers propose des formations post-bac dans les secteurs Informatique, Tertiaire et Industriel. Il d\u00e9livre des dipl\u00f4mes \u00e0 Bac+3 (Bachelors Universitaires de Technologie ou Licences Professionnelles).","potentialAction":[{"@type":"SearchAction","target":{"@type":"EntryPoint","urlTemplate":"https:\/\/iutdijon.u-bourgogne.fr\/www\/?s={search_term_string}"},"query-input":"required name=search_term_string"}],"inLanguage":"fr-FR"},{"@type":"ImageObject","@id":"https:\/\/iutdijon.u-bourgogne.fr\/www\/actualites\/ministere-de-la-sante-et-de-la-prevention-mise-en-place-du-numero-de-prevention-3114.html#primaryimage","inLanguage":"fr-FR","url":"https:\/\/iutdijon.u-bourgogne.fr\/www\/wp-content\/uploads\/2022\/10\/Logo-Jaune.png","contentUrl":"https:\/\/iutdijon.u-bourgogne.fr\/www\/wp-content\/uploads\/2022\/10\/Logo-Jaune.png","width":2479,"height":1380},{"@type":"WebPage","@id":"https:\/\/iutdijon.u-bourgogne.fr\/www\/actualites\/ministere-de-la-sante-et-de-la-prevention-mise-en-place-du-numero-de-prevention-3114.html#webpage","url":"https:\/\/iutdijon.u-bourgogne.fr\/www\/actualites\/ministere-de-la-sante-et-de-la-prevention-mise-en-place-du-numero-de-prevention-3114.html","name":"Minist\u00e8re de la Sant\u00e9 et de la pr\u00e9vention : Mise en place du num\u00e9ro de pr\u00e9vention 3114 &gt; IUT Dijon-Auxerre-Nevers","isPartOf":{"@id":"https:\/\/iutdijon.u-bourgogne.fr\/www\/#website"},"primaryImageOfPage":{"@id":"https:\/\/iutdijon.u-bourgogne.fr\/www\/actualites\/ministere-de-la-sante-et-de-la-prevention-mise-en-place-du-numero-de-prevention-3114.html#primaryimage"},"datePublished":"2022-11-07T10:00:22+00:00","dateModified":"2022-10-31T07:33:05+00:00","author":{"@id":"https:\/\/iutdijon.u-bourgogne.fr\/www\/#\/schema\/person\/fc0840e606b0fe8198fbc1fc38f254b7"},"breadcrumb":{"@id":"https:\/\/iutdijon.u-bourgogne.fr\/www\/actualites\/ministere-de-la-sante-et-de-la-prevention-mise-en-place-du-numero-de-prevention-3114.html#breadcrumb"},"inLanguage":"fr-FR","potentialAction":[{"@type":"ReadAction","target":["https:\/\/iutdijon.u-bourgogne.fr\/www\/actualites\/ministere-de-la-sante-et-de-la-prevention-mise-en-place-du-numero-de-prevention-3114.html"]}]},{"@type":"BreadcrumbList","@id":"https:\/\/iutdijon.u-bourgogne.fr\/www\/actualites\/ministere-de-la-sante-et-de-la-prevention-mise-en-place-du-numero-de-prevention-3114.html#breadcrumb","itemListElement":[{"@type":"ListItem","position":1,"name":"Accueil","item":"https:\/\/iutdijon.u-bourgogne.fr\/www\/"},{"@type":"ListItem","position":2,"name":"Actualit\u00e9s","item":"https:\/\/iutdijon.u-bourgogne.fr\/www\/category\/actualites"},{"@type":"ListItem","position":3,"name":"Minist\u00e8re de la Sant\u00e9 et de la pr\u00e9vention : Mise en place du num\u00e9ro de pr\u00e9vention 3114"}]},{"@type":"Person","@id":"https:\/\/iutdijon.u-bourgogne.fr\/www\/#\/schema\/person\/fc0840e606b0fe8198fbc1fc38f254b7","name":"Jeanne-Marie BORDELOT","image":{"@type":"ImageObject","@id":"https:\/\/iutdijon.u-bourgogne.fr\/www\/#personlogo","inLanguage":"fr-FR","url":"https:\/\/secure.gravatar.com\/avatar\/aba6f04b7ddaa95d23b791bf7fe581fc?s=96&d=mm&r=g","contentUrl":"https:\/\/secure.gravatar.com\/avatar\/aba6f04b7ddaa95d23b791bf7fe581fc?s=96&d=mm&r=g","caption":"Jeanne-Marie BORDELOT"},"url":"https:\/\/iutdijon.u-bourgogne.fr\/www\/author\/jmbord"}]}},"modified_by":null,"_links":{"self":[{"href":"https:\/\/iutdijon.u-bourgogne.fr\/www\/wp-json\/wp\/v2\/posts\/10388"}],"collection":[{"href":"https:\/\/iutdijon.u-bourgogne.fr\/www\/wp-json\/wp\/v2\/posts"}],"about":[{"href":"https:\/\/iutdijon.u-bourgogne.fr\/www\/wp-json\/wp\/v2\/types\/post"}],"author":[{"embeddable":true,"href":"https:\/\/iutdijon.u-bourgogne.fr\/www\/wp-json\/wp\/v2\/users\/3185"}],"replies":[{"embeddable":true,"href":"https:\/\/iutdijon.u-bourgogne.fr\/www\/wp-json\/wp\/v2\/comments?post=10388"}],"version-history":[{"count":5,"href":"https:\/\/iutdijon.u-bourgogne.fr\/www\/wp-json\/wp\/v2\/posts\/10388\/revisions"}],"predecessor-version":[{"id":10412,"href":"https:\/\/iutdijon.u-bourgogne.fr\/www\/wp-json\/wp\/v2\/posts\/10388\/revisions\/10412"}],"wp:featuredmedia":[{"embeddable":true,"href":"https:\/\/iutdijon.u-bourgogne.fr\/www\/wp-json\/wp\/v2\/media\/10389"}],"wp:attachment":[{"href":"https:\/\/iutdijon.u-bourgogne.fr\/www\/wp-json\/wp\/v2\/media?parent=10388"}],"wp:term":[{"taxonomy":"category","embeddable":true,"href":"https:\/\/iutdijon.u-bourgogne.fr\/www\/wp-json\/wp\/v2\/categories?post=10388"},{"taxonomy":"post_tag","embeddable":true,"href":"https:\/\/iutdijon.u-bourgogne.fr\/www\/wp-json\/wp\/v2\/tags?post=10388"}],"curies":[{"name":"wp","href":"https:\/\/api.w.org\/{rel}","templated":true}]}}