{"id":10242,"date":"2023-09-07T08:51:50","date_gmt":"2023-09-07T06:51:50","guid":{"rendered":"https:\/\/iutdijon.u-bourgogne.fr\/www\/?p=10242"},"modified":"2023-09-06T08:54:14","modified_gmt":"2023-09-06T06:54:14","slug":"le-13-septembre-le-festival-novosonic-prend-ses-quartiers-aux-plaines-de-lyonne","status":"publish","type":"post","link":"https:\/\/iutdijon.u-bourgogne.fr\/www\/actualites\/le-13-septembre-le-festival-novosonic-prend-ses-quartiers-aux-plaines-de-lyonne.html","title":{"rendered":"Novosonic a 20 ans : \u00e7a va faire du bruit sur les campus !"},"content":{"rendered":"<section class=\"kc-elm kc-css-659256 kc_row\"><div class=\"kc-row-container  kc-container\"><div class=\"kc-wrap-columns\"><div class=\"kc-elm kc-css-784557 kc_col-sm-12 kc_column kc_col-sm-12\"><div class=\"kc-col-container\"><div class=\"kc-elm kc-css-87758 kc_text_block\"><\/p>\n<p><span class=\"chapo\">Profitez de la rentr\u00e9e pour d\u00e9couvrir quatre groupes et artistes from Burgundy !<br \/>\n<\/span><\/p>\n<p>Un concert de rentr\u00e9e pour d\u00e9couvrir des groupes \u00e9mergents de la r\u00e9gion :<\/p>\n<ul>\n<li>Cutting Corners (Punk rock),<\/li>\n<li>LBD (Rap),<\/li>\n<li>Loman (Electro Chill)<\/li>\n<li>Gaettson (Electro)<\/li>\n<\/ul>\n<p>Le 12 septembre \u00e0 Auxerre, le 13 \u00e0 Nevers et le 21 \u00e0 Dijon (Atheneum).<\/p>\n<p>Buvette et restauration rapide sur place. Un festival organis\u00e9 par l&rsquo;atheneum, centre culturel de l&rsquo;universit\u00e9 de Bourgogne.<\/p>\n<p>Gratuit Infos et programme : <a href=\"https:\/\/atheneum.u-bourgogne.fr\/programmation-agenda\/test-novo\/\" target=\"_blank\" title=\"Nouvelle fen\u00eatre : Site de l'atheneum, centre culturel de l'uB\" rel=\"noopener\">atheneum.u-bourgogne.fr<\/a><\/p>\n<p>\n<\/div><\/div><\/div><\/div><\/div><\/section>\n","protected":false},"excerpt":{"rendered":"<p>&hellip;<\/p>\n","protected":false},"author":3185,"featured_media":10243,"comment_status":"open","ping_status":"open","sticky":false,"template":"","format":"standard","meta":{"_lmt_disableupdate":"no","_lmt_disable":"no"},"categories":[458],"tags":[],"acf":[],"yoast_head":"<!-- This site is optimized with the Yoast SEO plugin v17.2 - https:\/\/yoast.com\/wordpress\/plugins\/seo\/ -->\n<meta name=\"robots\" content=\"index, follow, max-snippet:-1, max-image-preview:large, max-video-preview:-1\" \/>\n<link rel=\"canonical\" href=\"https:\/\/iutdijon.u-bourgogne.fr\/www\/actualites\/le-13-septembre-le-festival-novosonic-prend-ses-quartiers-aux-plaines-de-lyonne.html\" \/>\n<meta property=\"og:locale\" content=\"fr_FR\" \/>\n<meta property=\"og:type\" content=\"article\" \/>\n<meta property=\"og:title\" content=\"Novosonic a 20 ans : \u00e7a va faire du bruit sur les campus ! &gt; IUT Dijon-Auxerre-Nevers\" \/>\n<meta property=\"og:description\" content=\"Profitez de la rentr\u00e9e pour d\u00e9couvrir quatre groupes et artistes from Burgundy ! Un concert de rentr\u00e9e pour d\u00e9couvrir des groupes \u00e9mergents de la r\u00e9gion : Cutting Corners (Punk rock), LBD (Rap),&hellip;\" \/>\n<meta property=\"og:url\" content=\"https:\/\/iutdijon.u-bourgogne.fr\/www\/actualites\/le-13-septembre-le-festival-novosonic-prend-ses-quartiers-aux-plaines-de-lyonne.html\" \/>\n<meta property=\"og:site_name\" content=\"IUT Dijon-Auxerre-Nevers\" \/>\n<meta property=\"article:published_time\" content=\"2023-09-07T06:51:50+00:00\" \/>\n<meta property=\"article:modified_time\" content=\"2023-09-06T06:54:14+00:00\" \/>\n<meta property=\"og:image\" content=\"https:\/\/iutdijon.u-bourgogne.fr\/www\/wp-content\/uploads\/2022\/08\/IMAG_festival_novosonic.jpg\" \/>\n\t<meta property=\"og:image:width\" content=\"800\" \/>\n\t<meta property=\"og:image:height\" content=\"532\" \/>\n<meta name=\"twitter:card\" content=\"summary_large_image\" \/>\n<meta name=\"twitter:label1\" content=\"\u00c9crit par\" \/>\n\t<meta name=\"twitter:data1\" content=\"Jeanne-Marie BORDELOT\" \/>\n<script type=\"application\/ld+json\" class=\"yoast-schema-graph\">{\"@context\":\"https:\/\/schema.org\",\"@graph\":[{\"@type\":\"WebSite\",\"@id\":\"https:\/\/iutdijon.u-bourgogne.fr\/www\/#website\",\"url\":\"https:\/\/iutdijon.u-bourgogne.fr\/www\/\",\"name\":\"IUT Dijon-Auxerre-Nevers\",\"description\":\"L&#039;IUT Dijon-Auxerre-Nevers propose des formations post-bac dans les secteurs Informatique, Tertiaire et Industriel. Il d\\u00e9livre des dipl\\u00f4mes \\u00e0 Bac+3 (Bachelors Universitaires de Technologie ou Licences Professionnelles).\",\"potentialAction\":[{\"@type\":\"SearchAction\",\"target\":{\"@type\":\"EntryPoint\",\"urlTemplate\":\"https:\/\/iutdijon.u-bourgogne.fr\/www\/?s={search_term_string}\"},\"query-input\":\"required name=search_term_string\"}],\"inLanguage\":\"fr-FR\"},{\"@type\":\"ImageObject\",\"@id\":\"https:\/\/iutdijon.u-bourgogne.fr\/www\/actualites\/le-13-septembre-le-festival-novosonic-prend-ses-quartiers-aux-plaines-de-lyonne.html#primaryimage\",\"inLanguage\":\"fr-FR\",\"url\":\"https:\/\/iutdijon.u-bourgogne.fr\/www\/wp-content\/uploads\/2022\/08\/IMAG_festival_novosonic.jpg\",\"contentUrl\":\"https:\/\/iutdijon.u-bourgogne.fr\/www\/wp-content\/uploads\/2022\/08\/IMAG_festival_novosonic.jpg\",\"width\":800,\"height\":532},{\"@type\":\"WebPage\",\"@id\":\"https:\/\/iutdijon.u-bourgogne.fr\/www\/actualites\/le-13-septembre-le-festival-novosonic-prend-ses-quartiers-aux-plaines-de-lyonne.html#webpage\",\"url\":\"https:\/\/iutdijon.u-bourgogne.fr\/www\/actualites\/le-13-septembre-le-festival-novosonic-prend-ses-quartiers-aux-plaines-de-lyonne.html\",\"name\":\"Novosonic a 20 ans : \\u00e7a va faire du bruit sur les campus ! &gt; IUT Dijon-Auxerre-Nevers\",\"isPartOf\":{\"@id\":\"https:\/\/iutdijon.u-bourgogne.fr\/www\/#website\"},\"primaryImageOfPage\":{\"@id\":\"https:\/\/iutdijon.u-bourgogne.fr\/www\/actualites\/le-13-septembre-le-festival-novosonic-prend-ses-quartiers-aux-plaines-de-lyonne.html#primaryimage\"},\"datePublished\":\"2023-09-07T06:51:50+00:00\",\"dateModified\":\"2023-09-06T06:54:14+00:00\",\"author\":{\"@id\":\"https:\/\/iutdijon.u-bourgogne.fr\/www\/#\/schema\/person\/fc0840e606b0fe8198fbc1fc38f254b7\"},\"breadcrumb\":{\"@id\":\"https:\/\/iutdijon.u-bourgogne.fr\/www\/actualites\/le-13-septembre-le-festival-novosonic-prend-ses-quartiers-aux-plaines-de-lyonne.html#breadcrumb\"},\"inLanguage\":\"fr-FR\",\"potentialAction\":[{\"@type\":\"ReadAction\",\"target\":[\"https:\/\/iutdijon.u-bourgogne.fr\/www\/actualites\/le-13-septembre-le-festival-novosonic-prend-ses-quartiers-aux-plaines-de-lyonne.html\"]}]},{\"@type\":\"BreadcrumbList\",\"@id\":\"https:\/\/iutdijon.u-bourgogne.fr\/www\/actualites\/le-13-septembre-le-festival-novosonic-prend-ses-quartiers-aux-plaines-de-lyonne.html#breadcrumb\",\"itemListElement\":[{\"@type\":\"ListItem\",\"position\":1,\"name\":\"Accueil\",\"item\":\"https:\/\/iutdijon.u-bourgogne.fr\/www\/\"},{\"@type\":\"ListItem\",\"position\":2,\"name\":\"Actualit\\u00e9s\",\"item\":\"https:\/\/iutdijon.u-bourgogne.fr\/www\/category\/actualites\"},{\"@type\":\"ListItem\",\"position\":3,\"name\":\"Novosonic a 20 ans : \\u00e7a va faire du bruit sur les campus !\"}]},{\"@type\":\"Person\",\"@id\":\"https:\/\/iutdijon.u-bourgogne.fr\/www\/#\/schema\/person\/fc0840e606b0fe8198fbc1fc38f254b7\",\"name\":\"Jeanne-Marie BORDELOT\",\"image\":{\"@type\":\"ImageObject\",\"@id\":\"https:\/\/iutdijon.u-bourgogne.fr\/www\/#personlogo\",\"inLanguage\":\"fr-FR\",\"url\":\"https:\/\/secure.gravatar.com\/avatar\/aba6f04b7ddaa95d23b791bf7fe581fc?s=96&d=mm&r=g\",\"contentUrl\":\"https:\/\/secure.gravatar.com\/avatar\/aba6f04b7ddaa95d23b791bf7fe581fc?s=96&d=mm&r=g\",\"caption\":\"Jeanne-Marie BORDELOT\"},\"url\":\"https:\/\/iutdijon.u-bourgogne.fr\/www\/author\/jmbord\"}]}<\/script>\n<!-- \/ Yoast SEO plugin. -->","yoast_head_json":{"robots":{"index":"index","follow":"follow","max-snippet":"max-snippet:-1","max-image-preview":"max-image-preview:large","max-video-preview":"max-video-preview:-1"},"canonical":"https:\/\/iutdijon.u-bourgogne.fr\/www\/actualites\/le-13-septembre-le-festival-novosonic-prend-ses-quartiers-aux-plaines-de-lyonne.html","og_locale":"fr_FR","og_type":"article","og_title":"Novosonic a 20 ans : \u00e7a va faire du bruit sur les campus ! &gt; IUT Dijon-Auxerre-Nevers","og_description":"Profitez de la rentr\u00e9e pour d\u00e9couvrir quatre groupes et artistes from Burgundy ! Un concert de rentr\u00e9e pour d\u00e9couvrir des groupes \u00e9mergents de la r\u00e9gion : Cutting Corners (Punk rock), LBD (Rap),&hellip;","og_url":"https:\/\/iutdijon.u-bourgogne.fr\/www\/actualites\/le-13-septembre-le-festival-novosonic-prend-ses-quartiers-aux-plaines-de-lyonne.html","og_site_name":"IUT Dijon-Auxerre-Nevers","article_published_time":"2023-09-07T06:51:50+00:00","article_modified_time":"2023-09-06T06:54:14+00:00","og_image":[{"width":800,"height":532,"url":"https:\/\/iutdijon.u-bourgogne.fr\/www\/wp-content\/uploads\/2022\/08\/IMAG_festival_novosonic.jpg","path":"\/var\/www\/html\/www\/wp-content\/uploads\/2022\/08\/IMAG_festival_novosonic.jpg","size":"full","id":10243,"alt":"","pixels":425600,"type":"image\/jpeg"}],"twitter_card":"summary_large_image","twitter_misc":{"\u00c9crit par":"Jeanne-Marie BORDELOT"},"schema":{"@context":"https:\/\/schema.org","@graph":[{"@type":"WebSite","@id":"https:\/\/iutdijon.u-bourgogne.fr\/www\/#website","url":"https:\/\/iutdijon.u-bourgogne.fr\/www\/","name":"IUT Dijon-Auxerre-Nevers","description":"L&#039;IUT Dijon-Auxerre-Nevers propose des formations post-bac dans les secteurs Informatique, Tertiaire et Industriel. Il d\u00e9livre des dipl\u00f4mes \u00e0 Bac+3 (Bachelors Universitaires de Technologie ou Licences Professionnelles).","potentialAction":[{"@type":"SearchAction","target":{"@type":"EntryPoint","urlTemplate":"https:\/\/iutdijon.u-bourgogne.fr\/www\/?s={search_term_string}"},"query-input":"required name=search_term_string"}],"inLanguage":"fr-FR"},{"@type":"ImageObject","@id":"https:\/\/iutdijon.u-bourgogne.fr\/www\/actualites\/le-13-septembre-le-festival-novosonic-prend-ses-quartiers-aux-plaines-de-lyonne.html#primaryimage","inLanguage":"fr-FR","url":"https:\/\/iutdijon.u-bourgogne.fr\/www\/wp-content\/uploads\/2022\/08\/IMAG_festival_novosonic.jpg","contentUrl":"https:\/\/iutdijon.u-bourgogne.fr\/www\/wp-content\/uploads\/2022\/08\/IMAG_festival_novosonic.jpg","width":800,"height":532},{"@type":"WebPage","@id":"https:\/\/iutdijon.u-bourgogne.fr\/www\/actualites\/le-13-septembre-le-festival-novosonic-prend-ses-quartiers-aux-plaines-de-lyonne.html#webpage","url":"https:\/\/iutdijon.u-bourgogne.fr\/www\/actualites\/le-13-septembre-le-festival-novosonic-prend-ses-quartiers-aux-plaines-de-lyonne.html","name":"Novosonic a 20 ans : \u00e7a va faire du bruit sur les campus ! &gt; IUT Dijon-Auxerre-Nevers","isPartOf":{"@id":"https:\/\/iutdijon.u-bourgogne.fr\/www\/#website"},"primaryImageOfPage":{"@id":"https:\/\/iutdijon.u-bourgogne.fr\/www\/actualites\/le-13-septembre-le-festival-novosonic-prend-ses-quartiers-aux-plaines-de-lyonne.html#primaryimage"},"datePublished":"2023-09-07T06:51:50+00:00","dateModified":"2023-09-06T06:54:14+00:00","author":{"@id":"https:\/\/iutdijon.u-bourgogne.fr\/www\/#\/schema\/person\/fc0840e606b0fe8198fbc1fc38f254b7"},"breadcrumb":{"@id":"https:\/\/iutdijon.u-bourgogne.fr\/www\/actualites\/le-13-septembre-le-festival-novosonic-prend-ses-quartiers-aux-plaines-de-lyonne.html#breadcrumb"},"inLanguage":"fr-FR","potentialAction":[{"@type":"ReadAction","target":["https:\/\/iutdijon.u-bourgogne.fr\/www\/actualites\/le-13-septembre-le-festival-novosonic-prend-ses-quartiers-aux-plaines-de-lyonne.html"]}]},{"@type":"BreadcrumbList","@id":"https:\/\/iutdijon.u-bourgogne.fr\/www\/actualites\/le-13-septembre-le-festival-novosonic-prend-ses-quartiers-aux-plaines-de-lyonne.html#breadcrumb","itemListElement":[{"@type":"ListItem","position":1,"name":"Accueil","item":"https:\/\/iutdijon.u-bourgogne.fr\/www\/"},{"@type":"ListItem","position":2,"name":"Actualit\u00e9s","item":"https:\/\/iutdijon.u-bourgogne.fr\/www\/category\/actualites"},{"@type":"ListItem","position":3,"name":"Novosonic a 20 ans : \u00e7a va faire du bruit sur les campus !"}]},{"@type":"Person","@id":"https:\/\/iutdijon.u-bourgogne.fr\/www\/#\/schema\/person\/fc0840e606b0fe8198fbc1fc38f254b7","name":"Jeanne-Marie BORDELOT","image":{"@type":"ImageObject","@id":"https:\/\/iutdijon.u-bourgogne.fr\/www\/#personlogo","inLanguage":"fr-FR","url":"https:\/\/secure.gravatar.com\/avatar\/aba6f04b7ddaa95d23b791bf7fe581fc?s=96&d=mm&r=g","contentUrl":"https:\/\/secure.gravatar.com\/avatar\/aba6f04b7ddaa95d23b791bf7fe581fc?s=96&d=mm&r=g","caption":"Jeanne-Marie BORDELOT"},"url":"https:\/\/iutdijon.u-bourgogne.fr\/www\/author\/jmbord"}]}},"modified_by":"Jeanne-Marie BORDELOT","_links":{"self":[{"href":"https:\/\/iutdijon.u-bourgogne.fr\/www\/wp-json\/wp\/v2\/posts\/10242"}],"collection":[{"href":"https:\/\/iutdijon.u-bourgogne.fr\/www\/wp-json\/wp\/v2\/posts"}],"about":[{"href":"https:\/\/iutdijon.u-bourgogne.fr\/www\/wp-json\/wp\/v2\/types\/post"}],"author":[{"embeddable":true,"href":"https:\/\/iutdijon.u-bourgogne.fr\/www\/wp-json\/wp\/v2\/users\/3185"}],"replies":[{"embeddable":true,"href":"https:\/\/iutdijon.u-bourgogne.fr\/www\/wp-json\/wp\/v2\/comments?post=10242"}],"version-history":[{"count":5,"href":"https:\/\/iutdijon.u-bourgogne.fr\/www\/wp-json\/wp\/v2\/posts\/10242\/revisions"}],"predecessor-version":[{"id":12584,"href":"https:\/\/iutdijon.u-bourgogne.fr\/www\/wp-json\/wp\/v2\/posts\/10242\/revisions\/12584"}],"wp:featuredmedia":[{"embeddable":true,"href":"https:\/\/iutdijon.u-bourgogne.fr\/www\/wp-json\/wp\/v2\/media\/10243"}],"wp:attachment":[{"href":"https:\/\/iutdijon.u-bourgogne.fr\/www\/wp-json\/wp\/v2\/media?parent=10242"}],"wp:term":[{"taxonomy":"category","embeddable":true,"href":"https:\/\/iutdijon.u-bourgogne.fr\/www\/wp-json\/wp\/v2\/categories?post=10242"},{"taxonomy":"post_tag","embeddable":true,"href":"https:\/\/iutdijon.u-bourgogne.fr\/www\/wp-json\/wp\/v2\/tags?post=10242"}],"curies":[{"name":"wp","href":"https:\/\/api.w.org\/{rel}","templated":true}]}}